{"id":10963,"date":"2020-11-17T17:21:29","date_gmt":"2020-11-17T17:21:29","guid":{"rendered":"http:\/\/www.goierrieskola.eus\/?p=10963"},"modified":"2022-02-23T15:40:56","modified_gmt":"2022-02-23T15:40:56","slug":"participacion-en-el-programa-biba-zuek-para-exponer-el-proyecto-de-ayuda-para-el-joven-aziz","status":"publish","type":"post","link":"https:\/\/www.goierrieskola.eus\/es\/participacion-en-el-programa-biba-zuek-para-exponer-el-proyecto-de-ayuda-para-el-joven-aziz\/","title":{"rendered":"Participaci\u00f3n en el programa Biba Zuek para exponer el proyecto de ayuda para el joven Aziz."},"content":{"rendered":"<p>[vc_row][vc_column width=\u00bb2\/3&#8243;][vc_custom_heading text=\u00bbEn ayuda de AZIZ, un joven senegal\u00e9s que vive en KELLE.\u00bb google_fonts=\u00bbfont_family:Raleway%3A100%2C200%2C300%2Cregular%2C500%2C600%2C700%2C800%2C900|font_style:400%20regular%3A400%3Anormal\u00bb][vc_column_text]Las y los alumnos de Goierri Eskola est\u00e1n inmersos en un nuevo proyecto: la realizaci\u00f3n de una bicicleta adaptada para ayudar al joven senegal\u00e9s Aziz. Miriam Zabala ha dado los detalles del proyecto en el programa <a href=\"https:\/\/www.eitb.eus\/eu\/telebista\/programak\/biba-zuek\/\" target=\"_blank\" rel=\"noopener\">Biba Zuek<\/a> de ETB1.<\/p>\n<p>Aziz tiene 17 a\u00f1os y es minusv\u00e1lido. Tiene que recorrer 10 kil\u00f3metros diarios para ir al colegio, pero a causa de la minusval\u00eda sufre muchas dificultades. Actualmente utiliza un triciclo con ruedas para desplazarse al colegio, pero no es adecuado. L@s alumnos de Goierri Eskola dise\u00f1ar\u00e1n y fabricar\u00e1n una bicicleta adaptada a su situaci\u00f3n.<\/p>\n<p>Esta oportunidad de colaboraci\u00f3n nace de la relaci\u00f3n de Goierri Eskola con la ONG <a href=\"https:\/\/www.kellesensa.org\/\" target=\"_blank\" rel=\"noopener\">Kellesensa<\/a>. Desde Goierri Eskola, al igual que cada inicio de curso, se les ha propuesto a l@s alumnos un reto que deber\u00e1n afrontar durante el curso. Participan en el proyecto alumnos de los ciclos de Administraci\u00f3n y Finanzas, Dise\u00f1o de Fabricaci\u00f3n Mec\u00e1nica y Soldadura, que trabajan conjuntamente para dotar a Aziz de una bicicleta adaptada.<\/p>\n<p>Declaraciones de Zabala sobre el proyecto en Biba Zuek:[\/vc_column_text][vc_raw_html]JTNDZGl2JTIwc3R5bGUlM0QlMjIlMjBwb3NpdGlvbiUzQSUyMHJlbGF0aXZlJTNCcGFkZGluZy1ib3R0b20lM0ElMjA1Ni4yNSUyNSUzQnBhZGRpbmctdG9wJTNBJTIwMzVweCUzQmhlaWdodCUzQSUyMDAlM0JvdmVyZmxvdyUzQSUyMGhpZGRlbiUzQiUyMiUzRSUwQSUwQSUzQ2lmcmFtZSUyMHNjcm9sbGluZyUzRCUyMm5vJTIyJTIwc3JjJTNEJTIyaHR0cHMlM0ElMkYlMkZ3d3cuZWl0Yi5ldXMlMkZldSUyRmdldCUyRm11bHRpbWVkaWElMkZzY3JlZW4lMkZpZCUyRjc2Mzg3NDAlMkZ0aXBvJTJGdmlkZW9zJTJGdGVsZWJpc3RhJTJGYmliYS16dWVrJTJGJTIyJTIwZnJhbWVib3JkZXIlM0QlMjIwJTIyJTIwbWFyZ2lud2lkdGglM0QlMjIwJTIyJTIwbWFyZ2luaGVpZ2h0JTNEJTIyMCUyMiUyMHNjcm9sbGluZyUzRCUyMm5vJTIyJTIwc3R5bGUlM0QlMjJwb3NpdGlvbiUzQSUyMGFic29sdXRlJTNCdG9wJTNBMCUzQmxlZnQlM0ElMjAwJTNCd2lkdGglM0ElMjAxMDAlMjUlM0JoZWlnaHQlM0ElMjAxMDAlMjUlM0IlMjIlMjAlM0UlM0MlMkZpZnJhbWUlM0UlM0MlMkZkaXYlM0U=[\/vc_raw_html][\/vc_column][vc_column width=\u00bb1\/3&#8243;][vc_single_image image=\u00bb10965&#8243; img_size=\u00bbmedium\u00bb][vc_single_image image=\u00bb10971&#8243; img_size=\u00bbmedium\u00bb][\/vc_column][\/vc_row]<\/p>\n","protected":false},"excerpt":{"rendered":"<p>[vc_row][vc_column width=\u00bb2\/3&#8243;][vc_custom_heading text=\u00bbEn ayuda de AZIZ, un joven senegal\u00e9s que vive en KELLE.\u00bb google_fonts=\u00bbfont_family:Raleway%3A100%2C200%2C300%2Cregular%2C500%2C600%2C700%2C800%2C900|font_style:400%20regular%3A400%3Anormal\u00bb][vc_column_text]Las y los alumnos de Goierri Eskola est\u00e1n inmersos en un nuevo proyecto: la realizaci\u00f3n de una bicicleta adaptada para ayudar al joven senegal\u00e9s Aziz. Miriam Zabala ha dado los detalles del proyecto en el programa Biba Zuek de ETB1. Aziz tiene 17 a\u00f1os y es minusv\u00e1lido. [&hellip;]<\/p>\n","protected":false},"author":1,"featured_media":13733,"comment_status":"closed","ping_status":"closed","sticky":false,"template":"","format":"aside","meta":{"footnotes":""},"categories":[128,127],"tags":[],"class_list":["post-10963","post","type-post","status-publish","format-aside","has-post-thumbnail","hentry","category-gizartera-es","category-sociedad","post_format-post-format-aside"],"yoast_head":"<!-- This site is optimized with the Yoast SEO plugin v27.4 - https:\/\/yoast.com\/product\/yoast-seo-wordpress\/ -->\n<title>Participaci\u00f3n en el programa Biba Zuek para exponer el proyecto de ayuda para el joven Aziz. - Goierri Eskola<\/title>\n<meta name=\"robots\" content=\"index, follow, max-snippet:-1, max-image-preview:large, max-video-preview:-1\" \/>\n<link rel=\"canonical\" href=\"https:\/\/www.goierrieskola.eus\/es\/participacion-en-el-programa-biba-zuek-para-exponer-el-proyecto-de-ayuda-para-el-joven-aziz\/\" \/>\n<meta property=\"og:locale\" content=\"es_ES\" \/>\n<meta property=\"og:type\" content=\"article\" \/>\n<meta property=\"og:title\" content=\"Participaci\u00f3n en el programa Biba Zuek para exponer el proyecto de ayuda para el joven Aziz. - Goierri Eskola\" \/>\n<meta property=\"og:description\" content=\"[vc_row][vc_column width=\u00bb2\/3&#8243;][vc_custom_heading text=\u00bbEn ayuda de AZIZ, un joven senegal\u00e9s que vive en KELLE.\u00bb google_fonts=\u00bbfont_family:Raleway%3A100%2C200%2C300%2Cregular%2C500%2C600%2C700%2C800%2C900|font_style:400%20regular%3A400%3Anormal\u00bb][vc_column_text]Las y los alumnos de Goierri Eskola est\u00e1n inmersos en un nuevo proyecto: la realizaci\u00f3n de una bicicleta adaptada para ayudar al joven senegal\u00e9s Aziz. Miriam Zabala ha dado los detalles del proyecto en el programa Biba Zuek de ETB1. Aziz tiene 17 a\u00f1os y es minusv\u00e1lido. [&hellip;]\" \/>\n<meta property=\"og:url\" content=\"https:\/\/www.goierrieskola.eus\/es\/participacion-en-el-programa-biba-zuek-para-exponer-el-proyecto-de-ayuda-para-el-joven-aziz\/\" \/>\n<meta property=\"og:site_name\" content=\"Goierri Eskola\" \/>\n<meta property=\"article:publisher\" content=\"https:\/\/www.facebook.com\/goierrieskola\" \/>\n<meta property=\"article:published_time\" content=\"2020-11-17T17:21:29+00:00\" \/>\n<meta property=\"article:modified_time\" content=\"2022-02-23T15:40:56+00:00\" \/>\n<meta property=\"og:image\" content=\"https:\/\/www.goierrieskola.org\/wp-content\/uploads\/2020\/11\/Imagen2.jpg\" \/>\n\t<meta property=\"og:image:width\" content=\"714\" \/>\n\t<meta property=\"og:image:height\" content=\"508\" \/>\n\t<meta property=\"og:image:type\" content=\"image\/jpeg\" \/>\n<meta name=\"author\" content=\"goierrieskolaAdm\" \/>\n<meta name=\"twitter:card\" content=\"summary_large_image\" \/>\n<meta name=\"twitter:creator\" content=\"@Goierrieskola1\" \/>\n<meta name=\"twitter:site\" content=\"@Goierrieskola1\" \/>\n<meta name=\"twitter:label1\" content=\"Escrito por\" \/>\n\t<meta name=\"twitter:data1\" content=\"goierrieskolaAdm\" \/>\n\t<meta name=\"twitter:label2\" content=\"Tiempo de lectura\" \/>\n\t<meta name=\"twitter:data2\" content=\"2 minutos\" \/>\n<script type=\"application\/ld+json\" class=\"yoast-schema-graph\">{\"@context\":\"https:\\\/\\\/schema.org\",\"@graph\":[{\"@type\":\"Article\",\"@id\":\"https:\\\/\\\/www.goierrieskola.eus\\\/es\\\/participacion-en-el-programa-biba-zuek-para-exponer-el-proyecto-de-ayuda-para-el-joven-aziz\\\/#article\",\"isPartOf\":{\"@id\":\"https:\\\/\\\/www.goierrieskola.eus\\\/es\\\/participacion-en-el-programa-biba-zuek-para-exponer-el-proyecto-de-ayuda-para-el-joven-aziz\\\/\"},\"author\":{\"name\":\"goierrieskolaAdm\",\"@id\":\"https:\\\/\\\/www.goierrieskola.eus\\\/#\\\/schema\\\/person\\\/b255e8eb1ca976b38e1ee0d39a5cef90\"},\"headline\":\"Participaci\u00f3n en el programa Biba Zuek para exponer el proyecto de ayuda para el joven Aziz.\",\"datePublished\":\"2020-11-17T17:21:29+00:00\",\"dateModified\":\"2022-02-23T15:40:56+00:00\",\"mainEntityOfPage\":{\"@id\":\"https:\\\/\\\/www.goierrieskola.eus\\\/es\\\/participacion-en-el-programa-biba-zuek-para-exponer-el-proyecto-de-ayuda-para-el-joven-aziz\\\/\"},\"wordCount\":344,\"publisher\":{\"@id\":\"https:\\\/\\\/www.goierrieskola.eus\\\/#organization\"},\"image\":{\"@id\":\"https:\\\/\\\/www.goierrieskola.eus\\\/es\\\/participacion-en-el-programa-biba-zuek-para-exponer-el-proyecto-de-ayuda-para-el-joven-aziz\\\/#primaryimage\"},\"thumbnailUrl\":\"https:\\\/\\\/www.goierrieskola.eus\\\/wp-content\\\/uploads\\\/2020\\\/11\\\/Imagen2.jpg\",\"articleSection\":[\"Gizartera\",\"Sociedad\"],\"inLanguage\":\"es\"},{\"@type\":\"WebPage\",\"@id\":\"https:\\\/\\\/www.goierrieskola.eus\\\/es\\\/participacion-en-el-programa-biba-zuek-para-exponer-el-proyecto-de-ayuda-para-el-joven-aziz\\\/\",\"url\":\"https:\\\/\\\/www.goierrieskola.eus\\\/es\\\/participacion-en-el-programa-biba-zuek-para-exponer-el-proyecto-de-ayuda-para-el-joven-aziz\\\/\",\"name\":\"Participaci\u00f3n en el programa Biba Zuek para exponer el proyecto de ayuda para el joven Aziz. - Goierri Eskola\",\"isPartOf\":{\"@id\":\"https:\\\/\\\/www.goierrieskola.eus\\\/#website\"},\"primaryImageOfPage\":{\"@id\":\"https:\\\/\\\/www.goierrieskola.eus\\\/es\\\/participacion-en-el-programa-biba-zuek-para-exponer-el-proyecto-de-ayuda-para-el-joven-aziz\\\/#primaryimage\"},\"image\":{\"@id\":\"https:\\\/\\\/www.goierrieskola.eus\\\/es\\\/participacion-en-el-programa-biba-zuek-para-exponer-el-proyecto-de-ayuda-para-el-joven-aziz\\\/#primaryimage\"},\"thumbnailUrl\":\"https:\\\/\\\/www.goierrieskola.eus\\\/wp-content\\\/uploads\\\/2020\\\/11\\\/Imagen2.jpg\",\"datePublished\":\"2020-11-17T17:21:29+00:00\",\"dateModified\":\"2022-02-23T15:40:56+00:00\",\"breadcrumb\":{\"@id\":\"https:\\\/\\\/www.goierrieskola.eus\\\/es\\\/participacion-en-el-programa-biba-zuek-para-exponer-el-proyecto-de-ayuda-para-el-joven-aziz\\\/#breadcrumb\"},\"inLanguage\":\"es\",\"potentialAction\":[{\"@type\":\"ReadAction\",\"target\":[\"https:\\\/\\\/www.goierrieskola.eus\\\/es\\\/participacion-en-el-programa-biba-zuek-para-exponer-el-proyecto-de-ayuda-para-el-joven-aziz\\\/\"]}]},{\"@type\":\"ImageObject\",\"inLanguage\":\"es\",\"@id\":\"https:\\\/\\\/www.goierrieskola.eus\\\/es\\\/participacion-en-el-programa-biba-zuek-para-exponer-el-proyecto-de-ayuda-para-el-joven-aziz\\\/#primaryimage\",\"url\":\"https:\\\/\\\/www.goierrieskola.eus\\\/wp-content\\\/uploads\\\/2020\\\/11\\\/Imagen2.jpg\",\"contentUrl\":\"https:\\\/\\\/www.goierrieskola.eus\\\/wp-content\\\/uploads\\\/2020\\\/11\\\/Imagen2.jpg\",\"width\":714,\"height\":508,\"caption\":\"imagen de Aziz y su bicicleta de madera, realizada por la ONG kellesensa para Goierri Eskola\"},{\"@type\":\"BreadcrumbList\",\"@id\":\"https:\\\/\\\/www.goierrieskola.eus\\\/es\\\/participacion-en-el-programa-biba-zuek-para-exponer-el-proyecto-de-ayuda-para-el-joven-aziz\\\/#breadcrumb\",\"itemListElement\":[{\"@type\":\"ListItem\",\"position\":1,\"name\":\"Portada\",\"item\":\"https:\\\/\\\/www.goierrieskola.eus\\\/es\\\/\"},{\"@type\":\"ListItem\",\"position\":2,\"name\":\"Participaci\u00f3n en el programa Biba Zuek para exponer el proyecto de ayuda para el joven Aziz.\"}]},{\"@type\":\"WebSite\",\"@id\":\"https:\\\/\\\/www.goierrieskola.eus\\\/#website\",\"url\":\"https:\\\/\\\/www.goierrieskola.eus\\\/\",\"name\":\"Goierri Eskola\",\"description\":\"La Web de tu Escuela\",\"publisher\":{\"@id\":\"https:\\\/\\\/www.goierrieskola.eus\\\/#organization\"},\"potentialAction\":[{\"@type\":\"SearchAction\",\"target\":{\"@type\":\"EntryPoint\",\"urlTemplate\":\"https:\\\/\\\/www.goierrieskola.eus\\\/?s={search_term_string}\"},\"query-input\":{\"@type\":\"PropertyValueSpecification\",\"valueRequired\":true,\"valueName\":\"search_term_string\"}}],\"inLanguage\":\"es\"},{\"@type\":\"Organization\",\"@id\":\"https:\\\/\\\/www.goierrieskola.eus\\\/#organization\",\"name\":\"Goierri Eskola\",\"url\":\"https:\\\/\\\/www.goierrieskola.eus\\\/\",\"logo\":{\"@type\":\"ImageObject\",\"inLanguage\":\"es\",\"@id\":\"https:\\\/\\\/www.goierrieskola.eus\\\/#\\\/schema\\\/logo\\\/image\\\/\",\"url\":\"https:\\\/\\\/www.goierrieskola.eus\\\/wp-content\\\/uploads\\\/2014\\\/11\\\/Logo_color.jpg\",\"contentUrl\":\"https:\\\/\\\/www.goierrieskola.eus\\\/wp-content\\\/uploads\\\/2014\\\/11\\\/Logo_color.jpg\",\"width\":227,\"height\":88,\"caption\":\"Goierri Eskola\"},\"image\":{\"@id\":\"https:\\\/\\\/www.goierrieskola.eus\\\/#\\\/schema\\\/logo\\\/image\\\/\"},\"sameAs\":[\"https:\\\/\\\/www.facebook.com\\\/goierrieskola\",\"https:\\\/\\\/x.com\\\/Goierrieskola1\"]},{\"@type\":\"Person\",\"@id\":\"https:\\\/\\\/www.goierrieskola.eus\\\/#\\\/schema\\\/person\\\/b255e8eb1ca976b38e1ee0d39a5cef90\",\"name\":\"goierrieskolaAdm\",\"image\":{\"@type\":\"ImageObject\",\"inLanguage\":\"es\",\"@id\":\"https:\\\/\\\/secure.gravatar.com\\\/avatar\\\/e9fdf651f3112063fea88c97f94fa8ada68ce1854abd481c230f2310134a029e?s=96&d=mm&r=g\",\"url\":\"https:\\\/\\\/secure.gravatar.com\\\/avatar\\\/e9fdf651f3112063fea88c97f94fa8ada68ce1854abd481c230f2310134a029e?s=96&d=mm&r=g\",\"contentUrl\":\"https:\\\/\\\/secure.gravatar.com\\\/avatar\\\/e9fdf651f3112063fea88c97f94fa8ada68ce1854abd481c230f2310134a029e?s=96&d=mm&r=g\",\"caption\":\"goierrieskolaAdm\"},\"url\":\"https:\\\/\\\/www.goierrieskola.eus\\\/es\\\/author\\\/goierrieskolaadm\\\/\"}]}<\/script>\n<!-- \/ Yoast SEO plugin. -->","yoast_head_json":{"title":"Participaci\u00f3n en el programa Biba Zuek para exponer el proyecto de ayuda para el joven Aziz. - Goierri Eskola","robots":{"index":"index","follow":"follow","max-snippet":"max-snippet:-1","max-image-preview":"max-image-preview:large","max-video-preview":"max-video-preview:-1"},"canonical":"https:\/\/www.goierrieskola.eus\/es\/participacion-en-el-programa-biba-zuek-para-exponer-el-proyecto-de-ayuda-para-el-joven-aziz\/","og_locale":"es_ES","og_type":"article","og_title":"Participaci\u00f3n en el programa Biba Zuek para exponer el proyecto de ayuda para el joven Aziz. - Goierri Eskola","og_description":"[vc_row][vc_column width=\u00bb2\/3&#8243;][vc_custom_heading text=\u00bbEn ayuda de AZIZ, un joven senegal\u00e9s que vive en KELLE.\u00bb google_fonts=\u00bbfont_family:Raleway%3A100%2C200%2C300%2Cregular%2C500%2C600%2C700%2C800%2C900|font_style:400%20regular%3A400%3Anormal\u00bb][vc_column_text]Las y los alumnos de Goierri Eskola est\u00e1n inmersos en un nuevo proyecto: la realizaci\u00f3n de una bicicleta adaptada para ayudar al joven senegal\u00e9s Aziz. Miriam Zabala ha dado los detalles del proyecto en el programa Biba Zuek de ETB1. Aziz tiene 17 a\u00f1os y es minusv\u00e1lido. [&hellip;]","og_url":"https:\/\/www.goierrieskola.eus\/es\/participacion-en-el-programa-biba-zuek-para-exponer-el-proyecto-de-ayuda-para-el-joven-aziz\/","og_site_name":"Goierri Eskola","article_publisher":"https:\/\/www.facebook.com\/goierrieskola","article_published_time":"2020-11-17T17:21:29+00:00","article_modified_time":"2022-02-23T15:40:56+00:00","og_image":[{"width":714,"height":508,"url":"https:\/\/www.goierrieskola.org\/wp-content\/uploads\/2020\/11\/Imagen2.jpg","type":"image\/jpeg"}],"author":"goierrieskolaAdm","twitter_card":"summary_large_image","twitter_creator":"@Goierrieskola1","twitter_site":"@Goierrieskola1","twitter_misc":{"Escrito por":"goierrieskolaAdm","Tiempo de lectura":"2 minutos"},"schema":{"@context":"https:\/\/schema.org","@graph":[{"@type":"Article","@id":"https:\/\/www.goierrieskola.eus\/es\/participacion-en-el-programa-biba-zuek-para-exponer-el-proyecto-de-ayuda-para-el-joven-aziz\/#article","isPartOf":{"@id":"https:\/\/www.goierrieskola.eus\/es\/participacion-en-el-programa-biba-zuek-para-exponer-el-proyecto-de-ayuda-para-el-joven-aziz\/"},"author":{"name":"goierrieskolaAdm","@id":"https:\/\/www.goierrieskola.eus\/#\/schema\/person\/b255e8eb1ca976b38e1ee0d39a5cef90"},"headline":"Participaci\u00f3n en el programa Biba Zuek para exponer el proyecto de ayuda para el joven Aziz.","datePublished":"2020-11-17T17:21:29+00:00","dateModified":"2022-02-23T15:40:56+00:00","mainEntityOfPage":{"@id":"https:\/\/www.goierrieskola.eus\/es\/participacion-en-el-programa-biba-zuek-para-exponer-el-proyecto-de-ayuda-para-el-joven-aziz\/"},"wordCount":344,"publisher":{"@id":"https:\/\/www.goierrieskola.eus\/#organization"},"image":{"@id":"https:\/\/www.goierrieskola.eus\/es\/participacion-en-el-programa-biba-zuek-para-exponer-el-proyecto-de-ayuda-para-el-joven-aziz\/#primaryimage"},"thumbnailUrl":"https:\/\/www.goierrieskola.eus\/wp-content\/uploads\/2020\/11\/Imagen2.jpg","articleSection":["Gizartera","Sociedad"],"inLanguage":"es"},{"@type":"WebPage","@id":"https:\/\/www.goierrieskola.eus\/es\/participacion-en-el-programa-biba-zuek-para-exponer-el-proyecto-de-ayuda-para-el-joven-aziz\/","url":"https:\/\/www.goierrieskola.eus\/es\/participacion-en-el-programa-biba-zuek-para-exponer-el-proyecto-de-ayuda-para-el-joven-aziz\/","name":"Participaci\u00f3n en el programa Biba Zuek para exponer el proyecto de ayuda para el joven Aziz. - Goierri Eskola","isPartOf":{"@id":"https:\/\/www.goierrieskola.eus\/#website"},"primaryImageOfPage":{"@id":"https:\/\/www.goierrieskola.eus\/es\/participacion-en-el-programa-biba-zuek-para-exponer-el-proyecto-de-ayuda-para-el-joven-aziz\/#primaryimage"},"image":{"@id":"https:\/\/www.goierrieskola.eus\/es\/participacion-en-el-programa-biba-zuek-para-exponer-el-proyecto-de-ayuda-para-el-joven-aziz\/#primaryimage"},"thumbnailUrl":"https:\/\/www.goierrieskola.eus\/wp-content\/uploads\/2020\/11\/Imagen2.jpg","datePublished":"2020-11-17T17:21:29+00:00","dateModified":"2022-02-23T15:40:56+00:00","breadcrumb":{"@id":"https:\/\/www.goierrieskola.eus\/es\/participacion-en-el-programa-biba-zuek-para-exponer-el-proyecto-de-ayuda-para-el-joven-aziz\/#breadcrumb"},"inLanguage":"es","potentialAction":[{"@type":"ReadAction","target":["https:\/\/www.goierrieskola.eus\/es\/participacion-en-el-programa-biba-zuek-para-exponer-el-proyecto-de-ayuda-para-el-joven-aziz\/"]}]},{"@type":"ImageObject","inLanguage":"es","@id":"https:\/\/www.goierrieskola.eus\/es\/participacion-en-el-programa-biba-zuek-para-exponer-el-proyecto-de-ayuda-para-el-joven-aziz\/#primaryimage","url":"https:\/\/www.goierrieskola.eus\/wp-content\/uploads\/2020\/11\/Imagen2.jpg","contentUrl":"https:\/\/www.goierrieskola.eus\/wp-content\/uploads\/2020\/11\/Imagen2.jpg","width":714,"height":508,"caption":"imagen de Aziz y su bicicleta de madera, realizada por la ONG kellesensa para Goierri Eskola"},{"@type":"BreadcrumbList","@id":"https:\/\/www.goierrieskola.eus\/es\/participacion-en-el-programa-biba-zuek-para-exponer-el-proyecto-de-ayuda-para-el-joven-aziz\/#breadcrumb","itemListElement":[{"@type":"ListItem","position":1,"name":"Portada","item":"https:\/\/www.goierrieskola.eus\/es\/"},{"@type":"ListItem","position":2,"name":"Participaci\u00f3n en el programa Biba Zuek para exponer el proyecto de ayuda para el joven Aziz."}]},{"@type":"WebSite","@id":"https:\/\/www.goierrieskola.eus\/#website","url":"https:\/\/www.goierrieskola.eus\/","name":"Goierri Eskola","description":"La Web de tu Escuela","publisher":{"@id":"https:\/\/www.goierrieskola.eus\/#organization"},"potentialAction":[{"@type":"SearchAction","target":{"@type":"EntryPoint","urlTemplate":"https:\/\/www.goierrieskola.eus\/?s={search_term_string}"},"query-input":{"@type":"PropertyValueSpecification","valueRequired":true,"valueName":"search_term_string"}}],"inLanguage":"es"},{"@type":"Organization","@id":"https:\/\/www.goierrieskola.eus\/#organization","name":"Goierri Eskola","url":"https:\/\/www.goierrieskola.eus\/","logo":{"@type":"ImageObject","inLanguage":"es","@id":"https:\/\/www.goierrieskola.eus\/#\/schema\/logo\/image\/","url":"https:\/\/www.goierrieskola.eus\/wp-content\/uploads\/2014\/11\/Logo_color.jpg","contentUrl":"https:\/\/www.goierrieskola.eus\/wp-content\/uploads\/2014\/11\/Logo_color.jpg","width":227,"height":88,"caption":"Goierri Eskola"},"image":{"@id":"https:\/\/www.goierrieskola.eus\/#\/schema\/logo\/image\/"},"sameAs":["https:\/\/www.facebook.com\/goierrieskola","https:\/\/x.com\/Goierrieskola1"]},{"@type":"Person","@id":"https:\/\/www.goierrieskola.eus\/#\/schema\/person\/b255e8eb1ca976b38e1ee0d39a5cef90","name":"goierrieskolaAdm","image":{"@type":"ImageObject","inLanguage":"es","@id":"https:\/\/secure.gravatar.com\/avatar\/e9fdf651f3112063fea88c97f94fa8ada68ce1854abd481c230f2310134a029e?s=96&d=mm&r=g","url":"https:\/\/secure.gravatar.com\/avatar\/e9fdf651f3112063fea88c97f94fa8ada68ce1854abd481c230f2310134a029e?s=96&d=mm&r=g","contentUrl":"https:\/\/secure.gravatar.com\/avatar\/e9fdf651f3112063fea88c97f94fa8ada68ce1854abd481c230f2310134a029e?s=96&d=mm&r=g","caption":"goierrieskolaAdm"},"url":"https:\/\/www.goierrieskola.eus\/es\/author\/goierrieskolaadm\/"}]}},"_links":{"self":[{"href":"https:\/\/www.goierrieskola.eus\/es\/wp-json\/wp\/v2\/posts\/10963","targetHints":{"allow":["GET"]}}],"collection":[{"href":"https:\/\/www.goierrieskola.eus\/es\/wp-json\/wp\/v2\/posts"}],"about":[{"href":"https:\/\/www.goierrieskola.eus\/es\/wp-json\/wp\/v2\/types\/post"}],"author":[{"embeddable":true,"href":"https:\/\/www.goierrieskola.eus\/es\/wp-json\/wp\/v2\/users\/1"}],"replies":[{"embeddable":true,"href":"https:\/\/www.goierrieskola.eus\/es\/wp-json\/wp\/v2\/comments?post=10963"}],"version-history":[{"count":10,"href":"https:\/\/www.goierrieskola.eus\/es\/wp-json\/wp\/v2\/posts\/10963\/revisions"}],"predecessor-version":[{"id":10983,"href":"https:\/\/www.goierrieskola.eus\/es\/wp-json\/wp\/v2\/posts\/10963\/revisions\/10983"}],"wp:featuredmedia":[{"embeddable":true,"href":"https:\/\/www.goierrieskola.eus\/es\/wp-json\/wp\/v2\/media\/13733"}],"wp:attachment":[{"href":"https:\/\/www.goierrieskola.eus\/es\/wp-json\/wp\/v2\/media?parent=10963"}],"wp:term":[{"taxonomy":"category","embeddable":true,"href":"https:\/\/www.goierrieskola.eus\/es\/wp-json\/wp\/v2\/categories?post=10963"},{"taxonomy":"post_tag","embeddable":true,"href":"https:\/\/www.goierrieskola.eus\/es\/wp-json\/wp\/v2\/tags?post=10963"}],"curies":[{"name":"wp","href":"https:\/\/api.w.org\/{rel}","templated":true}]}}