{"id":1466,"date":"2012-04-24T13:30:23","date_gmt":"2012-04-24T13:30:23","guid":{"rendered":"http:\/\/www.goierrieskola.org\/?p=1466"},"modified":"2022-02-22T14:34:29","modified_gmt":"2022-02-22T14:34:29","slug":"semana-de-la-seguridad-y-el-medioambiente","status":"publish","type":"post","link":"https:\/\/www.goierrieskola.eus\/es\/semana-de-la-seguridad-y-el-medioambiente\/","title":{"rendered":"SEMANA DE LA SEGURIDAD Y EL MEDIOAMBIENTE"},"content":{"rendered":"<p>[vc_row][vc_column][vc_column_text]<!--:es-->DEL 6 AL 10 DE FEBRERO GOIERRI ESKOLA CELEBRAR\u00c1 LA <strong>1\u00aa SEMANA DE LA SEGURIDAD Y LA GESTI\u00d3N AMBIENTAL<\/strong><\/p>\n<p>La semana incluye conferencias, mesas redondas, cursos, jornada de donaci\u00f3n de sangre y un concurso destinado al alumnado de la Escuela. En la misma tomar\u00e1n parte un nutrido conjunto de organizaciones:<strong>EVE<\/strong>,<strong>Gipuzkoako ODOL EMAILEAK<\/strong>,<strong>CEIDA<\/strong>,<strong>ALCER<\/strong><strong>GIPUZKOA<\/strong>,<strong>ORKLI S. Coop.<\/strong>,<strong>FREMAP<\/strong>,<strong>SUESKOLA<\/strong>,<strong>AESLEME<\/strong>,<strong>IKASLAN<\/strong>. Entre todos ellos tratar\u00e1n un amplio abanico de temas: Donaci\u00f3n de sangre y de \u00f3rganos, conducci\u00f3n econ\u00f3mica y segura, movilidad sostenible, Autoprotecci\u00f3n y Riesgos laborales.<\/p>\n<p>OTSAILAREN 6TIK 10ERA GOIERRI ESKOLAK <strong>SEGURITATE ETA INGURUMENAREN 1. ASTEA<\/strong> OSPATUKO DU.<\/p>\n<p>Asteak hitzaldiak, mahai-inguruak, kurtsoak, odol emate &#8211; saioa eta ikasleei zuzendutako lehiaketa bat ere izango ditu. Bertan erakunde desberdinek\u00a0 hartuko dute parte:<br \/>\n<strong>EVE<\/strong>,<strong>Gipuzkoako ODOL EMAILEAK<\/strong>,<strong>CEIDA<\/strong>,<strong>ALCER<\/strong>,<strong>GIPUZKOA<\/strong>,<strong>ORKLI S. Coop.<\/strong>,<strong>FREMAP<\/strong>,<strong>SUESKOLA<\/strong>,<strong>AESLEME<\/strong>,<strong>IKASLAN<\/strong>. Guztien artean gai anitzak landuko dira: Odol ematea eta organuen dohaintza, Automobilen gidatze ekonomikoa eta segurua, mugikortasun iraunkorra, Autobabesa eta lan &#8211; arriskuak.<\/p>\n<p>Animatu eta parte hartu!<!--:-->[\/vc_column_text][\/vc_column][\/vc_row]<\/p>\n","protected":false},"excerpt":{"rendered":"<p>[vc_row][vc_column][vc_column_text]DEL 6 AL 10 DE FEBRERO GOIERRI ESKOLA CELEBRAR\u00c1 LA 1\u00aa SEMANA DE LA SEGURIDAD Y LA GESTI\u00d3N AMBIENTAL La semana incluye conferencias, mesas redondas, cursos, jornada de donaci\u00f3n de sangre y un concurso destinado al alumnado de la Escuela. En la misma tomar\u00e1n parte un nutrido conjunto de organizaciones:EVE,Gipuzkoako ODOL EMAILEAK,CEIDA,ALCERGIPUZKOA,ORKLI S. Coop.,FREMAP,SUESKOLA,AESLEME,IKASLAN. Entre todos ellos tratar\u00e1n un amplio [&hellip;]<\/p>\n","protected":false},"author":1,"featured_media":1469,"comment_status":"open","ping_status":"open","sticky":false,"template":"","format":"standard","meta":{"footnotes":""},"categories":[71],"tags":[],"class_list":["post-1466","post","type-post","status-publish","format-standard","has-post-thumbnail","hentry","category-general"],"yoast_head":"<!-- This site is optimized with the Yoast SEO plugin v27.4 - https:\/\/yoast.com\/product\/yoast-seo-wordpress\/ -->\n<title>SEMANA DE LA SEGURIDAD Y EL MEDIOAMBIENTE - Goierri Eskola<\/title>\n<meta name=\"robots\" content=\"index, follow, max-snippet:-1, max-image-preview:large, max-video-preview:-1\" \/>\n<link rel=\"canonical\" href=\"https:\/\/www.goierrieskola.eus\/es\/semana-de-la-seguridad-y-el-medioambiente\/\" \/>\n<meta property=\"og:locale\" content=\"es_ES\" \/>\n<meta property=\"og:type\" content=\"article\" \/>\n<meta property=\"og:title\" content=\"SEMANA DE LA SEGURIDAD Y EL MEDIOAMBIENTE - Goierri Eskola\" \/>\n<meta property=\"og:description\" content=\"[vc_row][vc_column][vc_column_text]DEL 6 AL 10 DE FEBRERO GOIERRI ESKOLA CELEBRAR\u00c1 LA 1\u00aa SEMANA DE LA SEGURIDAD Y LA GESTI\u00d3N AMBIENTAL La semana incluye conferencias, mesas redondas, cursos, jornada de donaci\u00f3n de sangre y un concurso destinado al alumnado de la Escuela. En la misma tomar\u00e1n parte un nutrido conjunto de organizaciones:EVE,Gipuzkoako ODOL EMAILEAK,CEIDA,ALCERGIPUZKOA,ORKLI S. Coop.,FREMAP,SUESKOLA,AESLEME,IKASLAN. Entre todos ellos tratar\u00e1n un amplio [&hellip;]\" \/>\n<meta property=\"og:url\" content=\"https:\/\/www.goierrieskola.eus\/es\/semana-de-la-seguridad-y-el-medioambiente\/\" \/>\n<meta property=\"og:site_name\" content=\"Goierri Eskola\" \/>\n<meta property=\"article:publisher\" content=\"https:\/\/www.facebook.com\/goierrieskola\" \/>\n<meta property=\"article:published_time\" content=\"2012-04-24T13:30:23+00:00\" \/>\n<meta property=\"article:modified_time\" content=\"2022-02-22T14:34:29+00:00\" \/>\n<meta name=\"author\" content=\"goierrieskolaAdm\" \/>\n<meta name=\"twitter:card\" content=\"summary_large_image\" \/>\n<meta name=\"twitter:creator\" content=\"@Goierrieskola1\" \/>\n<meta name=\"twitter:site\" content=\"@Goierrieskola1\" \/>\n<meta name=\"twitter:label1\" content=\"Escrito por\" \/>\n\t<meta name=\"twitter:data1\" content=\"goierrieskolaAdm\" \/>\n\t<meta name=\"twitter:label2\" content=\"Tiempo de lectura\" \/>\n\t<meta name=\"twitter:data2\" content=\"1 minuto\" \/>\n<script type=\"application\/ld+json\" class=\"yoast-schema-graph\">{\"@context\":\"https:\\\/\\\/schema.org\",\"@graph\":[{\"@type\":\"Article\",\"@id\":\"https:\\\/\\\/www.goierrieskola.eus\\\/es\\\/semana-de-la-seguridad-y-el-medioambiente\\\/#article\",\"isPartOf\":{\"@id\":\"https:\\\/\\\/www.goierrieskola.eus\\\/es\\\/semana-de-la-seguridad-y-el-medioambiente\\\/\"},\"author\":{\"name\":\"goierrieskolaAdm\",\"@id\":\"https:\\\/\\\/www.goierrieskola.eus\\\/#\\\/schema\\\/person\\\/b255e8eb1ca976b38e1ee0d39a5cef90\"},\"headline\":\"SEMANA DE LA SEGURIDAD Y EL MEDIOAMBIENTE\",\"datePublished\":\"2012-04-24T13:30:23+00:00\",\"dateModified\":\"2022-02-22T14:34:29+00:00\",\"mainEntityOfPage\":{\"@id\":\"https:\\\/\\\/www.goierrieskola.eus\\\/es\\\/semana-de-la-seguridad-y-el-medioambiente\\\/\"},\"wordCount\":189,\"commentCount\":0,\"publisher\":{\"@id\":\"https:\\\/\\\/www.goierrieskola.eus\\\/#organization\"},\"image\":{\"@id\":\"https:\\\/\\\/www.goierrieskola.eus\\\/es\\\/semana-de-la-seguridad-y-el-medioambiente\\\/#primaryimage\"},\"thumbnailUrl\":\"\",\"articleSection\":[\"General\"],\"inLanguage\":\"es\",\"potentialAction\":[{\"@type\":\"CommentAction\",\"name\":\"Comment\",\"target\":[\"https:\\\/\\\/www.goierrieskola.eus\\\/es\\\/semana-de-la-seguridad-y-el-medioambiente\\\/#respond\"]}]},{\"@type\":\"WebPage\",\"@id\":\"https:\\\/\\\/www.goierrieskola.eus\\\/es\\\/semana-de-la-seguridad-y-el-medioambiente\\\/\",\"url\":\"https:\\\/\\\/www.goierrieskola.eus\\\/es\\\/semana-de-la-seguridad-y-el-medioambiente\\\/\",\"name\":\"SEMANA DE LA SEGURIDAD Y EL MEDIOAMBIENTE - Goierri Eskola\",\"isPartOf\":{\"@id\":\"https:\\\/\\\/www.goierrieskola.eus\\\/#website\"},\"primaryImageOfPage\":{\"@id\":\"https:\\\/\\\/www.goierrieskola.eus\\\/es\\\/semana-de-la-seguridad-y-el-medioambiente\\\/#primaryimage\"},\"image\":{\"@id\":\"https:\\\/\\\/www.goierrieskola.eus\\\/es\\\/semana-de-la-seguridad-y-el-medioambiente\\\/#primaryimage\"},\"thumbnailUrl\":\"\",\"datePublished\":\"2012-04-24T13:30:23+00:00\",\"dateModified\":\"2022-02-22T14:34:29+00:00\",\"breadcrumb\":{\"@id\":\"https:\\\/\\\/www.goierrieskola.eus\\\/es\\\/semana-de-la-seguridad-y-el-medioambiente\\\/#breadcrumb\"},\"inLanguage\":\"es\",\"potentialAction\":[{\"@type\":\"ReadAction\",\"target\":[\"https:\\\/\\\/www.goierrieskola.eus\\\/es\\\/semana-de-la-seguridad-y-el-medioambiente\\\/\"]}]},{\"@type\":\"ImageObject\",\"inLanguage\":\"es\",\"@id\":\"https:\\\/\\\/www.goierrieskola.eus\\\/es\\\/semana-de-la-seguridad-y-el-medioambiente\\\/#primaryimage\",\"url\":\"\",\"contentUrl\":\"\"},{\"@type\":\"BreadcrumbList\",\"@id\":\"https:\\\/\\\/www.goierrieskola.eus\\\/es\\\/semana-de-la-seguridad-y-el-medioambiente\\\/#breadcrumb\",\"itemListElement\":[{\"@type\":\"ListItem\",\"position\":1,\"name\":\"Portada\",\"item\":\"https:\\\/\\\/www.goierrieskola.eus\\\/es\\\/\"},{\"@type\":\"ListItem\",\"position\":2,\"name\":\"SEMANA DE LA SEGURIDAD Y EL MEDIOAMBIENTE\"}]},{\"@type\":\"WebSite\",\"@id\":\"https:\\\/\\\/www.goierrieskola.eus\\\/#website\",\"url\":\"https:\\\/\\\/www.goierrieskola.eus\\\/\",\"name\":\"Goierri Eskola\",\"description\":\"La Web de tu Escuela\",\"publisher\":{\"@id\":\"https:\\\/\\\/www.goierrieskola.eus\\\/#organization\"},\"potentialAction\":[{\"@type\":\"SearchAction\",\"target\":{\"@type\":\"EntryPoint\",\"urlTemplate\":\"https:\\\/\\\/www.goierrieskola.eus\\\/?s={search_term_string}\"},\"query-input\":{\"@type\":\"PropertyValueSpecification\",\"valueRequired\":true,\"valueName\":\"search_term_string\"}}],\"inLanguage\":\"es\"},{\"@type\":\"Organization\",\"@id\":\"https:\\\/\\\/www.goierrieskola.eus\\\/#organization\",\"name\":\"Goierri Eskola\",\"url\":\"https:\\\/\\\/www.goierrieskola.eus\\\/\",\"logo\":{\"@type\":\"ImageObject\",\"inLanguage\":\"es\",\"@id\":\"https:\\\/\\\/www.goierrieskola.eus\\\/#\\\/schema\\\/logo\\\/image\\\/\",\"url\":\"https:\\\/\\\/www.goierrieskola.eus\\\/wp-content\\\/uploads\\\/2014\\\/11\\\/Logo_color.jpg\",\"contentUrl\":\"https:\\\/\\\/www.goierrieskola.eus\\\/wp-content\\\/uploads\\\/2014\\\/11\\\/Logo_color.jpg\",\"width\":227,\"height\":88,\"caption\":\"Goierri Eskola\"},\"image\":{\"@id\":\"https:\\\/\\\/www.goierrieskola.eus\\\/#\\\/schema\\\/logo\\\/image\\\/\"},\"sameAs\":[\"https:\\\/\\\/www.facebook.com\\\/goierrieskola\",\"https:\\\/\\\/x.com\\\/Goierrieskola1\"]},{\"@type\":\"Person\",\"@id\":\"https:\\\/\\\/www.goierrieskola.eus\\\/#\\\/schema\\\/person\\\/b255e8eb1ca976b38e1ee0d39a5cef90\",\"name\":\"goierrieskolaAdm\",\"image\":{\"@type\":\"ImageObject\",\"inLanguage\":\"es\",\"@id\":\"https:\\\/\\\/secure.gravatar.com\\\/avatar\\\/e9fdf651f3112063fea88c97f94fa8ada68ce1854abd481c230f2310134a029e?s=96&d=mm&r=g\",\"url\":\"https:\\\/\\\/secure.gravatar.com\\\/avatar\\\/e9fdf651f3112063fea88c97f94fa8ada68ce1854abd481c230f2310134a029e?s=96&d=mm&r=g\",\"contentUrl\":\"https:\\\/\\\/secure.gravatar.com\\\/avatar\\\/e9fdf651f3112063fea88c97f94fa8ada68ce1854abd481c230f2310134a029e?s=96&d=mm&r=g\",\"caption\":\"goierrieskolaAdm\"},\"url\":\"https:\\\/\\\/www.goierrieskola.eus\\\/es\\\/author\\\/goierrieskolaadm\\\/\"}]}<\/script>\n<!-- \/ Yoast SEO plugin. -->","yoast_head_json":{"title":"SEMANA DE LA SEGURIDAD Y EL MEDIOAMBIENTE - Goierri Eskola","robots":{"index":"index","follow":"follow","max-snippet":"max-snippet:-1","max-image-preview":"max-image-preview:large","max-video-preview":"max-video-preview:-1"},"canonical":"https:\/\/www.goierrieskola.eus\/es\/semana-de-la-seguridad-y-el-medioambiente\/","og_locale":"es_ES","og_type":"article","og_title":"SEMANA DE LA SEGURIDAD Y EL MEDIOAMBIENTE - Goierri Eskola","og_description":"[vc_row][vc_column][vc_column_text]DEL 6 AL 10 DE FEBRERO GOIERRI ESKOLA CELEBRAR\u00c1 LA 1\u00aa SEMANA DE LA SEGURIDAD Y LA GESTI\u00d3N AMBIENTAL La semana incluye conferencias, mesas redondas, cursos, jornada de donaci\u00f3n de sangre y un concurso destinado al alumnado de la Escuela. En la misma tomar\u00e1n parte un nutrido conjunto de organizaciones:EVE,Gipuzkoako ODOL EMAILEAK,CEIDA,ALCERGIPUZKOA,ORKLI S. Coop.,FREMAP,SUESKOLA,AESLEME,IKASLAN. Entre todos ellos tratar\u00e1n un amplio [&hellip;]","og_url":"https:\/\/www.goierrieskola.eus\/es\/semana-de-la-seguridad-y-el-medioambiente\/","og_site_name":"Goierri Eskola","article_publisher":"https:\/\/www.facebook.com\/goierrieskola","article_published_time":"2012-04-24T13:30:23+00:00","article_modified_time":"2022-02-22T14:34:29+00:00","author":"goierrieskolaAdm","twitter_card":"summary_large_image","twitter_creator":"@Goierrieskola1","twitter_site":"@Goierrieskola1","twitter_misc":{"Escrito por":"goierrieskolaAdm","Tiempo de lectura":"1 minuto"},"schema":{"@context":"https:\/\/schema.org","@graph":[{"@type":"Article","@id":"https:\/\/www.goierrieskola.eus\/es\/semana-de-la-seguridad-y-el-medioambiente\/#article","isPartOf":{"@id":"https:\/\/www.goierrieskola.eus\/es\/semana-de-la-seguridad-y-el-medioambiente\/"},"author":{"name":"goierrieskolaAdm","@id":"https:\/\/www.goierrieskola.eus\/#\/schema\/person\/b255e8eb1ca976b38e1ee0d39a5cef90"},"headline":"SEMANA DE LA SEGURIDAD Y EL MEDIOAMBIENTE","datePublished":"2012-04-24T13:30:23+00:00","dateModified":"2022-02-22T14:34:29+00:00","mainEntityOfPage":{"@id":"https:\/\/www.goierrieskola.eus\/es\/semana-de-la-seguridad-y-el-medioambiente\/"},"wordCount":189,"commentCount":0,"publisher":{"@id":"https:\/\/www.goierrieskola.eus\/#organization"},"image":{"@id":"https:\/\/www.goierrieskola.eus\/es\/semana-de-la-seguridad-y-el-medioambiente\/#primaryimage"},"thumbnailUrl":"","articleSection":["General"],"inLanguage":"es","potentialAction":[{"@type":"CommentAction","name":"Comment","target":["https:\/\/www.goierrieskola.eus\/es\/semana-de-la-seguridad-y-el-medioambiente\/#respond"]}]},{"@type":"WebPage","@id":"https:\/\/www.goierrieskola.eus\/es\/semana-de-la-seguridad-y-el-medioambiente\/","url":"https:\/\/www.goierrieskola.eus\/es\/semana-de-la-seguridad-y-el-medioambiente\/","name":"SEMANA DE LA SEGURIDAD Y EL MEDIOAMBIENTE - Goierri Eskola","isPartOf":{"@id":"https:\/\/www.goierrieskola.eus\/#website"},"primaryImageOfPage":{"@id":"https:\/\/www.goierrieskola.eus\/es\/semana-de-la-seguridad-y-el-medioambiente\/#primaryimage"},"image":{"@id":"https:\/\/www.goierrieskola.eus\/es\/semana-de-la-seguridad-y-el-medioambiente\/#primaryimage"},"thumbnailUrl":"","datePublished":"2012-04-24T13:30:23+00:00","dateModified":"2022-02-22T14:34:29+00:00","breadcrumb":{"@id":"https:\/\/www.goierrieskola.eus\/es\/semana-de-la-seguridad-y-el-medioambiente\/#breadcrumb"},"inLanguage":"es","potentialAction":[{"@type":"ReadAction","target":["https:\/\/www.goierrieskola.eus\/es\/semana-de-la-seguridad-y-el-medioambiente\/"]}]},{"@type":"ImageObject","inLanguage":"es","@id":"https:\/\/www.goierrieskola.eus\/es\/semana-de-la-seguridad-y-el-medioambiente\/#primaryimage","url":"","contentUrl":""},{"@type":"BreadcrumbList","@id":"https:\/\/www.goierrieskola.eus\/es\/semana-de-la-seguridad-y-el-medioambiente\/#breadcrumb","itemListElement":[{"@type":"ListItem","position":1,"name":"Portada","item":"https:\/\/www.goierrieskola.eus\/es\/"},{"@type":"ListItem","position":2,"name":"SEMANA DE LA SEGURIDAD Y EL MEDIOAMBIENTE"}]},{"@type":"WebSite","@id":"https:\/\/www.goierrieskola.eus\/#website","url":"https:\/\/www.goierrieskola.eus\/","name":"Goierri Eskola","description":"La Web de tu Escuela","publisher":{"@id":"https:\/\/www.goierrieskola.eus\/#organization"},"potentialAction":[{"@type":"SearchAction","target":{"@type":"EntryPoint","urlTemplate":"https:\/\/www.goierrieskola.eus\/?s={search_term_string}"},"query-input":{"@type":"PropertyValueSpecification","valueRequired":true,"valueName":"search_term_string"}}],"inLanguage":"es"},{"@type":"Organization","@id":"https:\/\/www.goierrieskola.eus\/#organization","name":"Goierri Eskola","url":"https:\/\/www.goierrieskola.eus\/","logo":{"@type":"ImageObject","inLanguage":"es","@id":"https:\/\/www.goierrieskola.eus\/#\/schema\/logo\/image\/","url":"https:\/\/www.goierrieskola.eus\/wp-content\/uploads\/2014\/11\/Logo_color.jpg","contentUrl":"https:\/\/www.goierrieskola.eus\/wp-content\/uploads\/2014\/11\/Logo_color.jpg","width":227,"height":88,"caption":"Goierri Eskola"},"image":{"@id":"https:\/\/www.goierrieskola.eus\/#\/schema\/logo\/image\/"},"sameAs":["https:\/\/www.facebook.com\/goierrieskola","https:\/\/x.com\/Goierrieskola1"]},{"@type":"Person","@id":"https:\/\/www.goierrieskola.eus\/#\/schema\/person\/b255e8eb1ca976b38e1ee0d39a5cef90","name":"goierrieskolaAdm","image":{"@type":"ImageObject","inLanguage":"es","@id":"https:\/\/secure.gravatar.com\/avatar\/e9fdf651f3112063fea88c97f94fa8ada68ce1854abd481c230f2310134a029e?s=96&d=mm&r=g","url":"https:\/\/secure.gravatar.com\/avatar\/e9fdf651f3112063fea88c97f94fa8ada68ce1854abd481c230f2310134a029e?s=96&d=mm&r=g","contentUrl":"https:\/\/secure.gravatar.com\/avatar\/e9fdf651f3112063fea88c97f94fa8ada68ce1854abd481c230f2310134a029e?s=96&d=mm&r=g","caption":"goierrieskolaAdm"},"url":"https:\/\/www.goierrieskola.eus\/es\/author\/goierrieskolaadm\/"}]}},"_links":{"self":[{"href":"https:\/\/www.goierrieskola.eus\/es\/wp-json\/wp\/v2\/posts\/1466","targetHints":{"allow":["GET"]}}],"collection":[{"href":"https:\/\/www.goierrieskola.eus\/es\/wp-json\/wp\/v2\/posts"}],"about":[{"href":"https:\/\/www.goierrieskola.eus\/es\/wp-json\/wp\/v2\/types\/post"}],"author":[{"embeddable":true,"href":"https:\/\/www.goierrieskola.eus\/es\/wp-json\/wp\/v2\/users\/1"}],"replies":[{"embeddable":true,"href":"https:\/\/www.goierrieskola.eus\/es\/wp-json\/wp\/v2\/comments?post=1466"}],"version-history":[{"count":2,"href":"https:\/\/www.goierrieskola.eus\/es\/wp-json\/wp\/v2\/posts\/1466\/revisions"}],"predecessor-version":[{"id":14289,"href":"https:\/\/www.goierrieskola.eus\/es\/wp-json\/wp\/v2\/posts\/1466\/revisions\/14289"}],"wp:featuredmedia":[{"embeddable":true,"href":"https:\/\/www.goierrieskola.eus\/es\/wp-json\/"}],"wp:attachment":[{"href":"https:\/\/www.goierrieskola.eus\/es\/wp-json\/wp\/v2\/media?parent=1466"}],"wp:term":[{"taxonomy":"category","embeddable":true,"href":"https:\/\/www.goierrieskola.eus\/es\/wp-json\/wp\/v2\/categories?post=1466"},{"taxonomy":"post_tag","embeddable":true,"href":"https:\/\/www.goierrieskola.eus\/es\/wp-json\/wp\/v2\/tags?post=1466"}],"curies":[{"name":"wp","href":"https:\/\/api.w.org\/{rel}","templated":true}]}}