{"id":17767,"date":"2025-02-11T09:15:44","date_gmt":"2025-02-11T09:15:44","guid":{"rendered":"https:\/\/www.goierrieskola.eus\/?p=17767"},"modified":"2025-02-11T09:15:44","modified_gmt":"2025-02-11T09:15:44","slug":"nueva-instalacion-fotovoltaica","status":"publish","type":"post","link":"https:\/\/www.goierrieskola.eus\/es\/nueva-instalacion-fotovoltaica\/","title":{"rendered":"Nueva instalaci\u00f3n fotovoltaica"},"content":{"rendered":"<p>[vc_row text_align=\u00bbcenter\u00bb type=\u00bbimage\u00bb bg_position=\u00bbcenter\u00bb bg_position_horizontal=\u00bbcenter\u00bb bg_attachment=\u00bbtrue\u00bb padding_top=\u00bb300&#8243; padding_bottom=\u00bb20&#8243; border=\u00bbbottom\u00bb bg_image=\u00bb12341&#8243;][vc_column][\/vc_column][\/vc_row][vc_row][vc_column][vc_custom_heading text=\u00bb<strong>Apuesta por la sostenibilidad con una nueva instalaci\u00f3n fotovoltaica <\/strong>\u00bb font_container=\u00bbtag:h2|text_align:left|color:%23ffffff\u00bb google_fonts=\u00bbfont_family:Raleway%3A100%2C200%2C300%2Cregular%2C500%2C600%2C700%2C800%2C900|font_style:600%20bold%20regular%3A600%3Anormal\u00bb css=\u00bb.vc_custom_1739264355201{background-color: #1e73be !important;}\u00bb]<div  class=\"kleo-gap\" style=\"height:10px;line-height:10px;\"><\/div>[vc_column_text]<\/p>\n<h3>Nueva instalaci\u00f3n fotovoltaica:<\/h3>\n<p>En <strong data-start=\"3\" data-end=\"21\">Goierri Eskola<\/strong>, reafirmamos nuestro compromiso con la sostenibilidad y la formaci\u00f3n de calidad mediante la reciente instalaci\u00f3n de un sistema fotovoltaico en nuestras instalaciones. Este proyecto, financiado por la <strong data-start=\"222\" data-end=\"258\">Uni\u00f3n Europea &#8211; NextGenerationEU<\/strong>, no solo nos permite avanzar hacia el autoconsumo energ\u00e9tico y reducir nuestra huella de carbono, sino que tambi\u00e9n enriquece la experiencia educativa de nuestros estudiantes en el \u00e1mbito de las energ\u00edas renovables.<\/p>\n<h3>Detalles del proyecto::<\/h3>\n<ul>\n<li style=\"text-align: left;\"><strong data-start=\"504\" data-end=\"530\">Programa de incentivos<\/strong>: Autoconsumo y almacenamiento con fuentes de energ\u00eda renovable<\/li>\n<li style=\"text-align: left;\"><strong data-start=\"596\" data-end=\"612\">Financiaci\u00f3n<\/strong>: Uni\u00f3n Europea &#8211; <strong data-start=\"630\" data-end=\"650\">NextGenerationEU<\/strong><\/li>\n<li style=\"text-align: left;\"><strong data-start=\"653\" data-end=\"675\">Componente (C7:L1)<\/strong>: Generaci\u00f3n con energ\u00eda renovable<\/li>\n<li style=\"text-align: left;\"><strong data-start=\"712\" data-end=\"734\">Potencia instalada<\/strong>: 71,28 kW<\/li>\n<li style=\"text-align: left;\"><strong data-start=\"747\" data-end=\"766\">Inversi\u00f3n total<\/strong>: 60.624,98 \u20ac<\/li>\n<li style=\"text-align: left;\"><strong data-start=\"782\" data-end=\"805\">Subvenci\u00f3n recibida<\/strong>: 53.460,00 \u20ac<\/li>\n<\/ul>\n<p><strong data-start=\"821\" data-end=\"837\">Regulado por<\/strong>: Real Decreto 477\/2021<\/p>\n<p>[\/vc_column_text][vc_single_image image=\u00bb17768&#8243; img_size=\u00bblarge\u00bb alignment=\u00bbcenter\u00bb][vc_column_text]<\/p>\n<h3>Por un goierri sostenible:<\/h3>\n<p data-start=\"1118\" data-end=\"1613\">Goierri est\u00e1 demostrando un fuerte compromiso con la transici\u00f3n energ\u00e9tica y la sostenibilidad. Iniciativas como la creaci\u00f3n de la <a href=\"https:\/\/www.goierri.eus\/es\/proyectos-comarcales\/energia-eskualdeko-proiektuak\" target=\"_blank\" rel=\"noopener\"><strong data-start=\"1263\" data-end=\"1296\">Oficina de Energ\u00eda de Goierri<\/strong><\/a>, impulsada por <a href=\"https:\/\/www.goierri.eus\/es\/\" target=\"_blank\" rel=\"noopener\">Goieki<\/a> en colaboraci\u00f3n con los ayuntamientos y el Departamento de Sostenibilidad de la Diputaci\u00f3n Foral de Gipuzkoa, ofrecen asesoramiento gratuito a la ciudadan\u00eda en temas relacionados con el consumo energ\u00e9tico, eficiencia y energ\u00edas renovables.<\/p>\n<p data-start=\"1615\" data-end=\"1942\">Proyectos como el de <a href=\"https:\/\/www.goiener.com\/es\/\" target=\"_blank\" rel=\"noopener\">Goiener<\/a>, impulsado por el proyecto de\u00a0 <strong data-start=\"1642\" data-end=\"1681\">Cooperativas Ciudadanas Energ\u00e9ticas<\/strong>, presentadas por la Diputaci\u00f3n Foral de Gipuzkoa, buscan empoderar a la ciudadan\u00eda en la generaci\u00f3n y gesti\u00f3n de energ\u00eda solar para su propio abastecimiento, promoviendo un modelo energ\u00e9tico m\u00e1s sostenible y participativo.<\/p>\n<p data-start=\"1944\" data-end=\"2210\">En <strong data-start=\"1947\" data-end=\"1965\">Goierri Eskola<\/strong>, nos enorgullece formar parte de este movimiento hacia un futuro m\u00e1s verde y sostenible, integrando estas iniciativas en nuestra labor educativa y contribuyendo al desarrollo de una comunidad m\u00e1s consciente y comprometida con el medio ambiente.<\/p>\n<p>[\/vc_column_text][vc_column_text]Puede acceder a la informaci\u00f3n de proyectos similares en el siguiente enlace: <a href=\"https:\/\/www.goierrieskola.eus\/es\/actualidad\/\">proyectos<\/a>[\/vc_column_text][\/vc_column][\/vc_row][vc_row][vc_column][\/vc_column][\/vc_row]<\/p>\n","protected":false},"excerpt":{"rendered":"<p>[vc_row text_align=\u00bbcenter\u00bb type=\u00bbimage\u00bb bg_position=\u00bbcenter\u00bb bg_position_horizontal=\u00bbcenter\u00bb bg_attachment=\u00bbtrue\u00bb padding_top=\u00bb300&#8243; padding_bottom=\u00bb20&#8243; border=\u00bbbottom\u00bb bg_image=\u00bb12341&#8243;][vc_column][\/vc_column][\/vc_row][vc_row][vc_column][vc_custom_heading text=\u00bbApuesta por la sostenibilidad con una nueva instalaci\u00f3n fotovoltaica \u00bb font_container=\u00bbtag:h2|text_align:left|color:%23ffffff\u00bb google_fonts=\u00bbfont_family:Raleway%3A100%2C200%2C300%2Cregular%2C500%2C600%2C700%2C800%2C900|font_style:600%20bold%20regular%3A600%3Anormal\u00bb css=\u00bb.vc_custom_1739264355201{background-color: #1e73be !important;}\u00bb][vc_column_text] Nueva instalaci\u00f3n fotovoltaica: En Goierri Eskola, reafirmamos nuestro compromiso con la sostenibilidad y la formaci\u00f3n de calidad mediante la reciente instalaci\u00f3n de un sistema fotovoltaico en nuestras instalaciones. Este proyecto, financiado por la Uni\u00f3n Europea [&hellip;]<\/p>\n","protected":false},"author":3,"featured_media":17768,"comment_status":"closed","ping_status":"closed","sticky":false,"template":"","format":"aside","meta":{"footnotes":""},"categories":[122],"tags":[],"class_list":["post-17767","post","type-post","status-publish","format-aside","has-post-thumbnail","hentry","category-proyectos","post_format-post-format-aside"],"yoast_head":"<!-- This site is optimized with the Yoast SEO plugin v27.4 - https:\/\/yoast.com\/product\/yoast-seo-wordpress\/ -->\n<title>Nueva instalaci\u00f3n fotovoltaica - Goierri Eskola<\/title>\n<meta name=\"robots\" content=\"index, follow, max-snippet:-1, max-image-preview:large, max-video-preview:-1\" \/>\n<link rel=\"canonical\" href=\"https:\/\/www.goierrieskola.eus\/es\/nueva-instalacion-fotovoltaica\/\" \/>\n<meta property=\"og:locale\" content=\"es_ES\" \/>\n<meta property=\"og:type\" content=\"article\" \/>\n<meta property=\"og:title\" content=\"Nueva instalaci\u00f3n fotovoltaica - Goierri Eskola\" \/>\n<meta property=\"og:description\" content=\"[vc_row text_align=\u00bbcenter\u00bb type=\u00bbimage\u00bb bg_position=\u00bbcenter\u00bb bg_position_horizontal=\u00bbcenter\u00bb bg_attachment=\u00bbtrue\u00bb padding_top=\u00bb300&#8243; padding_bottom=\u00bb20&#8243; border=\u00bbbottom\u00bb bg_image=\u00bb12341&#8243;][vc_column][\/vc_column][\/vc_row][vc_row][vc_column][vc_custom_heading text=\u00bbApuesta por la sostenibilidad con una nueva instalaci\u00f3n fotovoltaica \u00bb font_container=\u00bbtag:h2|text_align:left|color:%23ffffff\u00bb google_fonts=\u00bbfont_family:Raleway%3A100%2C200%2C300%2Cregular%2C500%2C600%2C700%2C800%2C900|font_style:600%20bold%20regular%3A600%3Anormal\u00bb css=\u00bb.vc_custom_1739264355201{background-color: #1e73be !important;}\u00bb][vc_column_text] Nueva instalaci\u00f3n fotovoltaica: En Goierri Eskola, reafirmamos nuestro compromiso con la sostenibilidad y la formaci\u00f3n de calidad mediante la reciente instalaci\u00f3n de un sistema fotovoltaico en nuestras instalaciones. Este proyecto, financiado por la Uni\u00f3n Europea [&hellip;]\" \/>\n<meta property=\"og:url\" content=\"https:\/\/www.goierrieskola.eus\/es\/nueva-instalacion-fotovoltaica\/\" \/>\n<meta property=\"og:site_name\" content=\"Goierri Eskola\" \/>\n<meta property=\"article:publisher\" content=\"https:\/\/www.facebook.com\/goierrieskola\" \/>\n<meta property=\"article:published_time\" content=\"2025-02-11T09:15:44+00:00\" \/>\n<meta property=\"og:image\" content=\"https:\/\/www.goierrieskola.eus\/wp-content\/uploads\/2025\/02\/Captura-de-pantalla-2025-02-11-a-las-9.10.16.png\" \/>\n\t<meta property=\"og:image:width\" content=\"1718\" \/>\n\t<meta property=\"og:image:height\" content=\"1220\" \/>\n\t<meta property=\"og:image:type\" content=\"image\/png\" \/>\n<meta name=\"author\" content=\"jmalkorta\" \/>\n<meta name=\"twitter:card\" content=\"summary_large_image\" \/>\n<meta name=\"twitter:creator\" content=\"@Goierrieskola1\" \/>\n<meta name=\"twitter:site\" content=\"@Goierrieskola1\" \/>\n<meta name=\"twitter:label1\" content=\"Escrito por\" \/>\n\t<meta name=\"twitter:data1\" content=\"jmalkorta\" \/>\n\t<meta name=\"twitter:label2\" content=\"Tiempo de lectura\" \/>\n\t<meta name=\"twitter:data2\" content=\"2 minutos\" \/>\n<script type=\"application\/ld+json\" class=\"yoast-schema-graph\">{\"@context\":\"https:\\\/\\\/schema.org\",\"@graph\":[{\"@type\":\"Article\",\"@id\":\"https:\\\/\\\/www.goierrieskola.eus\\\/es\\\/nueva-instalacion-fotovoltaica\\\/#article\",\"isPartOf\":{\"@id\":\"https:\\\/\\\/www.goierrieskola.eus\\\/es\\\/nueva-instalacion-fotovoltaica\\\/\"},\"author\":{\"name\":\"jmalkorta\",\"@id\":\"https:\\\/\\\/www.goierrieskola.eus\\\/#\\\/schema\\\/person\\\/d018fb5e54ca4a07922cd4dc9e299cc6\"},\"headline\":\"Nueva instalaci\u00f3n fotovoltaica\",\"datePublished\":\"2025-02-11T09:15:44+00:00\",\"mainEntityOfPage\":{\"@id\":\"https:\\\/\\\/www.goierrieskola.eus\\\/es\\\/nueva-instalacion-fotovoltaica\\\/\"},\"wordCount\":431,\"publisher\":{\"@id\":\"https:\\\/\\\/www.goierrieskola.eus\\\/#organization\"},\"image\":{\"@id\":\"https:\\\/\\\/www.goierrieskola.eus\\\/es\\\/nueva-instalacion-fotovoltaica\\\/#primaryimage\"},\"thumbnailUrl\":\"https:\\\/\\\/www.goierrieskola.eus\\\/wp-content\\\/uploads\\\/2025\\\/02\\\/Captura-de-pantalla-2025-02-11-a-las-9.10.16.png\",\"articleSection\":[\"Proyectos\"],\"inLanguage\":\"es\"},{\"@type\":\"WebPage\",\"@id\":\"https:\\\/\\\/www.goierrieskola.eus\\\/es\\\/nueva-instalacion-fotovoltaica\\\/\",\"url\":\"https:\\\/\\\/www.goierrieskola.eus\\\/es\\\/nueva-instalacion-fotovoltaica\\\/\",\"name\":\"Nueva instalaci\u00f3n fotovoltaica - Goierri Eskola\",\"isPartOf\":{\"@id\":\"https:\\\/\\\/www.goierrieskola.eus\\\/#website\"},\"primaryImageOfPage\":{\"@id\":\"https:\\\/\\\/www.goierrieskola.eus\\\/es\\\/nueva-instalacion-fotovoltaica\\\/#primaryimage\"},\"image\":{\"@id\":\"https:\\\/\\\/www.goierrieskola.eus\\\/es\\\/nueva-instalacion-fotovoltaica\\\/#primaryimage\"},\"thumbnailUrl\":\"https:\\\/\\\/www.goierrieskola.eus\\\/wp-content\\\/uploads\\\/2025\\\/02\\\/Captura-de-pantalla-2025-02-11-a-las-9.10.16.png\",\"datePublished\":\"2025-02-11T09:15:44+00:00\",\"breadcrumb\":{\"@id\":\"https:\\\/\\\/www.goierrieskola.eus\\\/es\\\/nueva-instalacion-fotovoltaica\\\/#breadcrumb\"},\"inLanguage\":\"es\",\"potentialAction\":[{\"@type\":\"ReadAction\",\"target\":[\"https:\\\/\\\/www.goierrieskola.eus\\\/es\\\/nueva-instalacion-fotovoltaica\\\/\"]}]},{\"@type\":\"ImageObject\",\"inLanguage\":\"es\",\"@id\":\"https:\\\/\\\/www.goierrieskola.eus\\\/es\\\/nueva-instalacion-fotovoltaica\\\/#primaryimage\",\"url\":\"https:\\\/\\\/www.goierrieskola.eus\\\/wp-content\\\/uploads\\\/2025\\\/02\\\/Captura-de-pantalla-2025-02-11-a-las-9.10.16.png\",\"contentUrl\":\"https:\\\/\\\/www.goierrieskola.eus\\\/wp-content\\\/uploads\\\/2025\\\/02\\\/Captura-de-pantalla-2025-02-11-a-las-9.10.16.png\",\"width\":1718,\"height\":1220,\"caption\":\"Proyecto de instalaci\u00f3n fotovoltaica en Goierri Eskola\"},{\"@type\":\"BreadcrumbList\",\"@id\":\"https:\\\/\\\/www.goierrieskola.eus\\\/es\\\/nueva-instalacion-fotovoltaica\\\/#breadcrumb\",\"itemListElement\":[{\"@type\":\"ListItem\",\"position\":1,\"name\":\"Portada\",\"item\":\"https:\\\/\\\/www.goierrieskola.eus\\\/es\\\/\"},{\"@type\":\"ListItem\",\"position\":2,\"name\":\"Nueva instalaci\u00f3n fotovoltaica\"}]},{\"@type\":\"WebSite\",\"@id\":\"https:\\\/\\\/www.goierrieskola.eus\\\/#website\",\"url\":\"https:\\\/\\\/www.goierrieskola.eus\\\/\",\"name\":\"Goierri Eskola\",\"description\":\"La Web de tu Escuela\",\"publisher\":{\"@id\":\"https:\\\/\\\/www.goierrieskola.eus\\\/#organization\"},\"potentialAction\":[{\"@type\":\"SearchAction\",\"target\":{\"@type\":\"EntryPoint\",\"urlTemplate\":\"https:\\\/\\\/www.goierrieskola.eus\\\/?s={search_term_string}\"},\"query-input\":{\"@type\":\"PropertyValueSpecification\",\"valueRequired\":true,\"valueName\":\"search_term_string\"}}],\"inLanguage\":\"es\"},{\"@type\":\"Organization\",\"@id\":\"https:\\\/\\\/www.goierrieskola.eus\\\/#organization\",\"name\":\"Goierri Eskola\",\"url\":\"https:\\\/\\\/www.goierrieskola.eus\\\/\",\"logo\":{\"@type\":\"ImageObject\",\"inLanguage\":\"es\",\"@id\":\"https:\\\/\\\/www.goierrieskola.eus\\\/#\\\/schema\\\/logo\\\/image\\\/\",\"url\":\"https:\\\/\\\/www.goierrieskola.eus\\\/wp-content\\\/uploads\\\/2014\\\/11\\\/Logo_color.jpg\",\"contentUrl\":\"https:\\\/\\\/www.goierrieskola.eus\\\/wp-content\\\/uploads\\\/2014\\\/11\\\/Logo_color.jpg\",\"width\":227,\"height\":88,\"caption\":\"Goierri Eskola\"},\"image\":{\"@id\":\"https:\\\/\\\/www.goierrieskola.eus\\\/#\\\/schema\\\/logo\\\/image\\\/\"},\"sameAs\":[\"https:\\\/\\\/www.facebook.com\\\/goierrieskola\",\"https:\\\/\\\/x.com\\\/Goierrieskola1\"]},{\"@type\":\"Person\",\"@id\":\"https:\\\/\\\/www.goierrieskola.eus\\\/#\\\/schema\\\/person\\\/d018fb5e54ca4a07922cd4dc9e299cc6\",\"name\":\"jmalkorta\",\"image\":{\"@type\":\"ImageObject\",\"inLanguage\":\"es\",\"@id\":\"https:\\\/\\\/secure.gravatar.com\\\/avatar\\\/7dd08e627dde54daaac2836d06c50e99605a90c0e74b1d9313c5fb8039617fa4?s=96&d=mm&r=g\",\"url\":\"https:\\\/\\\/secure.gravatar.com\\\/avatar\\\/7dd08e627dde54daaac2836d06c50e99605a90c0e74b1d9313c5fb8039617fa4?s=96&d=mm&r=g\",\"contentUrl\":\"https:\\\/\\\/secure.gravatar.com\\\/avatar\\\/7dd08e627dde54daaac2836d06c50e99605a90c0e74b1d9313c5fb8039617fa4?s=96&d=mm&r=g\",\"caption\":\"jmalkorta\"},\"url\":\"https:\\\/\\\/www.goierrieskola.eus\\\/es\\\/author\\\/jmalkorta\\\/\"}]}<\/script>\n<!-- \/ Yoast SEO plugin. -->","yoast_head_json":{"title":"Nueva instalaci\u00f3n fotovoltaica - Goierri Eskola","robots":{"index":"index","follow":"follow","max-snippet":"max-snippet:-1","max-image-preview":"max-image-preview:large","max-video-preview":"max-video-preview:-1"},"canonical":"https:\/\/www.goierrieskola.eus\/es\/nueva-instalacion-fotovoltaica\/","og_locale":"es_ES","og_type":"article","og_title":"Nueva instalaci\u00f3n fotovoltaica - Goierri Eskola","og_description":"[vc_row text_align=\u00bbcenter\u00bb type=\u00bbimage\u00bb bg_position=\u00bbcenter\u00bb bg_position_horizontal=\u00bbcenter\u00bb bg_attachment=\u00bbtrue\u00bb padding_top=\u00bb300&#8243; padding_bottom=\u00bb20&#8243; border=\u00bbbottom\u00bb bg_image=\u00bb12341&#8243;][vc_column][\/vc_column][\/vc_row][vc_row][vc_column][vc_custom_heading text=\u00bbApuesta por la sostenibilidad con una nueva instalaci\u00f3n fotovoltaica \u00bb font_container=\u00bbtag:h2|text_align:left|color:%23ffffff\u00bb google_fonts=\u00bbfont_family:Raleway%3A100%2C200%2C300%2Cregular%2C500%2C600%2C700%2C800%2C900|font_style:600%20bold%20regular%3A600%3Anormal\u00bb css=\u00bb.vc_custom_1739264355201{background-color: #1e73be !important;}\u00bb][vc_column_text] Nueva instalaci\u00f3n fotovoltaica: En Goierri Eskola, reafirmamos nuestro compromiso con la sostenibilidad y la formaci\u00f3n de calidad mediante la reciente instalaci\u00f3n de un sistema fotovoltaico en nuestras instalaciones. Este proyecto, financiado por la Uni\u00f3n Europea [&hellip;]","og_url":"https:\/\/www.goierrieskola.eus\/es\/nueva-instalacion-fotovoltaica\/","og_site_name":"Goierri Eskola","article_publisher":"https:\/\/www.facebook.com\/goierrieskola","article_published_time":"2025-02-11T09:15:44+00:00","og_image":[{"width":1718,"height":1220,"url":"https:\/\/www.goierrieskola.eus\/wp-content\/uploads\/2025\/02\/Captura-de-pantalla-2025-02-11-a-las-9.10.16.png","type":"image\/png"}],"author":"jmalkorta","twitter_card":"summary_large_image","twitter_creator":"@Goierrieskola1","twitter_site":"@Goierrieskola1","twitter_misc":{"Escrito por":"jmalkorta","Tiempo de lectura":"2 minutos"},"schema":{"@context":"https:\/\/schema.org","@graph":[{"@type":"Article","@id":"https:\/\/www.goierrieskola.eus\/es\/nueva-instalacion-fotovoltaica\/#article","isPartOf":{"@id":"https:\/\/www.goierrieskola.eus\/es\/nueva-instalacion-fotovoltaica\/"},"author":{"name":"jmalkorta","@id":"https:\/\/www.goierrieskola.eus\/#\/schema\/person\/d018fb5e54ca4a07922cd4dc9e299cc6"},"headline":"Nueva instalaci\u00f3n fotovoltaica","datePublished":"2025-02-11T09:15:44+00:00","mainEntityOfPage":{"@id":"https:\/\/www.goierrieskola.eus\/es\/nueva-instalacion-fotovoltaica\/"},"wordCount":431,"publisher":{"@id":"https:\/\/www.goierrieskola.eus\/#organization"},"image":{"@id":"https:\/\/www.goierrieskola.eus\/es\/nueva-instalacion-fotovoltaica\/#primaryimage"},"thumbnailUrl":"https:\/\/www.goierrieskola.eus\/wp-content\/uploads\/2025\/02\/Captura-de-pantalla-2025-02-11-a-las-9.10.16.png","articleSection":["Proyectos"],"inLanguage":"es"},{"@type":"WebPage","@id":"https:\/\/www.goierrieskola.eus\/es\/nueva-instalacion-fotovoltaica\/","url":"https:\/\/www.goierrieskola.eus\/es\/nueva-instalacion-fotovoltaica\/","name":"Nueva instalaci\u00f3n fotovoltaica - Goierri Eskola","isPartOf":{"@id":"https:\/\/www.goierrieskola.eus\/#website"},"primaryImageOfPage":{"@id":"https:\/\/www.goierrieskola.eus\/es\/nueva-instalacion-fotovoltaica\/#primaryimage"},"image":{"@id":"https:\/\/www.goierrieskola.eus\/es\/nueva-instalacion-fotovoltaica\/#primaryimage"},"thumbnailUrl":"https:\/\/www.goierrieskola.eus\/wp-content\/uploads\/2025\/02\/Captura-de-pantalla-2025-02-11-a-las-9.10.16.png","datePublished":"2025-02-11T09:15:44+00:00","breadcrumb":{"@id":"https:\/\/www.goierrieskola.eus\/es\/nueva-instalacion-fotovoltaica\/#breadcrumb"},"inLanguage":"es","potentialAction":[{"@type":"ReadAction","target":["https:\/\/www.goierrieskola.eus\/es\/nueva-instalacion-fotovoltaica\/"]}]},{"@type":"ImageObject","inLanguage":"es","@id":"https:\/\/www.goierrieskola.eus\/es\/nueva-instalacion-fotovoltaica\/#primaryimage","url":"https:\/\/www.goierrieskola.eus\/wp-content\/uploads\/2025\/02\/Captura-de-pantalla-2025-02-11-a-las-9.10.16.png","contentUrl":"https:\/\/www.goierrieskola.eus\/wp-content\/uploads\/2025\/02\/Captura-de-pantalla-2025-02-11-a-las-9.10.16.png","width":1718,"height":1220,"caption":"Proyecto de instalaci\u00f3n fotovoltaica en Goierri Eskola"},{"@type":"BreadcrumbList","@id":"https:\/\/www.goierrieskola.eus\/es\/nueva-instalacion-fotovoltaica\/#breadcrumb","itemListElement":[{"@type":"ListItem","position":1,"name":"Portada","item":"https:\/\/www.goierrieskola.eus\/es\/"},{"@type":"ListItem","position":2,"name":"Nueva instalaci\u00f3n fotovoltaica"}]},{"@type":"WebSite","@id":"https:\/\/www.goierrieskola.eus\/#website","url":"https:\/\/www.goierrieskola.eus\/","name":"Goierri Eskola","description":"La Web de tu Escuela","publisher":{"@id":"https:\/\/www.goierrieskola.eus\/#organization"},"potentialAction":[{"@type":"SearchAction","target":{"@type":"EntryPoint","urlTemplate":"https:\/\/www.goierrieskola.eus\/?s={search_term_string}"},"query-input":{"@type":"PropertyValueSpecification","valueRequired":true,"valueName":"search_term_string"}}],"inLanguage":"es"},{"@type":"Organization","@id":"https:\/\/www.goierrieskola.eus\/#organization","name":"Goierri Eskola","url":"https:\/\/www.goierrieskola.eus\/","logo":{"@type":"ImageObject","inLanguage":"es","@id":"https:\/\/www.goierrieskola.eus\/#\/schema\/logo\/image\/","url":"https:\/\/www.goierrieskola.eus\/wp-content\/uploads\/2014\/11\/Logo_color.jpg","contentUrl":"https:\/\/www.goierrieskola.eus\/wp-content\/uploads\/2014\/11\/Logo_color.jpg","width":227,"height":88,"caption":"Goierri Eskola"},"image":{"@id":"https:\/\/www.goierrieskola.eus\/#\/schema\/logo\/image\/"},"sameAs":["https:\/\/www.facebook.com\/goierrieskola","https:\/\/x.com\/Goierrieskola1"]},{"@type":"Person","@id":"https:\/\/www.goierrieskola.eus\/#\/schema\/person\/d018fb5e54ca4a07922cd4dc9e299cc6","name":"jmalkorta","image":{"@type":"ImageObject","inLanguage":"es","@id":"https:\/\/secure.gravatar.com\/avatar\/7dd08e627dde54daaac2836d06c50e99605a90c0e74b1d9313c5fb8039617fa4?s=96&d=mm&r=g","url":"https:\/\/secure.gravatar.com\/avatar\/7dd08e627dde54daaac2836d06c50e99605a90c0e74b1d9313c5fb8039617fa4?s=96&d=mm&r=g","contentUrl":"https:\/\/secure.gravatar.com\/avatar\/7dd08e627dde54daaac2836d06c50e99605a90c0e74b1d9313c5fb8039617fa4?s=96&d=mm&r=g","caption":"jmalkorta"},"url":"https:\/\/www.goierrieskola.eus\/es\/author\/jmalkorta\/"}]}},"_links":{"self":[{"href":"https:\/\/www.goierrieskola.eus\/es\/wp-json\/wp\/v2\/posts\/17767","targetHints":{"allow":["GET"]}}],"collection":[{"href":"https:\/\/www.goierrieskola.eus\/es\/wp-json\/wp\/v2\/posts"}],"about":[{"href":"https:\/\/www.goierrieskola.eus\/es\/wp-json\/wp\/v2\/types\/post"}],"author":[{"embeddable":true,"href":"https:\/\/www.goierrieskola.eus\/es\/wp-json\/wp\/v2\/users\/3"}],"replies":[{"embeddable":true,"href":"https:\/\/www.goierrieskola.eus\/es\/wp-json\/wp\/v2\/comments?post=17767"}],"version-history":[{"count":20,"href":"https:\/\/www.goierrieskola.eus\/es\/wp-json\/wp\/v2\/posts\/17767\/revisions"}],"predecessor-version":[{"id":17796,"href":"https:\/\/www.goierrieskola.eus\/es\/wp-json\/wp\/v2\/posts\/17767\/revisions\/17796"}],"wp:featuredmedia":[{"embeddable":true,"href":"https:\/\/www.goierrieskola.eus\/es\/wp-json\/wp\/v2\/media\/17768"}],"wp:attachment":[{"href":"https:\/\/www.goierrieskola.eus\/es\/wp-json\/wp\/v2\/media?parent=17767"}],"wp:term":[{"taxonomy":"category","embeddable":true,"href":"https:\/\/www.goierrieskola.eus\/es\/wp-json\/wp\/v2\/categories?post=17767"},{"taxonomy":"post_tag","embeddable":true,"href":"https:\/\/www.goierrieskola.eus\/es\/wp-json\/wp\/v2\/tags?post=17767"}],"curies":[{"name":"wp","href":"https:\/\/api.w.org\/{rel}","templated":true}]}}