{"id":7161,"date":"2015-04-24T09:50:08","date_gmt":"2015-04-24T09:50:08","guid":{"rendered":"http:\/\/www.goierrieskola.org\/?p=7161"},"modified":"2022-03-03T14:56:21","modified_gmt":"2022-03-03T14:56:21","slug":"practicas-en-empresa-valor-anadido","status":"publish","type":"post","link":"https:\/\/www.goierrieskola.eus\/es\/practicas-en-empresa-valor-anadido\/","title":{"rendered":"Pr\u00e1cticas en empresa: Valor a\u00f1adido"},"content":{"rendered":"<p>[vc_row][vc_column width=\u00bb2\/3&#8243;][vc_column_text animation=\u00bbanimate-when-almost-visible\u00bb]Esta semana, <strong>Juan Urteaga<\/strong>, responsable de pr\u00e1cticas de Goierri Eskola, present\u00f3 los datos relativos a las pr\u00e1cticas en empresa de nuestro alumnado, correspondientes al curso actual, 2014-2015.<\/p>\n<p>Son unos n\u00fameros sorprendentes, ya que no muchas personas son conscientes del n\u00famero de entrevistas y gestiones que hay que llevar a cabo para poder satisfacer la demanda de pr\u00e1cticas de nuestro alumnado:<\/p>\n<ul>\n<li style=\"text-align: left;\">Responsables de empresas: Recursos humanos, gerentes, producci\u00f3n&#8230;<\/li>\n<li style=\"text-align: left;\">Alumnas\/os.<\/li>\n<li style=\"text-align: left;\">Tutoras\/es en la empresa.<\/li>\n<li style=\"text-align: left;\">Tutoras\/es en Goierri Eskola.<\/li>\n<\/ul>\n<p><strong>Te invitamos a un peque\u00f1o juego<\/strong>: Lee las preguntas de la columna derecha y trata de adivinar la respuesta antes de pulsar.\u00a0\u00bfSospechabas que Goierri Eskola manejaba anualmente ese volumen de pr\u00e1cticas?[\/vc_column_text][\/vc_column][vc_column width=\u00bb1\/3&#8243;][vc_toggle title=\u00bb\u00bfCu\u00e1ntas\/os alumnas\/os de Goierri Eskola van a realizar sus pr\u00e1cticas durante el curso 2014-2015?\u00bb icon=\u00bbok\u00bb icon_closed=\u00bbquestion\u00bb animation=\u00bbanimate-when-almost-visible\u00bb style=\u00bbrounded\u00bb color=\u00bbblue\u00bb size=\u00bbmd\u00bb]<span data-number=\"343\" class=\" kleo-animate-number animate-when-visible\" data-timer=\"10000\">343<\/span><\/p>\n<p>Ese es el n\u00famero total de pr\u00e1cticas gestionado por Goierri Eskola este curso. \u00bfC\u00f3mo se distribuyen?<\/p>\n<ul>\n<li>Formaci\u00f3n Profesional Inicial: 35.<\/li>\n<li>Ciclos Formativos de Grado Medio: 30.<\/li>\n<li>Ciclos Formativos de Grado Superior: 135.<\/li>\n<li>Formaci\u00f3n a desempleadas\/os: 67.<\/li>\n<li>Programa \u00abT\u00e9cnicos para Chile\u00bb: 21.<\/li>\n<li>Ingenier\u00eda: 55.<\/li>\n<\/ul>\n<p>[\/vc_toggle][vc_toggle title=\u00bb\u00bfQu\u00e9 representa el n\u00famero 227?\u00bb icon=\u00bbok\u00bb icon_closed=\u00bbquestion\u00bb style=\u00bbrounded_outline\u00bb color=\u00bbpink\u00bb size=\u00bbmd\u00bb]Es el <strong>n\u00famero de empresas<\/strong> que han acogido a nuestro alumnado en pr\u00e1cticas durante el curso 2014-2015..[\/vc_toggle][vc_toggle title=\u00bb\u00bfCu\u00e1ntas personas participan en programas de formaci\u00f3n dual?\u00bb icon=\u00bbok\u00bb icon_closed=\u00bbquestion\u00bb style=\u00bbdefault\u00bb color=\u00bbDefault\u00bb size=\u00bbmd\u00bb]<span data-number=\"11\" class=\" kleo-animate-number animate-when-almost-visible\" data-timer=\"10000\">11<\/span><\/p>\n<p><a title=\"HEZIBI\" href=\"http:\/\/www.hezkuntza.ejgv.euskadi.eus\/r43-2638\/es\/contenidos\/informacion\/hezibi\/es_def\/index.shtml\" target=\"_blank\" rel=\"noopener\">HEZIBI<\/a> es el programa del Gobierno Vasco para la Formaci\u00f3n Profesional Dual en Alternancia. Este es el tercer\u00a0a\u00f1o y las cifras han ido creciendo a\u00f1o a a\u00f1o: comenzamos con 4 alumnas\/os, se increment\u00f3 a 6 el segundo curso y ha escalado hasta los 11 del presente.<\/p>\n<p>Es previsible que cada vez m\u00e1s empresas conozcan y hagan uso de este programa\u00a0mediante el que:<\/p>\n<ul>\n<li>Consiguen trabajadoras\/es con una formaci\u00f3n adaptada desde el comienzo a sus necesidades y a su cultura.<\/li>\n<li>Supone una herramienta para atraer talento a la empresa y fidelizarlo.<\/li>\n<li>Facilita el relevo generacional.<\/li>\n<\/ul>\n<p>Del mismo modo, es previsible que cada vez un mayor n\u00famero de nuestras\/os alumnas\/os opten por esta formaci\u00f3n que:<\/p>\n<ul>\n<li>Les permite formarse en un entorno productivo real durante, al menos, un a\u00f1o.<\/li>\n<li>Les reporta una contraprestaci\u00f3n econ\u00f3mica por la actividad laboral realizada (contrato o beca).<\/li>\n<li>Mejora su empleabilidad.<\/li>\n<li>Inicia su vida laboral cotizando a la Seguridad Social.<\/li>\n<\/ul>\n<p>[\/vc_toggle][vc_toggle title=\u00bbPero, Goierri Eskola ofrece pr\u00e1cticas voluntarias en adici\u00f3n a las obligatorias establecidas en los curr\u00edcula a trav\u00e9s de la Fundaci\u00f3n Ikaslan. \u00bfCu\u00e1ntas personas realizan estas pr\u00e1cticas?\u00bb icon=\u00bbok\u00bb icon_closed=\u00bbquestion\u00bb style=\u00bbdefault\u00bb color=\u00bbDefault\u00bb size=\u00bbmd\u00bb]<span data-number=\"159\" class=\" kleo-animate-number animate-when-almost-visible\" data-timer=\"10000\">159<\/span><\/p>\n<p>La Fundaci\u00f3n Centro de Formaci\u00f3n Ikaslan es un centro cooperativo donde los alumnos de grado medio y superior de Goierri Eskola realizan unas pr\u00e1cticas adicionales que les ayudan a adaptarse al mundo profesional.<\/p>\n<p>Desempe\u00f1a un papel muy importante en el paso al mundo profesional. Su labor es la de proporcionar a sus alumnos una formaci\u00f3n adecuada para que esta transici\u00f3n sea lo m\u00e1s suave posible. Es por ello que el objetivo de Ikaslan es formar al alumno hacia el puesto de trabajo, limando las diferencias entre el mundo escolar y el mundo profesional. <strong>Esta es una contribuci\u00f3n adicional de Goierri Eskola a la formaci\u00f3n dual impulsada desde el Gobierno Vasco<\/strong>.<\/p>\n<p>Durante este curso, la distribuci\u00f3n ha sido la siguiente:<\/p>\n<ul>\n<li>Formaci\u00f3n Profesional B\u00e1sica: 8.<\/li>\n<li>Grado Medio: 25.<\/li>\n<li>Grado Superior: 113.<\/li>\n<li>Desempleadas\/os: 9.<\/li>\n<li>Ingenier\u00eda: 4.<\/li>\n<\/ul>\n<p>[\/vc_toggle][vc_toggle title=\u00bb\u00bfEs posible realizar esas pr\u00e1cticas en el extranjero?\u00bb icon=\u00bbok\u00bb icon_closed=\u00bbquestion\u00bb style=\u00bbdefault\u00bb color=\u00bbDefault\u00bb size=\u00bbmd\u00bb]\u00a1S\u00ed!<\/p>\n<p>De hecho este curso han sido 9 las\/os alumnas\/os realizando sus pr\u00e1cticas en el extranjero: Irlanda, Suecia, Polonia y Holanda.<\/p>\n<p>La internacionalizaci\u00f3n\u00a0es una de nuestras apuestas y nos esforzamos en promocionar a\u00f1o tras a\u00f1o las pr\u00e1cticas en el extranjero.[\/vc_toggle][\/vc_column][\/vc_row][vc_row][vc_column]<div  class=\"kleo-gap\" style=\"height:50px;line-height:50px;\"><\/div>[vc_custom_heading text=\u00bbPuedes ver el detalle de la informaci\u00f3n en la siguiente presentaci\u00f3n\u00bb font_container=\u00bbtag:h4|text_align:left\u00bb][vc_raw_html]JTNDaWZyYW1lJTIwc3JjJTNEJTIyaHR0cHMlM0ElMkYlMkZ3d3cuc2xpZGVzaGFyZS5uZXQlMkZzbGlkZXNob3clMkZlbWJlZF9jb2RlJTJGa2V5JTJGNEFNRnF5b21sOUNUdmolMjIlMjB3aWR0aCUzRCUyMjcxNCUyMiUyMGhlaWdodCUzRCUyMjQ1MCUyMiUyMGZyYW1lYm9yZGVyJTNEJTIyMCUyMiUyMG1hcmdpbndpZHRoJTNEJTIyMCUyMiUyMG1hcmdpbmhlaWdodCUzRCUyMjAlMjIlMjBzY3JvbGxpbmclM0QlMjJubyUyMiUzRSUzQyUyRmlmcmFtZSUzRQ==[\/vc_raw_html][\/vc_column][\/vc_row]<\/p>\n","protected":false},"excerpt":{"rendered":"<p>[vc_row][vc_column width=\u00bb2\/3&#8243;][vc_column_text animation=\u00bbanimate-when-almost-visible\u00bb]Esta semana, Juan Urteaga, responsable de pr\u00e1cticas de Goierri Eskola, present\u00f3 los datos relativos a las pr\u00e1cticas en empresa de nuestro alumnado, correspondientes al curso actual, 2014-2015. Son unos n\u00fameros sorprendentes, ya que no muchas personas son conscientes del n\u00famero de entrevistas y gestiones que hay que llevar a cabo para poder satisfacer la demanda de pr\u00e1cticas de [&hellip;]<\/p>\n","protected":false},"author":1,"featured_media":0,"comment_status":"closed","ping_status":"closed","sticky":false,"template":"","format":"standard","meta":{"footnotes":""},"categories":[16],"tags":[],"class_list":["post-7161","post","type-post","status-publish","format-standard","hentry","category-bachillerato"],"yoast_head":"<!-- This site is optimized with the Yoast SEO plugin v27.4 - https:\/\/yoast.com\/product\/yoast-seo-wordpress\/ -->\n<title>Pr\u00e1cticas en empresa: Valor a\u00f1adido - Goierri Eskola<\/title>\n<meta name=\"robots\" content=\"index, follow, max-snippet:-1, max-image-preview:large, max-video-preview:-1\" \/>\n<link rel=\"canonical\" href=\"https:\/\/www.goierrieskola.eus\/es\/practicas-en-empresa-valor-anadido\/\" \/>\n<meta property=\"og:locale\" content=\"es_ES\" \/>\n<meta property=\"og:type\" content=\"article\" \/>\n<meta property=\"og:title\" content=\"Pr\u00e1cticas en empresa: Valor a\u00f1adido - Goierri Eskola\" \/>\n<meta property=\"og:description\" content=\"[vc_row][vc_column width=\u00bb2\/3&#8243;][vc_column_text animation=\u00bbanimate-when-almost-visible\u00bb]Esta semana, Juan Urteaga, responsable de pr\u00e1cticas de Goierri Eskola, present\u00f3 los datos relativos a las pr\u00e1cticas en empresa de nuestro alumnado, correspondientes al curso actual, 2014-2015. Son unos n\u00fameros sorprendentes, ya que no muchas personas son conscientes del n\u00famero de entrevistas y gestiones que hay que llevar a cabo para poder satisfacer la demanda de pr\u00e1cticas de [&hellip;]\" \/>\n<meta property=\"og:url\" content=\"https:\/\/www.goierrieskola.eus\/es\/practicas-en-empresa-valor-anadido\/\" \/>\n<meta property=\"og:site_name\" content=\"Goierri Eskola\" \/>\n<meta property=\"article:publisher\" content=\"https:\/\/www.facebook.com\/goierrieskola\" \/>\n<meta property=\"article:published_time\" content=\"2015-04-24T09:50:08+00:00\" \/>\n<meta property=\"article:modified_time\" content=\"2022-03-03T14:56:21+00:00\" \/>\n<meta name=\"author\" content=\"goierrieskolaAdm\" \/>\n<meta name=\"twitter:card\" content=\"summary_large_image\" \/>\n<meta name=\"twitter:creator\" content=\"@Goierrieskola1\" \/>\n<meta name=\"twitter:site\" content=\"@Goierrieskola1\" \/>\n<meta name=\"twitter:label1\" content=\"Escrito por\" \/>\n\t<meta name=\"twitter:data1\" content=\"goierrieskolaAdm\" \/>\n\t<meta name=\"twitter:label2\" content=\"Tiempo de lectura\" \/>\n\t<meta name=\"twitter:data2\" content=\"3 minutos\" \/>\n<script type=\"application\/ld+json\" class=\"yoast-schema-graph\">{\"@context\":\"https:\\\/\\\/schema.org\",\"@graph\":[{\"@type\":\"Article\",\"@id\":\"https:\\\/\\\/www.goierrieskola.eus\\\/es\\\/practicas-en-empresa-valor-anadido\\\/#article\",\"isPartOf\":{\"@id\":\"https:\\\/\\\/www.goierrieskola.eus\\\/es\\\/practicas-en-empresa-valor-anadido\\\/\"},\"author\":{\"name\":\"goierrieskolaAdm\",\"@id\":\"https:\\\/\\\/www.goierrieskola.eus\\\/#\\\/schema\\\/person\\\/b255e8eb1ca976b38e1ee0d39a5cef90\"},\"headline\":\"Pr\u00e1cticas en empresa: Valor a\u00f1adido\",\"datePublished\":\"2015-04-24T09:50:08+00:00\",\"dateModified\":\"2022-03-03T14:56:21+00:00\",\"mainEntityOfPage\":{\"@id\":\"https:\\\/\\\/www.goierrieskola.eus\\\/es\\\/practicas-en-empresa-valor-anadido\\\/\"},\"wordCount\":817,\"publisher\":{\"@id\":\"https:\\\/\\\/www.goierrieskola.eus\\\/#organization\"},\"articleSection\":[\"Bachillerato\"],\"inLanguage\":\"es\"},{\"@type\":\"WebPage\",\"@id\":\"https:\\\/\\\/www.goierrieskola.eus\\\/es\\\/practicas-en-empresa-valor-anadido\\\/\",\"url\":\"https:\\\/\\\/www.goierrieskola.eus\\\/es\\\/practicas-en-empresa-valor-anadido\\\/\",\"name\":\"Pr\u00e1cticas en empresa: Valor a\u00f1adido - Goierri Eskola\",\"isPartOf\":{\"@id\":\"https:\\\/\\\/www.goierrieskola.eus\\\/#website\"},\"datePublished\":\"2015-04-24T09:50:08+00:00\",\"dateModified\":\"2022-03-03T14:56:21+00:00\",\"breadcrumb\":{\"@id\":\"https:\\\/\\\/www.goierrieskola.eus\\\/es\\\/practicas-en-empresa-valor-anadido\\\/#breadcrumb\"},\"inLanguage\":\"es\",\"potentialAction\":[{\"@type\":\"ReadAction\",\"target\":[\"https:\\\/\\\/www.goierrieskola.eus\\\/es\\\/practicas-en-empresa-valor-anadido\\\/\"]}]},{\"@type\":\"BreadcrumbList\",\"@id\":\"https:\\\/\\\/www.goierrieskola.eus\\\/es\\\/practicas-en-empresa-valor-anadido\\\/#breadcrumb\",\"itemListElement\":[{\"@type\":\"ListItem\",\"position\":1,\"name\":\"Portada\",\"item\":\"https:\\\/\\\/www.goierrieskola.eus\\\/es\\\/\"},{\"@type\":\"ListItem\",\"position\":2,\"name\":\"Pr\u00e1cticas en empresa: Valor a\u00f1adido\"}]},{\"@type\":\"WebSite\",\"@id\":\"https:\\\/\\\/www.goierrieskola.eus\\\/#website\",\"url\":\"https:\\\/\\\/www.goierrieskola.eus\\\/\",\"name\":\"Goierri Eskola\",\"description\":\"La Web de tu Escuela\",\"publisher\":{\"@id\":\"https:\\\/\\\/www.goierrieskola.eus\\\/#organization\"},\"potentialAction\":[{\"@type\":\"SearchAction\",\"target\":{\"@type\":\"EntryPoint\",\"urlTemplate\":\"https:\\\/\\\/www.goierrieskola.eus\\\/?s={search_term_string}\"},\"query-input\":{\"@type\":\"PropertyValueSpecification\",\"valueRequired\":true,\"valueName\":\"search_term_string\"}}],\"inLanguage\":\"es\"},{\"@type\":\"Organization\",\"@id\":\"https:\\\/\\\/www.goierrieskola.eus\\\/#organization\",\"name\":\"Goierri Eskola\",\"url\":\"https:\\\/\\\/www.goierrieskola.eus\\\/\",\"logo\":{\"@type\":\"ImageObject\",\"inLanguage\":\"es\",\"@id\":\"https:\\\/\\\/www.goierrieskola.eus\\\/#\\\/schema\\\/logo\\\/image\\\/\",\"url\":\"https:\\\/\\\/www.goierrieskola.eus\\\/wp-content\\\/uploads\\\/2014\\\/11\\\/Logo_color.jpg\",\"contentUrl\":\"https:\\\/\\\/www.goierrieskola.eus\\\/wp-content\\\/uploads\\\/2014\\\/11\\\/Logo_color.jpg\",\"width\":227,\"height\":88,\"caption\":\"Goierri Eskola\"},\"image\":{\"@id\":\"https:\\\/\\\/www.goierrieskola.eus\\\/#\\\/schema\\\/logo\\\/image\\\/\"},\"sameAs\":[\"https:\\\/\\\/www.facebook.com\\\/goierrieskola\",\"https:\\\/\\\/x.com\\\/Goierrieskola1\"]},{\"@type\":\"Person\",\"@id\":\"https:\\\/\\\/www.goierrieskola.eus\\\/#\\\/schema\\\/person\\\/b255e8eb1ca976b38e1ee0d39a5cef90\",\"name\":\"goierrieskolaAdm\",\"image\":{\"@type\":\"ImageObject\",\"inLanguage\":\"es\",\"@id\":\"https:\\\/\\\/secure.gravatar.com\\\/avatar\\\/e9fdf651f3112063fea88c97f94fa8ada68ce1854abd481c230f2310134a029e?s=96&d=mm&r=g\",\"url\":\"https:\\\/\\\/secure.gravatar.com\\\/avatar\\\/e9fdf651f3112063fea88c97f94fa8ada68ce1854abd481c230f2310134a029e?s=96&d=mm&r=g\",\"contentUrl\":\"https:\\\/\\\/secure.gravatar.com\\\/avatar\\\/e9fdf651f3112063fea88c97f94fa8ada68ce1854abd481c230f2310134a029e?s=96&d=mm&r=g\",\"caption\":\"goierrieskolaAdm\"},\"url\":\"https:\\\/\\\/www.goierrieskola.eus\\\/es\\\/author\\\/goierrieskolaadm\\\/\"}]}<\/script>\n<!-- \/ Yoast SEO plugin. -->","yoast_head_json":{"title":"Pr\u00e1cticas en empresa: Valor a\u00f1adido - Goierri Eskola","robots":{"index":"index","follow":"follow","max-snippet":"max-snippet:-1","max-image-preview":"max-image-preview:large","max-video-preview":"max-video-preview:-1"},"canonical":"https:\/\/www.goierrieskola.eus\/es\/practicas-en-empresa-valor-anadido\/","og_locale":"es_ES","og_type":"article","og_title":"Pr\u00e1cticas en empresa: Valor a\u00f1adido - Goierri Eskola","og_description":"[vc_row][vc_column width=\u00bb2\/3&#8243;][vc_column_text animation=\u00bbanimate-when-almost-visible\u00bb]Esta semana, Juan Urteaga, responsable de pr\u00e1cticas de Goierri Eskola, present\u00f3 los datos relativos a las pr\u00e1cticas en empresa de nuestro alumnado, correspondientes al curso actual, 2014-2015. Son unos n\u00fameros sorprendentes, ya que no muchas personas son conscientes del n\u00famero de entrevistas y gestiones que hay que llevar a cabo para poder satisfacer la demanda de pr\u00e1cticas de [&hellip;]","og_url":"https:\/\/www.goierrieskola.eus\/es\/practicas-en-empresa-valor-anadido\/","og_site_name":"Goierri Eskola","article_publisher":"https:\/\/www.facebook.com\/goierrieskola","article_published_time":"2015-04-24T09:50:08+00:00","article_modified_time":"2022-03-03T14:56:21+00:00","author":"goierrieskolaAdm","twitter_card":"summary_large_image","twitter_creator":"@Goierrieskola1","twitter_site":"@Goierrieskola1","twitter_misc":{"Escrito por":"goierrieskolaAdm","Tiempo de lectura":"3 minutos"},"schema":{"@context":"https:\/\/schema.org","@graph":[{"@type":"Article","@id":"https:\/\/www.goierrieskola.eus\/es\/practicas-en-empresa-valor-anadido\/#article","isPartOf":{"@id":"https:\/\/www.goierrieskola.eus\/es\/practicas-en-empresa-valor-anadido\/"},"author":{"name":"goierrieskolaAdm","@id":"https:\/\/www.goierrieskola.eus\/#\/schema\/person\/b255e8eb1ca976b38e1ee0d39a5cef90"},"headline":"Pr\u00e1cticas en empresa: Valor a\u00f1adido","datePublished":"2015-04-24T09:50:08+00:00","dateModified":"2022-03-03T14:56:21+00:00","mainEntityOfPage":{"@id":"https:\/\/www.goierrieskola.eus\/es\/practicas-en-empresa-valor-anadido\/"},"wordCount":817,"publisher":{"@id":"https:\/\/www.goierrieskola.eus\/#organization"},"articleSection":["Bachillerato"],"inLanguage":"es"},{"@type":"WebPage","@id":"https:\/\/www.goierrieskola.eus\/es\/practicas-en-empresa-valor-anadido\/","url":"https:\/\/www.goierrieskola.eus\/es\/practicas-en-empresa-valor-anadido\/","name":"Pr\u00e1cticas en empresa: Valor a\u00f1adido - Goierri Eskola","isPartOf":{"@id":"https:\/\/www.goierrieskola.eus\/#website"},"datePublished":"2015-04-24T09:50:08+00:00","dateModified":"2022-03-03T14:56:21+00:00","breadcrumb":{"@id":"https:\/\/www.goierrieskola.eus\/es\/practicas-en-empresa-valor-anadido\/#breadcrumb"},"inLanguage":"es","potentialAction":[{"@type":"ReadAction","target":["https:\/\/www.goierrieskola.eus\/es\/practicas-en-empresa-valor-anadido\/"]}]},{"@type":"BreadcrumbList","@id":"https:\/\/www.goierrieskola.eus\/es\/practicas-en-empresa-valor-anadido\/#breadcrumb","itemListElement":[{"@type":"ListItem","position":1,"name":"Portada","item":"https:\/\/www.goierrieskola.eus\/es\/"},{"@type":"ListItem","position":2,"name":"Pr\u00e1cticas en empresa: Valor a\u00f1adido"}]},{"@type":"WebSite","@id":"https:\/\/www.goierrieskola.eus\/#website","url":"https:\/\/www.goierrieskola.eus\/","name":"Goierri Eskola","description":"La Web de tu Escuela","publisher":{"@id":"https:\/\/www.goierrieskola.eus\/#organization"},"potentialAction":[{"@type":"SearchAction","target":{"@type":"EntryPoint","urlTemplate":"https:\/\/www.goierrieskola.eus\/?s={search_term_string}"},"query-input":{"@type":"PropertyValueSpecification","valueRequired":true,"valueName":"search_term_string"}}],"inLanguage":"es"},{"@type":"Organization","@id":"https:\/\/www.goierrieskola.eus\/#organization","name":"Goierri Eskola","url":"https:\/\/www.goierrieskola.eus\/","logo":{"@type":"ImageObject","inLanguage":"es","@id":"https:\/\/www.goierrieskola.eus\/#\/schema\/logo\/image\/","url":"https:\/\/www.goierrieskola.eus\/wp-content\/uploads\/2014\/11\/Logo_color.jpg","contentUrl":"https:\/\/www.goierrieskola.eus\/wp-content\/uploads\/2014\/11\/Logo_color.jpg","width":227,"height":88,"caption":"Goierri Eskola"},"image":{"@id":"https:\/\/www.goierrieskola.eus\/#\/schema\/logo\/image\/"},"sameAs":["https:\/\/www.facebook.com\/goierrieskola","https:\/\/x.com\/Goierrieskola1"]},{"@type":"Person","@id":"https:\/\/www.goierrieskola.eus\/#\/schema\/person\/b255e8eb1ca976b38e1ee0d39a5cef90","name":"goierrieskolaAdm","image":{"@type":"ImageObject","inLanguage":"es","@id":"https:\/\/secure.gravatar.com\/avatar\/e9fdf651f3112063fea88c97f94fa8ada68ce1854abd481c230f2310134a029e?s=96&d=mm&r=g","url":"https:\/\/secure.gravatar.com\/avatar\/e9fdf651f3112063fea88c97f94fa8ada68ce1854abd481c230f2310134a029e?s=96&d=mm&r=g","contentUrl":"https:\/\/secure.gravatar.com\/avatar\/e9fdf651f3112063fea88c97f94fa8ada68ce1854abd481c230f2310134a029e?s=96&d=mm&r=g","caption":"goierrieskolaAdm"},"url":"https:\/\/www.goierrieskola.eus\/es\/author\/goierrieskolaadm\/"}]}},"_links":{"self":[{"href":"https:\/\/www.goierrieskola.eus\/es\/wp-json\/wp\/v2\/posts\/7161","targetHints":{"allow":["GET"]}}],"collection":[{"href":"https:\/\/www.goierrieskola.eus\/es\/wp-json\/wp\/v2\/posts"}],"about":[{"href":"https:\/\/www.goierrieskola.eus\/es\/wp-json\/wp\/v2\/types\/post"}],"author":[{"embeddable":true,"href":"https:\/\/www.goierrieskola.eus\/es\/wp-json\/wp\/v2\/users\/1"}],"replies":[{"embeddable":true,"href":"https:\/\/www.goierrieskola.eus\/es\/wp-json\/wp\/v2\/comments?post=7161"}],"version-history":[{"count":35,"href":"https:\/\/www.goierrieskola.eus\/es\/wp-json\/wp\/v2\/posts\/7161\/revisions"}],"predecessor-version":[{"id":14619,"href":"https:\/\/www.goierrieskola.eus\/es\/wp-json\/wp\/v2\/posts\/7161\/revisions\/14619"}],"wp:attachment":[{"href":"https:\/\/www.goierrieskola.eus\/es\/wp-json\/wp\/v2\/media?parent=7161"}],"wp:term":[{"taxonomy":"category","embeddable":true,"href":"https:\/\/www.goierrieskola.eus\/es\/wp-json\/wp\/v2\/categories?post=7161"},{"taxonomy":"post_tag","embeddable":true,"href":"https:\/\/www.goierrieskola.eus\/es\/wp-json\/wp\/v2\/tags?post=7161"}],"curies":[{"name":"wp","href":"https:\/\/api.w.org\/{rel}","templated":true}]}}