{"id":7775,"date":"2020-07-22T07:00:18","date_gmt":"2020-07-22T07:00:18","guid":{"rendered":"http:\/\/www.goierrieskola.eus\/?p=7775"},"modified":"2022-02-23T16:02:04","modified_gmt":"2022-02-23T16:02:04","slug":"inicio-del-curso-jornada-de-presentacion","status":"publish","type":"post","link":"https:\/\/www.goierrieskola.eus\/es\/inicio-del-curso-jornada-de-presentacion\/","title":{"rendered":"INICIO DEL CURSO &#8211; JORNADA DE PRESENTACI\u00d3N"},"content":{"rendered":"<p>[vc_row][vc_column][vc_custom_heading text=\u00bbINICIO DEL CURSO 20 \/ 21&#8243; font_container=\u00bbtag:h5|font_size:28|text_align:center\u00bb google_fonts=\u00bbfont_family:Raleway%3A100%2C200%2C300%2Cregular%2C500%2C600%2C700%2C800%2C900|font_style:400%20regular%3A400%3Anormal\u00bb][vc_custom_heading text=\u00bb\u00a1ATENCI\u00d3N! Debido al COVID-19, el Departamento de Educaci\u00f3n ha retrasado el inicio del curso escolar 20 \/21. A continuaci\u00f3n se detallan las nuevas fechas de inicio.\u00bb font_container=\u00bbtag:h2|font_size:20|text_align:left\u00bb google_fonts=\u00bbfont_family:Raleway%3A100%2C200%2C300%2Cregular%2C500%2C600%2C700%2C800%2C900|font_style:400%20regular%3A400%3Anormal\u00bb][vc_row_inner][vc_column_inner width=\u00bb1\/2&#8243;][vc_column_text]A continuaci\u00f3n se detallan las FECHAS Y AULAS para la presentaci\u00f3n del curso escolar 20\/21:<\/p>\n<hr \/>\n<h2><span style=\"color: #ff0000;\"><strong>BACHILLERATO &#8211; 15 de Septiembre &#8211; (08:00)<\/strong><\/span><\/h2>\n<h3><strong><span style=\"color: #ff0000;\">1er Curso<\/span><\/strong><\/h3>\n<ul>\n<li style=\"text-align: left;\"><span style=\"color: #ff0000;\">1BT1 &#8211; aula 4121<\/span><\/li>\n<li style=\"text-align: left;\"><span style=\"color: #ff0000;\">1BT2 &#8211; aula 4115<\/span><\/li>\n<\/ul>\n<p><span style=\"color: #ff0000;\"><em>NOTA: El listado de alumnos de cada grupo se encontrar\u00e1 en la entrada del edificio 4.<\/em><\/span><\/p>\n<p>&nbsp;<\/p>\n<h3><strong><span style=\"color: #993300;\">2\u00ba Curso<\/span><\/strong><\/h3>\n<ul>\n<li style=\"text-align: left;\"><span style=\"color: #993300;\">2BT1 &#8211; aula 2209<\/span><\/li>\n<li style=\"text-align: left;\"><span style=\"color: #993300;\">2BT2 &#8211; aula 2206<\/span><\/li>\n<\/ul>\n<p><span style=\"color: #993300;\"><em>NOTA: El listado de alumnos de cada grupo se encontrar\u00e1 a la entrada del edificio 2.<\/em><\/span><\/p>\n<p>&nbsp;<\/p>\n<hr \/>\n<h2><span style=\"color: #000000;\"><strong>Formaci\u00f3n Profesional de GRADO SUPERIOR<\/strong><\/span><\/h2>\n<h3><span style=\"color: #000000;\"><strong>2\u00bacurso: 14 de Septiembre<\/strong><\/span><\/h3>\n<h4 style=\"padding-left: 30px;\"><span style=\"color: #000000;\"><strong><em>Horario de Ma\u00f1ana (a las 08:00)<\/em><\/strong><\/span><\/h4>\n<ul>\n<li style=\"text-align: left;\"><span style=\"color: #000000;\"><strong>2FM3A<\/strong> &#8211; Programaci\u00f3n de la Producci\u00f3n de Fabricaci\u00f3n Mec\u00e1nica &#8211; <strong>aula 1118<\/strong><\/span><\/li>\n<li style=\"text-align: left;\"><span style=\"color: #000000;\"><strong>2AR3<\/strong> &#8211; Automatizaci\u00f3n y Robotica Industrial &#8211; <strong>aula 1204<\/strong><\/span><\/li>\n<li style=\"text-align: left;\"><span style=\"color: #000000;\"><strong>2AF3<\/strong> &#8211; Administraci\u00f3n y Finanzas &#8211; <strong>aula 2008<\/strong><\/span><\/li>\n<li style=\"text-align: left;\"><span style=\"color: #000000;\"><strong>2DF3<\/strong> &#8211; Dise\u00f1o en Fabricaci\u00f3n Mec\u00e1nica &#8211; <strong>aula 2205<\/strong><\/span><\/li>\n<\/ul>\n<h4 style=\"padding-left: 30px;\"><span style=\"color: #800000;\"><em><strong>Horario de Tarde (a las 13:30)<\/strong><\/em><\/span><\/h4>\n<ul>\n<li style=\"text-align: left;\"><span style=\"color: #800000;\"><strong>2MT3<\/strong> &#8211; Estructuras Met\u00e1licas &#8211; <strong>aula 1104<\/strong>\u00a0<\/span><\/li>\n<li style=\"text-align: left;\"><span style=\"color: #800000;\"><strong>2FM3B<\/strong> &#8211;\u00a0Programaci\u00f3n de la Producci\u00f3n de Fabricaci\u00f3n Mec\u00e1nica &#8211; <strong>aula 1117<\/strong><\/span><\/li>\n<li style=\"text-align: left;\"><span style=\"color: #800000;\"><strong>2MK3<\/strong> &#8211; Mecatronica Industrial &#8211; <strong>aula 1204<\/strong><\/span><\/li>\n<\/ul>\n<p>&nbsp;<\/p>\n<h3><span style=\"color: #000000;\"><strong>1er curso: 16 de Septiembre\u00a0<em>(a las 08:00)<\/em><\/strong><\/span><\/h3>\n<ul>\n<li style=\"text-align: left;\"><span style=\"color: #000000;\">1AR3 &#8211; Automatizaci\u00f3n y<strong> Robotica <\/strong>Industrial &#8211; <strong>aula<\/strong> <strong>1201<\/strong><\/span><\/li>\n<li style=\"text-align: left;\"><span style=\"color: #000000;\">1MK3 &#8211; <strong>Mecatronica <\/strong>Industrial &#8211; <strong>aula<\/strong> <strong>1211<\/strong><\/span><\/li>\n<li style=\"text-align: left;\"><span style=\"color: #000000;\">1DF3 &#8211; <strong>Dise\u00f1o<\/strong> en Fabricaci\u00f3n Mec\u00e1nica &#8211; <strong>aula<\/strong> <strong>4120<\/strong><\/span><\/li>\n<li style=\"text-align: left;\"><span style=\"color: #000000;\">1FM3(A\/B) &#8211; Programaci\u00f3n de la Producci\u00f3n de <strong>Fabricaci\u00f3n Mec\u00e1nica<\/strong> &#8211; <strong>aulas 1117\/1118<\/strong><\/span><\/li>\n<li style=\"text-align: left;\"><span style=\"color: #000000;\">1MT3 &#8211; <strong>Estructuras Met\u00e1licas<\/strong> &#8211; <strong>aula 1104\u00a0<\/strong><\/span><\/li>\n<li style=\"text-align: left;\"><span style=\"color: #000000;\">1AF3 &#8211; <strong>Administraci\u00f3n y Finanzas<\/strong> &#8211; <strong>aula 2204<\/strong><\/span><\/li>\n<\/ul>\n<hr \/>\n<h2><span style=\"color: #0000ff;\"><strong>Formaci\u00f3n Profesional de GRADO MEDIO:<\/strong><\/span><\/h2>\n<h3><span style=\"color: #0000ff;\"><strong>2\u00ba Curso: 21 de Septiembre<\/strong><\/span><\/h3>\n<p style=\"text-align: left; padding-left: 30px;\"><span style=\"color: #0000ff;\"><strong><em>Por la ma\u00f1ana (a las 08:00)<\/em><\/strong><\/span><\/p>\n<ul style=\"text-align: left;\">\n<li style=\"text-align: left;\"><span style=\"color: #000080;\"><strong>2SG2<\/strong> &#8211; Soldadura y Calderer\u00eda &#8211; <strong>aula\u00a02107<\/strong><\/span><\/li>\n<\/ul>\n<p>&nbsp;<\/p>\n<p style=\"padding-left: 30px; text-align: left;\"><span style=\"color: #0000ff;\"><strong><em>Por la tarde (a las 13:30)<\/em><\/strong><\/span><\/p>\n<ul>\n<li style=\"text-align: left;\"><span style=\"color: #003366;\"><strong>2MK2<\/strong> &#8211; Mantenimiento Electromec\u00e1nico &#8211; <strong>aula\u00a01203<\/strong><\/span><\/li>\n<li style=\"text-align: left;\"><span style=\"color: #003366;\"><strong>2ME2<\/strong> &#8211; Mecanizado &#8211; <strong>aula\u00a01118<\/strong><\/span><\/li>\n<li style=\"text-align: left;\"><span style=\"color: #003366;\"><strong>2PA2<\/strong> &#8211; Atenci\u00f3n a Personas en Situaci\u00f3n de Dependencia &#8211; <strong>aula\u00a02006<\/strong><\/span><\/li>\n<\/ul>\n<p>&nbsp;<\/p>\n<h3><span style=\"color: #0000ff;\"><strong>1er Curso: 23 de Septiembre <em>( a las 08:00 )<\/em><\/strong><\/span><\/h3>\n<ul>\n<li style=\"text-align: left;\"><span style=\"color: #003366;\">1SG2 &#8211; <strong>Soldadura y Calderer\u00eda<\/strong> &#8211; aula\u00a0<strong>1103<\/strong><\/span><\/li>\n<li style=\"text-align: left;\"><span style=\"color: #003366;\">1MK2 &#8211; <strong>Mantenimiento Electromec\u00e1nico<\/strong>\u00a0&#8211; aula\u00a0<strong>1203<\/strong><\/span><\/li>\n<li style=\"text-align: left;\"><span style=\"color: #003366;\">1PA2 &#8211; <strong>Atenci\u00f3n<\/strong> a <strong>Personas<\/strong> en <strong>situaci\u00f3n<\/strong> de <strong>dependencia<\/strong>\u00a0&#8211; aula\u00a0<strong>2005<\/strong><\/span><\/li>\n<li style=\"text-align: left;\"><span style=\"color: #003366;\">1ME2 &#8211; <strong>Mecanizado<\/strong>\u00a0&#8211; aula\u00a0<strong>2207<\/strong><\/span><\/li>\n<\/ul>\n<hr \/>\n<h2 style=\"padding-left: 30px; text-align: left;\"><span style=\"color: #003300;\"><strong>FORMACI\u00d3N PROFESIONAL B\u00c1SICA (FPB):<\/strong><\/span><\/h2>\n<h3 style=\"padding-left: 30px; text-align: left;\"><span style=\"color: #008000;\"><strong>2\u00ba Curso: 28 de Septiembre<\/strong><strong>\u00a0( a las 13:30 )<\/strong><\/span><\/h3>\n<ul>\n<li style=\"text-align: left;\"><span style=\"color: #008000;\"><strong>2MEK1<\/strong>\u00a0&#8211; Fabricaci\u00f3n Mec\u00e1nica &#8211; <strong>\u00a0aula 2S15<\/strong><\/span><\/li>\n<li style=\"text-align: left;\"><span style=\"color: #008000;\"><strong>2KA1<\/strong>\u00a0&#8211; Mantenimiento de veh\u00edculos (CARROCER\u00cdA) &#8211; <strong>aula 2003<\/strong><\/span><\/li>\n<li style=\"text-align: left;\"><span style=\"color: #008000;\"><strong>2ELM1<\/strong>\u00a0&#8211; Mantenimiento de veh\u00edculos (AUTOMOCI\u00d3N) &#8211; <strong>aula\u00a0<\/strong><strong>2S14<\/strong><\/span><\/li>\n<li style=\"text-align: left;\"><span style=\"color: #008000;\"><strong>2SU1<\/strong>\u00a0&#8211; Cocina y Restauraci\u00f3n &#8211; <strong>aula\u00a0<\/strong><strong>2004<\/strong><\/span><\/li>\n<\/ul>\n<p>&nbsp;<\/p>\n<h3 style=\"padding-left: 30px; text-align: left;\"><span style=\"color: #008080;\"><strong>1er Curso: 30 de Septiembre<\/strong><strong>\u00a0( a las 08:00 )<\/strong><\/span><\/h3>\n<ul>\n<li style=\"text-align: left;\"><span style=\"color: #008080;\">1MEK1\u00a0&#8211; <strong>Fabricaci\u00f3n Mec\u00e1nica<\/strong> &#8211; <strong>\u00a0aula 2S15<\/strong><\/span><\/li>\n<li style=\"text-align: left;\"><span style=\"color: #008080;\">1KA1\u00a0&#8211; <strong>Mantenimiento de veh\u00edculos (CARROCER\u00cdA)<\/strong> &#8211; <strong>aula 2003<\/strong><\/span><\/li>\n<li style=\"text-align: left;\"><span style=\"color: #008080;\">1ELM1\u00a0&#8211; <strong>Mantenimiento de veh\u00edculos (AUTOMOCI\u00d3N)<\/strong> &#8211; <strong>aula\u00a0<\/strong><strong>2S14<\/strong><\/span><\/li>\n<li style=\"text-align: left;\"><span style=\"color: #008080;\">1SU1\u00a0&#8211; <strong>Cocina y Restauraci\u00f3n<\/strong> &#8211; <strong>aula\u00a0<\/strong><strong>2004<\/strong><\/span><\/li>\n<\/ul>\n<hr \/>\n<p>[\/vc_column_text]<div  class=\"kleo-gap\" style=\"height:20px;line-height:20px;\"><\/div>[\/vc_column_inner][vc_column_inner width=\u00bb1\/2&#8243;][vc_single_image image=\u00bb8654&#8243; img_size=\u00bb600&#215;200&#8243; alignment=\u00bbcenter\u00bb style=\u00bbvc_box_rounded\u00bb][\/vc_column_inner][\/vc_row_inner][vc_custom_heading text=\u00bbPRESENTACI\u00d3N DEL CURSO:\u00bb font_container=\u00bbtag:h2|font_size:20|text_align:left\u00bb google_fonts=\u00bbfont_family:Raleway%3A100%2C200%2C300%2Cregular%2C500%2C600%2C700%2C800%2C900|font_style:400%20regular%3A400%3Anormal\u00bb][vc_row_inner][vc_column_inner width=\u00bb1\/2&#8243;][vc_column_text]<strong>La presentaci\u00f3n del curso se realizar\u00e1 durante la primera hora del primer d\u00eda lectivo (los indicados anteriormente). Es decir, los grupos de ma\u00f1ana a las 08:00 horas y los grupos de tarde* a las 13:35. Tras la presentaci\u00f3n, se iniciar\u00e1n las clases ordinarias.<\/strong><\/p>\n<p><span style=\"color: #000000;\"><em>Los <strong>grupos de tarde<\/strong> son los siguientes:<\/em><\/span><\/p>\n<ul>\n<li><span style=\"color: #000000;\"><em>FP B\u00e1sica: todos los grupos de segundo curso.<\/em><\/span><\/li>\n<li><span style=\"color: #000000;\"><em>Grado Medio: 2PA2, 2ME2 y 2MK2.<\/em><\/span><\/li>\n<li><span style=\"color: #000000;\"><em>Grado Superior: 2FM3B, 2MT3 y 2MK3.<\/em><\/span><\/li>\n<\/ul>\n<p>Toda la informaci\u00f3n al respecto (horarios, calendarios,&#8230;) puede consultarse a trav\u00e9s del siguiente enlace.[\/vc_column_text][vc_btn title=\u00bbDocumentaci\u00f3n\u00bb style=\u00bbclassic\u00bb color=\u00bbprimary\u00bb align=\u00bbcenter\u00bb link=\u00bburl:http%3A%2F%2Fwww.goierrieskola.eus%2Fes%2Falumnos-y-familias%2F||target:%20_blank|\u00bb]<div  class=\"kleo-gap\" style=\"height:20px;line-height:20px;\"><\/div>[\/vc_column_inner][vc_column_inner width=\u00bb1\/2&#8243;][vc_single_image image=\u00bb6395&#8243; img_size=\u00bb600&#215;200&#8243; alignment=\u00bbcenter\u00bb style=\u00bbvc_box_rounded\u00bb][\/vc_column_inner][\/vc_row_inner][vc_custom_heading text=\u00bbFormaci\u00f3n en centros de trabajo FCT en SEPTIEMBRE\u00bb font_container=\u00bbtag:h2|font_size:20|text_align:left\u00bb google_fonts=\u00bbfont_family:Raleway%3A100%2C200%2C300%2Cregular%2C500%2C600%2C700%2C800%2C900|font_style:400%20regular%3A400%3Anormal\u00bb][vc_row_inner][vc_column_inner width=\u00bb1\/2&#8243;][vc_column_text]<strong>ATENCI\u00d3N:<\/strong> Reuni\u00f3n de los alumnos\/as que vayan a comenzar la <span style=\"color: #ff0000;\"><strong>Formaci\u00f3n en Centro de Trabajo (FCT)<\/strong> <strong>en septiembre.<\/strong><\/span><\/p>\n<p style=\"padding-left: 30px;\"><strong><span style=\"color: #0000ff;\">11 de Septiembre, viernes, a las 13:00 horas.<\/span><\/strong><\/p>\n<p style=\"padding-left: 30px;\">En el aula 3009 (Sal\u00f3n de actos)<\/p>\n<p>[\/vc_column_text]<div  class=\"kleo-gap\" style=\"height:20px;line-height:20px;\"><\/div>[\/vc_column_inner][vc_column_inner width=\u00bb1\/2&#8243;][vc_single_image image=\u00bb8309&#8243; img_size=\u00bb600&#215;200&#8243; alignment=\u00bbcenter\u00bb style=\u00bbvc_box_rounded\u00bb][\/vc_column_inner][\/vc_row_inner][vc_custom_heading text=\u00bbSERVICIO DE AUTOB\u00daS\u00bb font_container=\u00bbtag:h2|font_size:20|text_align:left\u00bb google_fonts=\u00bbfont_family:Raleway%3A100%2C200%2C300%2Cregular%2C500%2C600%2C700%2C800%2C900|font_style:400%20regular%3A400%3Anormal\u00bb][vc_row_inner][vc_column_inner width=\u00bb1\/2&#8243;][vc_column_text]El inicio del servicio de autobus desde Sakana y Urola ser\u00e1 el d\u00eda <strong>14 de Septiembre<\/strong>.<\/p>\n<p>Accede a los horarios, paradas y dem\u00e1s informaci\u00f3n a trav\u00e9s del bot\u00f3n.[\/vc_column_text][vc_btn title=\u00bbSERVICIO de AUTOBUS\u00bb color=\u00bbprimary\u00bb link=\u00bburl:https%3A%2F%2Fdrive.google.com%2Fdrive%2Fu%2F2%2Ffolders%2F0B31pjOzCvXm5RnhQMGdBMGV4bm8||target:%20_blank|\u00bb]<div  class=\"kleo-gap\" style=\"height:20px;line-height:20px;\"><\/div>[\/vc_column_inner][vc_column_inner width=\u00bb1\/2&#8243;][vc_single_image image=\u00bb7337&#8243; img_size=\u00bb600&#215;200&#8243; alignment=\u00bbcenter\u00bb style=\u00bbvc_box_rounded\u00bb][\/vc_column_inner][\/vc_row_inner][\/vc_column][\/vc_row]<\/p>\n","protected":false},"excerpt":{"rendered":"<p>[vc_row][vc_column][vc_custom_heading text=\u00bbINICIO DEL CURSO 20 \/ 21&#8243; font_container=\u00bbtag:h5|font_size:28|text_align:center\u00bb google_fonts=\u00bbfont_family:Raleway%3A100%2C200%2C300%2Cregular%2C500%2C600%2C700%2C800%2C900|font_style:400%20regular%3A400%3Anormal\u00bb][vc_custom_heading text=\u00bb\u00a1ATENCI\u00d3N! Debido al COVID-19, el Departamento de Educaci\u00f3n ha retrasado el inicio del curso escolar 20 \/21. A continuaci\u00f3n se detallan las nuevas fechas de inicio.\u00bb font_container=\u00bbtag:h2|font_size:20|text_align:left\u00bb google_fonts=\u00bbfont_family:Raleway%3A100%2C200%2C300%2Cregular%2C500%2C600%2C700%2C800%2C900|font_style:400%20regular%3A400%3Anormal\u00bb][vc_row_inner][vc_column_inner width=\u00bb1\/2&#8243;][vc_column_text]A continuaci\u00f3n se detallan las FECHAS Y AULAS para la presentaci\u00f3n del curso escolar 20\/21: BACHILLERATO &#8211; 15 de Septiembre &#8211; (08:00) 1er [&hellip;]<\/p>\n","protected":false},"author":1,"featured_media":12501,"comment_status":"closed","ping_status":"closed","sticky":false,"template":"","format":"standard","meta":{"footnotes":""},"categories":[16],"tags":[],"class_list":["post-7775","post","type-post","status-publish","format-standard","has-post-thumbnail","hentry","category-bachillerato"],"yoast_head":"<!-- This site is optimized with the Yoast SEO plugin v27.4 - https:\/\/yoast.com\/product\/yoast-seo-wordpress\/ -->\n<title>INICIO DEL CURSO - JORNADA DE PRESENTACI\u00d3N - Goierri Eskola<\/title>\n<meta name=\"robots\" content=\"index, follow, max-snippet:-1, max-image-preview:large, max-video-preview:-1\" \/>\n<link rel=\"canonical\" href=\"https:\/\/www.goierrieskola.eus\/es\/inicio-del-curso-jornada-de-presentacion\/\" \/>\n<meta property=\"og:locale\" content=\"es_ES\" \/>\n<meta property=\"og:type\" content=\"article\" \/>\n<meta property=\"og:title\" content=\"INICIO DEL CURSO - JORNADA DE PRESENTACI\u00d3N - Goierri Eskola\" \/>\n<meta property=\"og:description\" content=\"[vc_row][vc_column][vc_custom_heading text=\u00bbINICIO DEL CURSO 20 \/ 21&#8243; font_container=\u00bbtag:h5|font_size:28|text_align:center\u00bb google_fonts=\u00bbfont_family:Raleway%3A100%2C200%2C300%2Cregular%2C500%2C600%2C700%2C800%2C900|font_style:400%20regular%3A400%3Anormal\u00bb][vc_custom_heading text=\u00bb\u00a1ATENCI\u00d3N! Debido al COVID-19, el Departamento de Educaci\u00f3n ha retrasado el inicio del curso escolar 20 \/21. A continuaci\u00f3n se detallan las nuevas fechas de inicio.\u00bb font_container=\u00bbtag:h2|font_size:20|text_align:left\u00bb google_fonts=\u00bbfont_family:Raleway%3A100%2C200%2C300%2Cregular%2C500%2C600%2C700%2C800%2C900|font_style:400%20regular%3A400%3Anormal\u00bb][vc_row_inner][vc_column_inner width=\u00bb1\/2&#8243;][vc_column_text]A continuaci\u00f3n se detallan las FECHAS Y AULAS para la presentaci\u00f3n del curso escolar 20\/21: BACHILLERATO &#8211; 15 de Septiembre &#8211; (08:00) 1er [&hellip;]\" \/>\n<meta property=\"og:url\" content=\"https:\/\/www.goierrieskola.eus\/es\/inicio-del-curso-jornada-de-presentacion\/\" \/>\n<meta property=\"og:site_name\" content=\"Goierri Eskola\" \/>\n<meta property=\"article:publisher\" content=\"https:\/\/www.facebook.com\/goierrieskola\" \/>\n<meta property=\"article:published_time\" content=\"2020-07-22T07:00:18+00:00\" \/>\n<meta property=\"article:modified_time\" content=\"2022-02-23T16:02:04+00:00\" \/>\n<meta property=\"og:image\" content=\"https:\/\/www.goierrieskola.eus\/wp-content\/uploads\/2015\/07\/Ikasleak_horiz-e1437647056731.jpg\" \/>\n\t<meta property=\"og:image:width\" content=\"2881\" \/>\n\t<meta property=\"og:image:height\" content=\"767\" \/>\n\t<meta property=\"og:image:type\" content=\"image\/jpeg\" \/>\n<meta name=\"author\" content=\"goierrieskolaAdm\" \/>\n<meta name=\"twitter:card\" content=\"summary_large_image\" \/>\n<meta name=\"twitter:creator\" content=\"@Goierrieskola1\" \/>\n<meta name=\"twitter:site\" content=\"@Goierrieskola1\" \/>\n<meta name=\"twitter:label1\" content=\"Escrito por\" \/>\n\t<meta name=\"twitter:data1\" content=\"goierrieskolaAdm\" \/>\n\t<meta name=\"twitter:label2\" content=\"Tiempo de lectura\" \/>\n\t<meta name=\"twitter:data2\" content=\"5 minutos\" \/>\n<script type=\"application\/ld+json\" class=\"yoast-schema-graph\">{\"@context\":\"https:\\\/\\\/schema.org\",\"@graph\":[{\"@type\":\"Article\",\"@id\":\"https:\\\/\\\/www.goierrieskola.eus\\\/es\\\/inicio-del-curso-jornada-de-presentacion\\\/#article\",\"isPartOf\":{\"@id\":\"https:\\\/\\\/www.goierrieskola.eus\\\/es\\\/inicio-del-curso-jornada-de-presentacion\\\/\"},\"author\":{\"name\":\"goierrieskolaAdm\",\"@id\":\"https:\\\/\\\/www.goierrieskola.eus\\\/#\\\/schema\\\/person\\\/b255e8eb1ca976b38e1ee0d39a5cef90\"},\"headline\":\"INICIO DEL CURSO &#8211; JORNADA DE PRESENTACI\u00d3N\",\"datePublished\":\"2020-07-22T07:00:18+00:00\",\"dateModified\":\"2022-02-23T16:02:04+00:00\",\"mainEntityOfPage\":{\"@id\":\"https:\\\/\\\/www.goierrieskola.eus\\\/es\\\/inicio-del-curso-jornada-de-presentacion\\\/\"},\"wordCount\":1018,\"publisher\":{\"@id\":\"https:\\\/\\\/www.goierrieskola.eus\\\/#organization\"},\"image\":{\"@id\":\"https:\\\/\\\/www.goierrieskola.eus\\\/es\\\/inicio-del-curso-jornada-de-presentacion\\\/#primaryimage\"},\"thumbnailUrl\":\"https:\\\/\\\/www.goierrieskola.eus\\\/wp-content\\\/uploads\\\/2015\\\/07\\\/Ikasleak_horiz-e1437647056731.jpg\",\"articleSection\":[\"Bachillerato\"],\"inLanguage\":\"es\"},{\"@type\":\"WebPage\",\"@id\":\"https:\\\/\\\/www.goierrieskola.eus\\\/es\\\/inicio-del-curso-jornada-de-presentacion\\\/\",\"url\":\"https:\\\/\\\/www.goierrieskola.eus\\\/es\\\/inicio-del-curso-jornada-de-presentacion\\\/\",\"name\":\"INICIO DEL CURSO - JORNADA DE PRESENTACI\u00d3N - Goierri Eskola\",\"isPartOf\":{\"@id\":\"https:\\\/\\\/www.goierrieskola.eus\\\/#website\"},\"primaryImageOfPage\":{\"@id\":\"https:\\\/\\\/www.goierrieskola.eus\\\/es\\\/inicio-del-curso-jornada-de-presentacion\\\/#primaryimage\"},\"image\":{\"@id\":\"https:\\\/\\\/www.goierrieskola.eus\\\/es\\\/inicio-del-curso-jornada-de-presentacion\\\/#primaryimage\"},\"thumbnailUrl\":\"https:\\\/\\\/www.goierrieskola.eus\\\/wp-content\\\/uploads\\\/2015\\\/07\\\/Ikasleak_horiz-e1437647056731.jpg\",\"datePublished\":\"2020-07-22T07:00:18+00:00\",\"dateModified\":\"2022-02-23T16:02:04+00:00\",\"breadcrumb\":{\"@id\":\"https:\\\/\\\/www.goierrieskola.eus\\\/es\\\/inicio-del-curso-jornada-de-presentacion\\\/#breadcrumb\"},\"inLanguage\":\"es\",\"potentialAction\":[{\"@type\":\"ReadAction\",\"target\":[\"https:\\\/\\\/www.goierrieskola.eus\\\/es\\\/inicio-del-curso-jornada-de-presentacion\\\/\"]}]},{\"@type\":\"ImageObject\",\"inLanguage\":\"es\",\"@id\":\"https:\\\/\\\/www.goierrieskola.eus\\\/es\\\/inicio-del-curso-jornada-de-presentacion\\\/#primaryimage\",\"url\":\"https:\\\/\\\/www.goierrieskola.eus\\\/wp-content\\\/uploads\\\/2015\\\/07\\\/Ikasleak_horiz-e1437647056731.jpg\",\"contentUrl\":\"https:\\\/\\\/www.goierrieskola.eus\\\/wp-content\\\/uploads\\\/2015\\\/07\\\/Ikasleak_horiz-e1437647056731.jpg\",\"width\":2881,\"height\":767},{\"@type\":\"BreadcrumbList\",\"@id\":\"https:\\\/\\\/www.goierrieskola.eus\\\/es\\\/inicio-del-curso-jornada-de-presentacion\\\/#breadcrumb\",\"itemListElement\":[{\"@type\":\"ListItem\",\"position\":1,\"name\":\"Portada\",\"item\":\"https:\\\/\\\/www.goierrieskola.eus\\\/es\\\/\"},{\"@type\":\"ListItem\",\"position\":2,\"name\":\"INICIO DEL CURSO &#8211; JORNADA DE PRESENTACI\u00d3N\"}]},{\"@type\":\"WebSite\",\"@id\":\"https:\\\/\\\/www.goierrieskola.eus\\\/#website\",\"url\":\"https:\\\/\\\/www.goierrieskola.eus\\\/\",\"name\":\"Goierri Eskola\",\"description\":\"La Web de tu Escuela\",\"publisher\":{\"@id\":\"https:\\\/\\\/www.goierrieskola.eus\\\/#organization\"},\"potentialAction\":[{\"@type\":\"SearchAction\",\"target\":{\"@type\":\"EntryPoint\",\"urlTemplate\":\"https:\\\/\\\/www.goierrieskola.eus\\\/?s={search_term_string}\"},\"query-input\":{\"@type\":\"PropertyValueSpecification\",\"valueRequired\":true,\"valueName\":\"search_term_string\"}}],\"inLanguage\":\"es\"},{\"@type\":\"Organization\",\"@id\":\"https:\\\/\\\/www.goierrieskola.eus\\\/#organization\",\"name\":\"Goierri Eskola\",\"url\":\"https:\\\/\\\/www.goierrieskola.eus\\\/\",\"logo\":{\"@type\":\"ImageObject\",\"inLanguage\":\"es\",\"@id\":\"https:\\\/\\\/www.goierrieskola.eus\\\/#\\\/schema\\\/logo\\\/image\\\/\",\"url\":\"https:\\\/\\\/www.goierrieskola.eus\\\/wp-content\\\/uploads\\\/2014\\\/11\\\/Logo_color.jpg\",\"contentUrl\":\"https:\\\/\\\/www.goierrieskola.eus\\\/wp-content\\\/uploads\\\/2014\\\/11\\\/Logo_color.jpg\",\"width\":227,\"height\":88,\"caption\":\"Goierri Eskola\"},\"image\":{\"@id\":\"https:\\\/\\\/www.goierrieskola.eus\\\/#\\\/schema\\\/logo\\\/image\\\/\"},\"sameAs\":[\"https:\\\/\\\/www.facebook.com\\\/goierrieskola\",\"https:\\\/\\\/x.com\\\/Goierrieskola1\"]},{\"@type\":\"Person\",\"@id\":\"https:\\\/\\\/www.goierrieskola.eus\\\/#\\\/schema\\\/person\\\/b255e8eb1ca976b38e1ee0d39a5cef90\",\"name\":\"goierrieskolaAdm\",\"image\":{\"@type\":\"ImageObject\",\"inLanguage\":\"es\",\"@id\":\"https:\\\/\\\/secure.gravatar.com\\\/avatar\\\/e9fdf651f3112063fea88c97f94fa8ada68ce1854abd481c230f2310134a029e?s=96&d=mm&r=g\",\"url\":\"https:\\\/\\\/secure.gravatar.com\\\/avatar\\\/e9fdf651f3112063fea88c97f94fa8ada68ce1854abd481c230f2310134a029e?s=96&d=mm&r=g\",\"contentUrl\":\"https:\\\/\\\/secure.gravatar.com\\\/avatar\\\/e9fdf651f3112063fea88c97f94fa8ada68ce1854abd481c230f2310134a029e?s=96&d=mm&r=g\",\"caption\":\"goierrieskolaAdm\"},\"url\":\"https:\\\/\\\/www.goierrieskola.eus\\\/es\\\/author\\\/goierrieskolaadm\\\/\"}]}<\/script>\n<!-- \/ Yoast SEO plugin. -->","yoast_head_json":{"title":"INICIO DEL CURSO - JORNADA DE PRESENTACI\u00d3N - Goierri Eskola","robots":{"index":"index","follow":"follow","max-snippet":"max-snippet:-1","max-image-preview":"max-image-preview:large","max-video-preview":"max-video-preview:-1"},"canonical":"https:\/\/www.goierrieskola.eus\/es\/inicio-del-curso-jornada-de-presentacion\/","og_locale":"es_ES","og_type":"article","og_title":"INICIO DEL CURSO - JORNADA DE PRESENTACI\u00d3N - Goierri Eskola","og_description":"[vc_row][vc_column][vc_custom_heading text=\u00bbINICIO DEL CURSO 20 \/ 21&#8243; font_container=\u00bbtag:h5|font_size:28|text_align:center\u00bb google_fonts=\u00bbfont_family:Raleway%3A100%2C200%2C300%2Cregular%2C500%2C600%2C700%2C800%2C900|font_style:400%20regular%3A400%3Anormal\u00bb][vc_custom_heading text=\u00bb\u00a1ATENCI\u00d3N! Debido al COVID-19, el Departamento de Educaci\u00f3n ha retrasado el inicio del curso escolar 20 \/21. A continuaci\u00f3n se detallan las nuevas fechas de inicio.\u00bb font_container=\u00bbtag:h2|font_size:20|text_align:left\u00bb google_fonts=\u00bbfont_family:Raleway%3A100%2C200%2C300%2Cregular%2C500%2C600%2C700%2C800%2C900|font_style:400%20regular%3A400%3Anormal\u00bb][vc_row_inner][vc_column_inner width=\u00bb1\/2&#8243;][vc_column_text]A continuaci\u00f3n se detallan las FECHAS Y AULAS para la presentaci\u00f3n del curso escolar 20\/21: BACHILLERATO &#8211; 15 de Septiembre &#8211; (08:00) 1er [&hellip;]","og_url":"https:\/\/www.goierrieskola.eus\/es\/inicio-del-curso-jornada-de-presentacion\/","og_site_name":"Goierri Eskola","article_publisher":"https:\/\/www.facebook.com\/goierrieskola","article_published_time":"2020-07-22T07:00:18+00:00","article_modified_time":"2022-02-23T16:02:04+00:00","og_image":[{"width":2881,"height":767,"url":"https:\/\/www.goierrieskola.eus\/wp-content\/uploads\/2015\/07\/Ikasleak_horiz-e1437647056731.jpg","type":"image\/jpeg"}],"author":"goierrieskolaAdm","twitter_card":"summary_large_image","twitter_creator":"@Goierrieskola1","twitter_site":"@Goierrieskola1","twitter_misc":{"Escrito por":"goierrieskolaAdm","Tiempo de lectura":"5 minutos"},"schema":{"@context":"https:\/\/schema.org","@graph":[{"@type":"Article","@id":"https:\/\/www.goierrieskola.eus\/es\/inicio-del-curso-jornada-de-presentacion\/#article","isPartOf":{"@id":"https:\/\/www.goierrieskola.eus\/es\/inicio-del-curso-jornada-de-presentacion\/"},"author":{"name":"goierrieskolaAdm","@id":"https:\/\/www.goierrieskola.eus\/#\/schema\/person\/b255e8eb1ca976b38e1ee0d39a5cef90"},"headline":"INICIO DEL CURSO &#8211; JORNADA DE PRESENTACI\u00d3N","datePublished":"2020-07-22T07:00:18+00:00","dateModified":"2022-02-23T16:02:04+00:00","mainEntityOfPage":{"@id":"https:\/\/www.goierrieskola.eus\/es\/inicio-del-curso-jornada-de-presentacion\/"},"wordCount":1018,"publisher":{"@id":"https:\/\/www.goierrieskola.eus\/#organization"},"image":{"@id":"https:\/\/www.goierrieskola.eus\/es\/inicio-del-curso-jornada-de-presentacion\/#primaryimage"},"thumbnailUrl":"https:\/\/www.goierrieskola.eus\/wp-content\/uploads\/2015\/07\/Ikasleak_horiz-e1437647056731.jpg","articleSection":["Bachillerato"],"inLanguage":"es"},{"@type":"WebPage","@id":"https:\/\/www.goierrieskola.eus\/es\/inicio-del-curso-jornada-de-presentacion\/","url":"https:\/\/www.goierrieskola.eus\/es\/inicio-del-curso-jornada-de-presentacion\/","name":"INICIO DEL CURSO - JORNADA DE PRESENTACI\u00d3N - Goierri Eskola","isPartOf":{"@id":"https:\/\/www.goierrieskola.eus\/#website"},"primaryImageOfPage":{"@id":"https:\/\/www.goierrieskola.eus\/es\/inicio-del-curso-jornada-de-presentacion\/#primaryimage"},"image":{"@id":"https:\/\/www.goierrieskola.eus\/es\/inicio-del-curso-jornada-de-presentacion\/#primaryimage"},"thumbnailUrl":"https:\/\/www.goierrieskola.eus\/wp-content\/uploads\/2015\/07\/Ikasleak_horiz-e1437647056731.jpg","datePublished":"2020-07-22T07:00:18+00:00","dateModified":"2022-02-23T16:02:04+00:00","breadcrumb":{"@id":"https:\/\/www.goierrieskola.eus\/es\/inicio-del-curso-jornada-de-presentacion\/#breadcrumb"},"inLanguage":"es","potentialAction":[{"@type":"ReadAction","target":["https:\/\/www.goierrieskola.eus\/es\/inicio-del-curso-jornada-de-presentacion\/"]}]},{"@type":"ImageObject","inLanguage":"es","@id":"https:\/\/www.goierrieskola.eus\/es\/inicio-del-curso-jornada-de-presentacion\/#primaryimage","url":"https:\/\/www.goierrieskola.eus\/wp-content\/uploads\/2015\/07\/Ikasleak_horiz-e1437647056731.jpg","contentUrl":"https:\/\/www.goierrieskola.eus\/wp-content\/uploads\/2015\/07\/Ikasleak_horiz-e1437647056731.jpg","width":2881,"height":767},{"@type":"BreadcrumbList","@id":"https:\/\/www.goierrieskola.eus\/es\/inicio-del-curso-jornada-de-presentacion\/#breadcrumb","itemListElement":[{"@type":"ListItem","position":1,"name":"Portada","item":"https:\/\/www.goierrieskola.eus\/es\/"},{"@type":"ListItem","position":2,"name":"INICIO DEL CURSO &#8211; JORNADA DE PRESENTACI\u00d3N"}]},{"@type":"WebSite","@id":"https:\/\/www.goierrieskola.eus\/#website","url":"https:\/\/www.goierrieskola.eus\/","name":"Goierri Eskola","description":"La Web de tu Escuela","publisher":{"@id":"https:\/\/www.goierrieskola.eus\/#organization"},"potentialAction":[{"@type":"SearchAction","target":{"@type":"EntryPoint","urlTemplate":"https:\/\/www.goierrieskola.eus\/?s={search_term_string}"},"query-input":{"@type":"PropertyValueSpecification","valueRequired":true,"valueName":"search_term_string"}}],"inLanguage":"es"},{"@type":"Organization","@id":"https:\/\/www.goierrieskola.eus\/#organization","name":"Goierri Eskola","url":"https:\/\/www.goierrieskola.eus\/","logo":{"@type":"ImageObject","inLanguage":"es","@id":"https:\/\/www.goierrieskola.eus\/#\/schema\/logo\/image\/","url":"https:\/\/www.goierrieskola.eus\/wp-content\/uploads\/2014\/11\/Logo_color.jpg","contentUrl":"https:\/\/www.goierrieskola.eus\/wp-content\/uploads\/2014\/11\/Logo_color.jpg","width":227,"height":88,"caption":"Goierri Eskola"},"image":{"@id":"https:\/\/www.goierrieskola.eus\/#\/schema\/logo\/image\/"},"sameAs":["https:\/\/www.facebook.com\/goierrieskola","https:\/\/x.com\/Goierrieskola1"]},{"@type":"Person","@id":"https:\/\/www.goierrieskola.eus\/#\/schema\/person\/b255e8eb1ca976b38e1ee0d39a5cef90","name":"goierrieskolaAdm","image":{"@type":"ImageObject","inLanguage":"es","@id":"https:\/\/secure.gravatar.com\/avatar\/e9fdf651f3112063fea88c97f94fa8ada68ce1854abd481c230f2310134a029e?s=96&d=mm&r=g","url":"https:\/\/secure.gravatar.com\/avatar\/e9fdf651f3112063fea88c97f94fa8ada68ce1854abd481c230f2310134a029e?s=96&d=mm&r=g","contentUrl":"https:\/\/secure.gravatar.com\/avatar\/e9fdf651f3112063fea88c97f94fa8ada68ce1854abd481c230f2310134a029e?s=96&d=mm&r=g","caption":"goierrieskolaAdm"},"url":"https:\/\/www.goierrieskola.eus\/es\/author\/goierrieskolaadm\/"}]}},"_links":{"self":[{"href":"https:\/\/www.goierrieskola.eus\/es\/wp-json\/wp\/v2\/posts\/7775","targetHints":{"allow":["GET"]}}],"collection":[{"href":"https:\/\/www.goierrieskola.eus\/es\/wp-json\/wp\/v2\/posts"}],"about":[{"href":"https:\/\/www.goierrieskola.eus\/es\/wp-json\/wp\/v2\/types\/post"}],"author":[{"embeddable":true,"href":"https:\/\/www.goierrieskola.eus\/es\/wp-json\/wp\/v2\/users\/1"}],"replies":[{"embeddable":true,"href":"https:\/\/www.goierrieskola.eus\/es\/wp-json\/wp\/v2\/comments?post=7775"}],"version-history":[{"count":35,"href":"https:\/\/www.goierrieskola.eus\/es\/wp-json\/wp\/v2\/posts\/7775\/revisions"}],"predecessor-version":[{"id":14382,"href":"https:\/\/www.goierrieskola.eus\/es\/wp-json\/wp\/v2\/posts\/7775\/revisions\/14382"}],"wp:featuredmedia":[{"embeddable":true,"href":"https:\/\/www.goierrieskola.eus\/es\/wp-json\/wp\/v2\/media\/12501"}],"wp:attachment":[{"href":"https:\/\/www.goierrieskola.eus\/es\/wp-json\/wp\/v2\/media?parent=7775"}],"wp:term":[{"taxonomy":"category","embeddable":true,"href":"https:\/\/www.goierrieskola.eus\/es\/wp-json\/wp\/v2\/categories?post=7775"},{"taxonomy":"post_tag","embeddable":true,"href":"https:\/\/www.goierrieskola.eus\/es\/wp-json\/wp\/v2\/tags?post=7775"}],"curies":[{"name":"wp","href":"https:\/\/api.w.org\/{rel}","templated":true}]}}