{"id":8827,"date":"2019-02-12T11:26:51","date_gmt":"2019-02-12T11:26:51","guid":{"rendered":"http:\/\/www.goierrieskola.eus\/es\/?p=8827"},"modified":"2022-02-23T15:48:03","modified_gmt":"2022-02-23T15:48:03","slug":"jornada-de-puertas-abiertas-de-formacion-profesional","status":"publish","type":"post","link":"https:\/\/www.goierrieskola.eus\/es\/jornada-de-puertas-abiertas-de-formacion-profesional\/","title":{"rendered":"Jornada de PUERTAS ABIERTAS de Formaci\u00f3n Profesional"},"content":{"rendered":"<p>[vc_row content_placement=\u00bbtop\u00bb column_gap=\u00bbno\u00bb padding_top=\u00bb0&#8243; padding_bottom=\u00bb0&#8243;][vc_column][vc_single_image image=\u00bb11429&#8243; img_size=\u00bblarge\u00bb alignment=\u00bbcenter\u00bb style=\u00bbvc_box_rounded\u00bb][\/vc_column][\/vc_row][vc_row][vc_column width=\u00bb1\/2&#8243;][vc_column_text]Estimada familia<\/p>\n<p>Con el objeto de informar sobre la oferta formativa de <u>Formaci\u00f3n Profesional<\/u> (grados superiores, grados medios y FP b\u00e1sica) para el curso 2021\/2022, Goierri Eskola ha organizado una jornada de PUERTAS ABIERTAS ONLINE dirigida a aquellas personas y familias que est\u00e9n interesadas.<\/p>\n<ul>\n<li style=\"text-align: left;\">D\u00eda: <strong>8 de mayo<\/strong>, s\u00e1bado<\/li>\n<li style=\"text-align: left;\">Hora: <strong>11:00<\/strong><\/li>\n<li style=\"text-align: left;\">Lugar: <strong><span style=\"color: #ff0000;\">ONLINE<\/span><\/strong> &#8211; <del>Goierri Eskola (Arranomendia 2, Ordizia, N-1 salida n\u00ba 420, seguir se\u00f1alizaci\u00f3n \u201cUnibertsitatea\u201d)<\/del><\/li>\n<\/ul>\n<p>Para participar en dicha sesi\u00f3n online, es obligatorio realizar una inscripci\u00f3n previa al mismo, a trav\u00e9s del cuestionario que se adjunta en el siguiente enlace: <strong><span style=\"color: #0000ff;\"><a style=\"color: #0000ff;\" href=\"https:\/\/forms.office.com\/Pages\/ResponsePage.aspx?id=LyfcUNkG7kaqGbvt3VMR6f-FR8zCtjdCm1AGiQNfFrBUM04xNjE1Qkg2VDhWU0RJTzBVNFk4OTNKUy4u\" target=\"_blank\" rel=\"noopener\">inscripci\u00f3n jornada online<\/a><\/span><\/strong>.<\/p>\n<p>Esperando que esta jornada sea de su inter\u00e9s, se despide atentamente,<\/p>\n<p style=\"text-align: left;\"><strong>Jorge Mancisidor<\/strong><\/p>\n<p style=\"text-align: left;\">Director de Goierri Eskola<\/p>\n<p>[\/vc_column_text][vc_btn title=\u00bbCONOZCA NUESTRA OFERTA\u00bb color=\u00bbprimary\u00bb align=\u00bbcenter\u00bb link=\u00bburl:http%3A%2F%2Fwww.goierrieskola.eus%2Fes%2Foferta_educativa%2F||target:%20_blank\u00bb][vc_gmaps link=\u00bb#E-8_JTNDaWZyYW1lJTIwc3JjJTNEJTIyaHR0cHMlM0ElMkYlMkZ3d3cuZ29vZ2xlLmNvbSUyRm1hcHMlMkZlbWJlZCUzRnBiJTNEJTIxMW0xOCUyMTFtMTIlMjExbTMlMjExZDI5MTUuNjg1MzIxNzUwODM5JTIxMmQtMi4xODU0NDE5ODQ1MjE3ODYlMjEzZDQzLjA0ODA1MTk3OTE0NjY5JTIxMm0zJTIxMWYwJTIxMmYwJTIxM2YwJTIxM20yJTIxMWkxMDI0JTIxMmk3NjglMjE0ZjEzLjElMjEzbTMlMjExbTIlMjExczB4ZDUwMzY1ODI3MTZkNzRkJTI1M0EweGZmYjczMWRjYTlkMWE2YmQlMjEyc0dvaWVycmklMkJFc2tvbGElMjE1ZTAlMjEzbTIlMjExc2VzJTIxMnNlcyUyMTR2MTQ1NzA3ODk2MjAxNCUyMiUyMHdpZHRoJTNEJTIyNjAwJTIyJTIwaGVpZ2h0JTNEJTIyNDUwJTIyJTIwZnJhbWVib3JkZXIlM0QlMjIwJTIyJTIwc3R5bGUlM0QlMjJib3JkZXIlM0EwJTIyJTIwYWxsb3dmdWxsc2NyZWVuJTNFJTNDJTJGaWZyYW1lJTNF\u00bb][\/vc_column][vc_column width=\u00bb1\/2&#8243;][vc_single_image image=\u00bb6440&#8243; img_size=\u00bb600&#215;200&#8243; style=\u00bbvc_box_rounded\u00bb][vc_single_image image=\u00bb6395&#8243; img_size=\u00bb600&#215;200&#8243; style=\u00bbvc_box_rounded\u00bb][vc_single_image image=\u00bb8309&#8243; img_size=\u00bb600&#215;200&#8243; style=\u00bbvc_box_rounded\u00bb][\/vc_column][\/vc_row]<\/p>\n","protected":false},"excerpt":{"rendered":"<p>[vc_row content_placement=\u00bbtop\u00bb column_gap=\u00bbno\u00bb padding_top=\u00bb0&#8243; padding_bottom=\u00bb0&#8243;][vc_column][vc_single_image image=\u00bb11429&#8243; img_size=\u00bblarge\u00bb alignment=\u00bbcenter\u00bb style=\u00bbvc_box_rounded\u00bb][\/vc_column][\/vc_row][vc_row][vc_column width=\u00bb1\/2&#8243;][vc_column_text]Estimada familia Con el objeto de informar sobre la oferta formativa de Formaci\u00f3n Profesional (grados superiores, grados medios y FP b\u00e1sica) para el curso 2021\/2022, Goierri Eskola ha organizado una jornada de PUERTAS ABIERTAS ONLINE dirigida a aquellas personas y familias que est\u00e9n interesadas. D\u00eda: 8 de mayo, s\u00e1bado Hora: 11:00 [&hellip;]<\/p>\n","protected":false},"author":1,"featured_media":0,"comment_status":"closed","ping_status":"closed","sticky":false,"template":"","format":"standard","meta":{"footnotes":""},"categories":[92],"tags":[],"class_list":["post-8827","post","type-post","status-publish","format-standard","hentry","category-evento"],"yoast_head":"<!-- This site is optimized with the Yoast SEO plugin v27.4 - https:\/\/yoast.com\/product\/yoast-seo-wordpress\/ -->\n<title>Jornada de PUERTAS ABIERTAS de Formaci\u00f3n Profesional - Goierri Eskola<\/title>\n<meta name=\"robots\" content=\"index, follow, max-snippet:-1, max-image-preview:large, max-video-preview:-1\" \/>\n<link rel=\"canonical\" href=\"https:\/\/www.goierrieskola.eus\/es\/jornada-de-puertas-abiertas-de-formacion-profesional\/\" \/>\n<meta property=\"og:locale\" content=\"es_ES\" \/>\n<meta property=\"og:type\" content=\"article\" \/>\n<meta property=\"og:title\" content=\"Jornada de PUERTAS ABIERTAS de Formaci\u00f3n Profesional - Goierri Eskola\" \/>\n<meta property=\"og:description\" content=\"[vc_row content_placement=\u00bbtop\u00bb column_gap=\u00bbno\u00bb padding_top=\u00bb0&#8243; padding_bottom=\u00bb0&#8243;][vc_column][vc_single_image image=\u00bb11429&#8243; img_size=\u00bblarge\u00bb alignment=\u00bbcenter\u00bb style=\u00bbvc_box_rounded\u00bb][\/vc_column][\/vc_row][vc_row][vc_column width=\u00bb1\/2&#8243;][vc_column_text]Estimada familia Con el objeto de informar sobre la oferta formativa de Formaci\u00f3n Profesional (grados superiores, grados medios y FP b\u00e1sica) para el curso 2021\/2022, Goierri Eskola ha organizado una jornada de PUERTAS ABIERTAS ONLINE dirigida a aquellas personas y familias que est\u00e9n interesadas. D\u00eda: 8 de mayo, s\u00e1bado Hora: 11:00 [&hellip;]\" \/>\n<meta property=\"og:url\" content=\"https:\/\/www.goierrieskola.eus\/es\/jornada-de-puertas-abiertas-de-formacion-profesional\/\" \/>\n<meta property=\"og:site_name\" content=\"Goierri Eskola\" \/>\n<meta property=\"article:publisher\" content=\"https:\/\/www.facebook.com\/goierrieskola\" \/>\n<meta property=\"article:published_time\" content=\"2019-02-12T11:26:51+00:00\" \/>\n<meta property=\"article:modified_time\" content=\"2022-02-23T15:48:03+00:00\" \/>\n<meta name=\"author\" content=\"goierrieskolaAdm\" \/>\n<meta name=\"twitter:card\" content=\"summary_large_image\" \/>\n<meta name=\"twitter:creator\" content=\"@Goierrieskola1\" \/>\n<meta name=\"twitter:site\" content=\"@Goierrieskola1\" \/>\n<meta name=\"twitter:label1\" content=\"Escrito por\" \/>\n\t<meta name=\"twitter:data1\" content=\"goierrieskolaAdm\" \/>\n\t<meta name=\"twitter:label2\" content=\"Tiempo de lectura\" \/>\n\t<meta name=\"twitter:data2\" content=\"1 minuto\" \/>\n<script type=\"application\/ld+json\" class=\"yoast-schema-graph\">{\"@context\":\"https:\\\/\\\/schema.org\",\"@graph\":[{\"@type\":\"Article\",\"@id\":\"https:\\\/\\\/www.goierrieskola.eus\\\/es\\\/jornada-de-puertas-abiertas-de-formacion-profesional\\\/#article\",\"isPartOf\":{\"@id\":\"https:\\\/\\\/www.goierrieskola.eus\\\/es\\\/jornada-de-puertas-abiertas-de-formacion-profesional\\\/\"},\"author\":{\"name\":\"goierrieskolaAdm\",\"@id\":\"https:\\\/\\\/www.goierrieskola.eus\\\/#\\\/schema\\\/person\\\/b255e8eb1ca976b38e1ee0d39a5cef90\"},\"headline\":\"Jornada de PUERTAS ABIERTAS de Formaci\u00f3n Profesional\",\"datePublished\":\"2019-02-12T11:26:51+00:00\",\"dateModified\":\"2022-02-23T15:48:03+00:00\",\"mainEntityOfPage\":{\"@id\":\"https:\\\/\\\/www.goierrieskola.eus\\\/es\\\/jornada-de-puertas-abiertas-de-formacion-profesional\\\/\"},\"wordCount\":294,\"publisher\":{\"@id\":\"https:\\\/\\\/www.goierrieskola.eus\\\/#organization\"},\"articleSection\":[\"Evento-Jornada\"],\"inLanguage\":\"es\"},{\"@type\":\"WebPage\",\"@id\":\"https:\\\/\\\/www.goierrieskola.eus\\\/es\\\/jornada-de-puertas-abiertas-de-formacion-profesional\\\/\",\"url\":\"https:\\\/\\\/www.goierrieskola.eus\\\/es\\\/jornada-de-puertas-abiertas-de-formacion-profesional\\\/\",\"name\":\"Jornada de PUERTAS ABIERTAS de Formaci\u00f3n Profesional - Goierri Eskola\",\"isPartOf\":{\"@id\":\"https:\\\/\\\/www.goierrieskola.eus\\\/#website\"},\"datePublished\":\"2019-02-12T11:26:51+00:00\",\"dateModified\":\"2022-02-23T15:48:03+00:00\",\"breadcrumb\":{\"@id\":\"https:\\\/\\\/www.goierrieskola.eus\\\/es\\\/jornada-de-puertas-abiertas-de-formacion-profesional\\\/#breadcrumb\"},\"inLanguage\":\"es\",\"potentialAction\":[{\"@type\":\"ReadAction\",\"target\":[\"https:\\\/\\\/www.goierrieskola.eus\\\/es\\\/jornada-de-puertas-abiertas-de-formacion-profesional\\\/\"]}]},{\"@type\":\"BreadcrumbList\",\"@id\":\"https:\\\/\\\/www.goierrieskola.eus\\\/es\\\/jornada-de-puertas-abiertas-de-formacion-profesional\\\/#breadcrumb\",\"itemListElement\":[{\"@type\":\"ListItem\",\"position\":1,\"name\":\"Portada\",\"item\":\"https:\\\/\\\/www.goierrieskola.eus\\\/es\\\/\"},{\"@type\":\"ListItem\",\"position\":2,\"name\":\"Jornada de PUERTAS ABIERTAS de Formaci\u00f3n Profesional\"}]},{\"@type\":\"WebSite\",\"@id\":\"https:\\\/\\\/www.goierrieskola.eus\\\/#website\",\"url\":\"https:\\\/\\\/www.goierrieskola.eus\\\/\",\"name\":\"Goierri Eskola\",\"description\":\"La Web de tu Escuela\",\"publisher\":{\"@id\":\"https:\\\/\\\/www.goierrieskola.eus\\\/#organization\"},\"potentialAction\":[{\"@type\":\"SearchAction\",\"target\":{\"@type\":\"EntryPoint\",\"urlTemplate\":\"https:\\\/\\\/www.goierrieskola.eus\\\/?s={search_term_string}\"},\"query-input\":{\"@type\":\"PropertyValueSpecification\",\"valueRequired\":true,\"valueName\":\"search_term_string\"}}],\"inLanguage\":\"es\"},{\"@type\":\"Organization\",\"@id\":\"https:\\\/\\\/www.goierrieskola.eus\\\/#organization\",\"name\":\"Goierri Eskola\",\"url\":\"https:\\\/\\\/www.goierrieskola.eus\\\/\",\"logo\":{\"@type\":\"ImageObject\",\"inLanguage\":\"es\",\"@id\":\"https:\\\/\\\/www.goierrieskola.eus\\\/#\\\/schema\\\/logo\\\/image\\\/\",\"url\":\"https:\\\/\\\/www.goierrieskola.eus\\\/wp-content\\\/uploads\\\/2014\\\/11\\\/Logo_color.jpg\",\"contentUrl\":\"https:\\\/\\\/www.goierrieskola.eus\\\/wp-content\\\/uploads\\\/2014\\\/11\\\/Logo_color.jpg\",\"width\":227,\"height\":88,\"caption\":\"Goierri Eskola\"},\"image\":{\"@id\":\"https:\\\/\\\/www.goierrieskola.eus\\\/#\\\/schema\\\/logo\\\/image\\\/\"},\"sameAs\":[\"https:\\\/\\\/www.facebook.com\\\/goierrieskola\",\"https:\\\/\\\/x.com\\\/Goierrieskola1\"]},{\"@type\":\"Person\",\"@id\":\"https:\\\/\\\/www.goierrieskola.eus\\\/#\\\/schema\\\/person\\\/b255e8eb1ca976b38e1ee0d39a5cef90\",\"name\":\"goierrieskolaAdm\",\"image\":{\"@type\":\"ImageObject\",\"inLanguage\":\"es\",\"@id\":\"https:\\\/\\\/secure.gravatar.com\\\/avatar\\\/e9fdf651f3112063fea88c97f94fa8ada68ce1854abd481c230f2310134a029e?s=96&d=mm&r=g\",\"url\":\"https:\\\/\\\/secure.gravatar.com\\\/avatar\\\/e9fdf651f3112063fea88c97f94fa8ada68ce1854abd481c230f2310134a029e?s=96&d=mm&r=g\",\"contentUrl\":\"https:\\\/\\\/secure.gravatar.com\\\/avatar\\\/e9fdf651f3112063fea88c97f94fa8ada68ce1854abd481c230f2310134a029e?s=96&d=mm&r=g\",\"caption\":\"goierrieskolaAdm\"},\"url\":\"https:\\\/\\\/www.goierrieskola.eus\\\/es\\\/author\\\/goierrieskolaadm\\\/\"}]}<\/script>\n<!-- \/ Yoast SEO plugin. -->","yoast_head_json":{"title":"Jornada de PUERTAS ABIERTAS de Formaci\u00f3n Profesional - Goierri Eskola","robots":{"index":"index","follow":"follow","max-snippet":"max-snippet:-1","max-image-preview":"max-image-preview:large","max-video-preview":"max-video-preview:-1"},"canonical":"https:\/\/www.goierrieskola.eus\/es\/jornada-de-puertas-abiertas-de-formacion-profesional\/","og_locale":"es_ES","og_type":"article","og_title":"Jornada de PUERTAS ABIERTAS de Formaci\u00f3n Profesional - Goierri Eskola","og_description":"[vc_row content_placement=\u00bbtop\u00bb column_gap=\u00bbno\u00bb padding_top=\u00bb0&#8243; padding_bottom=\u00bb0&#8243;][vc_column][vc_single_image image=\u00bb11429&#8243; img_size=\u00bblarge\u00bb alignment=\u00bbcenter\u00bb style=\u00bbvc_box_rounded\u00bb][\/vc_column][\/vc_row][vc_row][vc_column width=\u00bb1\/2&#8243;][vc_column_text]Estimada familia Con el objeto de informar sobre la oferta formativa de Formaci\u00f3n Profesional (grados superiores, grados medios y FP b\u00e1sica) para el curso 2021\/2022, Goierri Eskola ha organizado una jornada de PUERTAS ABIERTAS ONLINE dirigida a aquellas personas y familias que est\u00e9n interesadas. D\u00eda: 8 de mayo, s\u00e1bado Hora: 11:00 [&hellip;]","og_url":"https:\/\/www.goierrieskola.eus\/es\/jornada-de-puertas-abiertas-de-formacion-profesional\/","og_site_name":"Goierri Eskola","article_publisher":"https:\/\/www.facebook.com\/goierrieskola","article_published_time":"2019-02-12T11:26:51+00:00","article_modified_time":"2022-02-23T15:48:03+00:00","author":"goierrieskolaAdm","twitter_card":"summary_large_image","twitter_creator":"@Goierrieskola1","twitter_site":"@Goierrieskola1","twitter_misc":{"Escrito por":"goierrieskolaAdm","Tiempo de lectura":"1 minuto"},"schema":{"@context":"https:\/\/schema.org","@graph":[{"@type":"Article","@id":"https:\/\/www.goierrieskola.eus\/es\/jornada-de-puertas-abiertas-de-formacion-profesional\/#article","isPartOf":{"@id":"https:\/\/www.goierrieskola.eus\/es\/jornada-de-puertas-abiertas-de-formacion-profesional\/"},"author":{"name":"goierrieskolaAdm","@id":"https:\/\/www.goierrieskola.eus\/#\/schema\/person\/b255e8eb1ca976b38e1ee0d39a5cef90"},"headline":"Jornada de PUERTAS ABIERTAS de Formaci\u00f3n Profesional","datePublished":"2019-02-12T11:26:51+00:00","dateModified":"2022-02-23T15:48:03+00:00","mainEntityOfPage":{"@id":"https:\/\/www.goierrieskola.eus\/es\/jornada-de-puertas-abiertas-de-formacion-profesional\/"},"wordCount":294,"publisher":{"@id":"https:\/\/www.goierrieskola.eus\/#organization"},"articleSection":["Evento-Jornada"],"inLanguage":"es"},{"@type":"WebPage","@id":"https:\/\/www.goierrieskola.eus\/es\/jornada-de-puertas-abiertas-de-formacion-profesional\/","url":"https:\/\/www.goierrieskola.eus\/es\/jornada-de-puertas-abiertas-de-formacion-profesional\/","name":"Jornada de PUERTAS ABIERTAS de Formaci\u00f3n Profesional - Goierri Eskola","isPartOf":{"@id":"https:\/\/www.goierrieskola.eus\/#website"},"datePublished":"2019-02-12T11:26:51+00:00","dateModified":"2022-02-23T15:48:03+00:00","breadcrumb":{"@id":"https:\/\/www.goierrieskola.eus\/es\/jornada-de-puertas-abiertas-de-formacion-profesional\/#breadcrumb"},"inLanguage":"es","potentialAction":[{"@type":"ReadAction","target":["https:\/\/www.goierrieskola.eus\/es\/jornada-de-puertas-abiertas-de-formacion-profesional\/"]}]},{"@type":"BreadcrumbList","@id":"https:\/\/www.goierrieskola.eus\/es\/jornada-de-puertas-abiertas-de-formacion-profesional\/#breadcrumb","itemListElement":[{"@type":"ListItem","position":1,"name":"Portada","item":"https:\/\/www.goierrieskola.eus\/es\/"},{"@type":"ListItem","position":2,"name":"Jornada de PUERTAS ABIERTAS de Formaci\u00f3n Profesional"}]},{"@type":"WebSite","@id":"https:\/\/www.goierrieskola.eus\/#website","url":"https:\/\/www.goierrieskola.eus\/","name":"Goierri Eskola","description":"La Web de tu Escuela","publisher":{"@id":"https:\/\/www.goierrieskola.eus\/#organization"},"potentialAction":[{"@type":"SearchAction","target":{"@type":"EntryPoint","urlTemplate":"https:\/\/www.goierrieskola.eus\/?s={search_term_string}"},"query-input":{"@type":"PropertyValueSpecification","valueRequired":true,"valueName":"search_term_string"}}],"inLanguage":"es"},{"@type":"Organization","@id":"https:\/\/www.goierrieskola.eus\/#organization","name":"Goierri Eskola","url":"https:\/\/www.goierrieskola.eus\/","logo":{"@type":"ImageObject","inLanguage":"es","@id":"https:\/\/www.goierrieskola.eus\/#\/schema\/logo\/image\/","url":"https:\/\/www.goierrieskola.eus\/wp-content\/uploads\/2014\/11\/Logo_color.jpg","contentUrl":"https:\/\/www.goierrieskola.eus\/wp-content\/uploads\/2014\/11\/Logo_color.jpg","width":227,"height":88,"caption":"Goierri Eskola"},"image":{"@id":"https:\/\/www.goierrieskola.eus\/#\/schema\/logo\/image\/"},"sameAs":["https:\/\/www.facebook.com\/goierrieskola","https:\/\/x.com\/Goierrieskola1"]},{"@type":"Person","@id":"https:\/\/www.goierrieskola.eus\/#\/schema\/person\/b255e8eb1ca976b38e1ee0d39a5cef90","name":"goierrieskolaAdm","image":{"@type":"ImageObject","inLanguage":"es","@id":"https:\/\/secure.gravatar.com\/avatar\/e9fdf651f3112063fea88c97f94fa8ada68ce1854abd481c230f2310134a029e?s=96&d=mm&r=g","url":"https:\/\/secure.gravatar.com\/avatar\/e9fdf651f3112063fea88c97f94fa8ada68ce1854abd481c230f2310134a029e?s=96&d=mm&r=g","contentUrl":"https:\/\/secure.gravatar.com\/avatar\/e9fdf651f3112063fea88c97f94fa8ada68ce1854abd481c230f2310134a029e?s=96&d=mm&r=g","caption":"goierrieskolaAdm"},"url":"https:\/\/www.goierrieskola.eus\/es\/author\/goierrieskolaadm\/"}]}},"_links":{"self":[{"href":"https:\/\/www.goierrieskola.eus\/es\/wp-json\/wp\/v2\/posts\/8827","targetHints":{"allow":["GET"]}}],"collection":[{"href":"https:\/\/www.goierrieskola.eus\/es\/wp-json\/wp\/v2\/posts"}],"about":[{"href":"https:\/\/www.goierrieskola.eus\/es\/wp-json\/wp\/v2\/types\/post"}],"author":[{"embeddable":true,"href":"https:\/\/www.goierrieskola.eus\/es\/wp-json\/wp\/v2\/users\/1"}],"replies":[{"embeddable":true,"href":"https:\/\/www.goierrieskola.eus\/es\/wp-json\/wp\/v2\/comments?post=8827"}],"version-history":[{"count":9,"href":"https:\/\/www.goierrieskola.eus\/es\/wp-json\/wp\/v2\/posts\/8827\/revisions"}],"predecessor-version":[{"id":11431,"href":"https:\/\/www.goierrieskola.eus\/es\/wp-json\/wp\/v2\/posts\/8827\/revisions\/11431"}],"wp:attachment":[{"href":"https:\/\/www.goierrieskola.eus\/es\/wp-json\/wp\/v2\/media?parent=8827"}],"wp:term":[{"taxonomy":"category","embeddable":true,"href":"https:\/\/www.goierrieskola.eus\/es\/wp-json\/wp\/v2\/categories?post=8827"},{"taxonomy":"post_tag","embeddable":true,"href":"https:\/\/www.goierrieskola.eus\/es\/wp-json\/wp\/v2\/tags?post=8827"}],"curies":[{"name":"wp","href":"https:\/\/api.w.org\/{rel}","templated":true}]}}