{"id":8897,"date":"2017-04-04T12:06:11","date_gmt":"2017-04-04T12:06:11","guid":{"rendered":"http:\/\/www.goierrieskola.eus\/es\/?p=8897"},"modified":"2022-02-24T09:38:49","modified_gmt":"2022-02-24T09:38:49","slug":"proceso-de-matriculacion-para-el-curso-17-18","status":"publish","type":"post","link":"https:\/\/www.goierrieskola.eus\/es\/proceso-de-matriculacion-para-el-curso-17-18\/","title":{"rendered":"Proceso de matriculaci\u00f3n para el curso 17-18"},"content":{"rendered":"<p>[vc_row content_placement=\u00bbtop\u00bb column_gap=\u00bbno\u00bb padding_top=\u00bb0&#8243; padding_bottom=\u00bb0&#8243;][vc_column][vc_single_image image=\u00bb6440&#8243; img_size=\u00bbfull\u00bb alignment=\u00bbcenter\u00bb style=\u00bbvc_box_rounded\u00bb][vc_column_text]El las siguientes pesta\u00f1as encontrar\u00e1 los hitos m\u00e1s importantes para llevar a cabo el proceso de matriculaci\u00f3n por distintos niveles de estudio, tanto por fechas como por documentaci\u00f3n.<\/p>\n<p>Lugar de ATENCI\u00d3N: Secretar\u00eda acad\u00e9mica (4\u00ba edificio)<\/p>\n<p>El horario de ATENCI\u00d3N:<\/p>\n<ul>\n<li style=\"text-align: left;\">Lunes: 8:00 \u2013 14:00<\/li>\n<li style=\"text-align: left;\">Martes: 8:00 \u2013 14:00<\/li>\n<li style=\"text-align: left;\">Mi\u00e9rcoles: 8:00 \u2013 14:00<\/li>\n<li style=\"text-align: left;\">Jueves: 8:00 \u2013 14:00<\/li>\n<li style=\"text-align: left;\">Viernes: 8:00 \u2013 14:00<\/li>\n<\/ul>\n<p>[\/vc_column_text]\n\t<div class=\"kleo-tabs tabbable\" data-interval=\"0\">\n\t\t\t<ul class=\"nav nav-tabs responsive-tabs tabs-style-square\"><li class=\"active\"><a href=\"#tab-1461326896364-5\" data-toggle=\"tab\" onclick=\"return false;\">FP DE GRADO MEDIO Y SUPERIOR<\/a><\/li><li><a href=\"#tab-1461327584195-2-7\" data-toggle=\"tab\" onclick=\"return false;\">FP B\u00c1SICA<\/a><\/li><li><a href=\"#tab-1461326896225-0\" data-toggle=\"tab\" onclick=\"return false;\">BACHILLERATO<\/a><\/li><\/ul>\n<div class=\"tab-content\">\n\t\t\t\n\t\t\t<div id=\"tab-1461326896364-5\" class=\"tab-pane active\">\n\t\t\t\t[vc_row_inner][vc_column_inner width=\u00bb1\/2&#8243;][vc_btn title=\u00bbCONOZCA NUESTRA OFERTA\u00bb color=\u00bbblue\u00bb i_align=\u00bbright\u00bb i_icon_fontawesome=\u00bbfa fa-hand-pointer-o\u00bb add_icon=\u00bbtrue\u00bb link=\u00bburl:http%3A%2F%2Fwww.goierrieskola.eus%2Fes%2Foferta_educativa%2F||target:%20_blank\u00bb][vc_column_text]<strong>Del 5 al 16 de\u00a0junio (ambos inclusive)<\/strong> \u2013 Periodo de prematriculaci\u00f3n. Documentaci\u00f3n a presentar en secretar\u00eda:<\/p>\n<ol>\n<li style=\"text-align: left;\">Formulario de <a href=\"http:\/\/www.goierrieskola.eus\/wp-content\/uploads\/2017\/04\/Aurrematrikula-dok_ZIKLOAK_1718-1.pdf\" target=\"_blank\" rel=\"noopener noreferrer\">prematr\u00edcula<\/a>\u00a0cumplimentado\u00a0(Aviso: el documento es editable\u00a0en formato PDF)<\/li>\n<li style=\"text-align: left;\">Fotocopia del D.N.I. del alumno\/a<\/li>\n<li style=\"text-align: left;\">Fotocopia del D.N.I. del padre\/madre\/tutor\/a (en caso de ser menor de edad)<\/li>\n<li style=\"text-align: left;\">Expediente acad\u00e9mico (l\u00edmite para presentarlo: 30 de junio, 14:00)<\/li>\n<\/ol>\n<p><strong>6 de julio<\/strong>\u00a0\u2013\u00a0Publicaci\u00f3n de las listas de admitidos\/as provisionales<\/p>\n<p style=\"padding-left: 30px;\"><em>Cumpliendo con los criterios establecidos por el Departamento de Educaci\u00f3n, no podemos publicar en la web las listas de admitido\/as y no-admitidos\/as. Seg\u00fan dichos criterios, el interesado\/a deber\u00e1 personarse en el Centro para conocer su situaci\u00f3n personal<br \/>\n<\/em><\/p>\n<p><strong>Hasta el 7 de julio\u00a0(incluido)<\/strong>\u00a0\u2013\u00a0Presentaci\u00f3n de reclamaciones a las listas provisionales<\/p>\n<p><strong>13 de julio<\/strong> \u2013\u00a0Publicaci\u00f3n de las listas definitivas<\/p>\n<p style=\"padding-left: 30px;\"><em>Cumpliendo con los criterios establecidos por el Departamento de Educaci\u00f3n, no podemos publicar en la web las listas de admitido\/as y no-admitidos\/as. Seg\u00fan dichos criterios, el interesado\/a deber\u00e1 personarse en el Centro para conocer su situaci\u00f3n personal<\/em><\/p>\n<p><strong>Del 13 al 19 de julio (ambos inclusive)<\/strong>\u00a0\u2013\u00a0Periodo de matriculaci\u00f3n ordinario. A presentar en Secretar\u00eda:<\/p>\n<ol>\n<li style=\"text-align: left;\">Impreso \u201c<a href=\"http:\/\/www.goierrieskola.eus\/wp-content\/uploads\/2017\/04\/1-Matrikula_orria_LH-1718.pdf\" target=\"_blank\" rel=\"noopener noreferrer\">Solicitud de matr\u00edcula<\/a>\u201d cumplimentado<\/li>\n<li style=\"text-align: left;\">Fotocopia del D.N.I.<\/li>\n<li style=\"text-align: left;\">Impreso \u201c<a href=\"http:\/\/www.goierrieskola.eus\/wp-content\/uploads\/2017\/04\/3-Kontu-korrontea_LH-1718.pdf\" target=\"_blank\" rel=\"noopener noreferrer\">Cuota escolar<\/a>\u201d cumplimentado<\/li>\n<li style=\"text-align: left;\">Fotograf\u00eda de tama\u00f1o carnet, con nombre y apellidos en el dorso<\/li>\n<li style=\"text-align: left;\">Fotocopia de la tarjeta o n\u00famero de la Seguridad social entregado por el centro escolar de procedencia<\/li>\n<li style=\"text-align: left;\">Impreso \u201c<a href=\"http:\/\/www.goierrieskola.eus\/wp-content\/uploads\/2017\/04\/2-Lan_jantzia_LH-1718.pdf\" target=\"_blank\" rel=\"noopener noreferrer\">Equipamiento de trabajo<\/a>\u201d cumplimentado<\/li>\n<li style=\"text-align: left;\">Impreso \u201c<a href=\"http:\/\/www.goierrieskola.eus\/wp-content\/uploads\/2017\/04\/4-Lege_baimenak.pdf\" target=\"_blank\" rel=\"noopener noreferrer\">Consentimientos legales<\/a>\u201d cumplimentado<\/li>\n<li style=\"text-align: left;\">Impreso \u201c<a href=\"http:\/\/www.goierrieskola.eus\/wp-content\/uploads\/2017\/04\/5-Datu_osagarriak-1718.pdf\" target=\"_blank\" rel=\"noopener noreferrer\">Datos complementarios<\/a>\u201d cumplimentado<\/li>\n<li style=\"text-align: left;\">Impreso \u201c<a href=\"http:\/\/www.goierrieskola.eus\/wp-content\/uploads\/2017\/04\/6.0-Autobus_erabiltzailea_1718.pdf\" target=\"_blank\" rel=\"noopener noreferrer\">Usuario del servicio de autob\u00fas<\/a>\u201d cumplimentado (para aquellos que ser\u00e1n usuarios de Sakana y Urola)<\/li>\n<li style=\"text-align: left;\">Ingresar 81\u20ac en alguna de las cuentas corriente que se indican a continuaci\u00f3n y entregar justificante:<br \/>\n<table width=\"545\">\n<tbody>\n<tr>\n<td width=\"200\"><strong>KUTXABANK<\/strong><\/td>\n<td width=\"345\"><strong>ES23-2095 5073 07 1060105375<\/strong><\/td>\n<\/tr>\n<tr>\n<td width=\"200\"><strong>LABORAL KUTXA<\/strong><\/td>\n<td width=\"345\"><strong>ES87-3035 0054 54 0540015496<\/strong><\/td>\n<\/tr>\n<tr>\n<td width=\"200\"><strong>LA CAIXA<\/strong><\/td>\n<td width=\"345\"><strong>ES46-2100 4227 73 2200026510<\/strong><\/td>\n<\/tr>\n<\/tbody>\n<\/table>\n<\/li>\n<\/ol>\n<p>Servicios de autob\u00fas para Goierri Eskola:<\/p>\n<ul>\n<li style=\"text-align: left;\">Goierri<\/li>\n<li style=\"text-align: left;\">Sakana<\/li>\n<li style=\"text-align: left;\">Urola<\/li>\n<\/ul>\n<p><strong>\u00a0<\/strong>[\/vc_column_text][\/vc_column_inner][vc_column_inner width=\u00bb1\/2&#8243;][vc_single_image image=\u00bb8442&#8243; img_size=\u00bb600&#215;200&#8243; style=\u00bbvc_box_rounded\u00bb][vc_single_image image=\u00bb8274&#8243; img_size=\u00bb600&#215;200&#8243; style=\u00bbvc_box_rounded\u00bb][vc_single_image image=\u00bb7286&#8243; img_size=\u00bb600&#215;200&#8243; style=\u00bbvc_box_rounded\u00bb][vc_single_image image=\u00bb6395&#8243; img_size=\u00bb600&#215;200&#8243; style=\u00bbvc_box_rounded\u00bb][vc_single_image image=\u00bb7770&#8243; img_size=\u00bb600&#215;200&#8243; style=\u00bbvc_box_rounded\u00bb][vc_single_image image=\u00bb7840&#8243; img_size=\u00bb600&#215;200&#8243; style=\u00bbvc_box_rounded\u00bb][\/vc_column_inner][\/vc_row_inner]\n\t\t\t<\/div> \n\t\t\t<div id=\"tab-1461327584195-2-7\" class=\"tab-pane\">\n\t\t\t\t[vc_row_inner][vc_column_inner width=\u00bb1\/2&#8243;][vc_btn title=\u00bbCONOZCA NUESTRA OFERTA\u00bb color=\u00bbblue\u00bb i_align=\u00bbright\u00bb i_icon_fontawesome=\u00bbfa fa-hand-pointer-o\u00bb add_icon=\u00bbtrue\u00bb link=\u00bburl:http%3A%2F%2Fwww.goierrieskola.eus%2Fes%2Foferta_educativa%2F||target:%20_blank\u00bb][vc_column_text]<strong>Del 5 al 16 de\u00a0junio (ambos inclusive)<\/strong> \u2013 Periodo de prematriculaci\u00f3n. Documentaci\u00f3n a presentar en secretar\u00eda:<\/p>\n<ol>\n<li style=\"text-align: left;\">Formulario de <a href=\"http:\/\/www.goierrieskola.eus\/wp-content\/uploads\/2017\/04\/aurrematrikula-dok_OLH_FPB_1718-1.pdf\" target=\"_blank\" rel=\"noopener noreferrer\">prematr\u00edcula<\/a>\u00a0cumplimentado\u00a0(Aviso: el documento es editable\u00a0en formato PDF)<\/li>\n<li style=\"text-align: left;\">Fotocopia del D.N.I. del alumno\/a<\/li>\n<li style=\"text-align: left;\">Fotocopia del D.N.I. del padre\/madre\/tutor\/a<\/li>\n<li style=\"text-align: left;\">Formulario \u201c<a href=\"http:\/\/www.goierrieskola.eus\/wp-content\/uploads\/2016\/04\/OLH_Anexo-II.pdf\" target=\"_blank\" rel=\"noopener noreferrer\">Solicitud\/conformidad<\/a>\u201d del alumno\/a y\u00a0padre\/madre\/tutor cumplimentado<\/li>\n<li style=\"text-align: left;\">Formulario \u201c<a href=\"http:\/\/www.goierrieskola.eus\/wp-content\/uploads\/2016\/04\/OLH_AnexoI.pdf\" target=\"_blank\" rel=\"noopener noreferrer\">Consejo orientador<\/a>\u201d cumplimentado<\/li>\n<li style=\"text-align: left;\">Expediente acad\u00e9mico (l\u00edmite para presentarlo: 30 de junio, 14:00)<\/li>\n<\/ol>\n<p><strong>6 de julio<\/strong>\u00a0\u2013\u00a0Publicaci\u00f3n de las listas de admitidos\/as provisionales<\/p>\n<p style=\"padding-left: 30px;\"><em>Cumpliendo con los criterios establecidos por el Departamento de Educaci\u00f3n, no podemos publicar en la web las listas de admitido\/as y no-admitidos\/as. Seg\u00fan dichos criterios, el interesado\/a deber\u00e1 personarse en el Centro para conocer su situaci\u00f3n personal<\/em><\/p>\n<p><strong>Hasta el 7 de julio\u00a0(incluido)<\/strong>\u00a0\u2013\u00a0Presentaci\u00f3n de reclamaciones a las listas provisionales<\/p>\n<p><strong>13 de julio<\/strong> \u2013\u00a0Publicaci\u00f3n de las listas definitivas<\/p>\n<p style=\"padding-left: 30px;\"><em>Cumpliendo con los criterios establecidos por el Departamento de Educaci\u00f3n, no podemos publicar en la web las listas de admitido\/as y no-admitidos\/as. Seg\u00fan dichos criterios, el interesado\/a deber\u00e1 personarse en el Centro para conocer su situaci\u00f3n personal<\/em><\/p>\n<p><strong>Del 13 al 19 de julio (ambos inclusive)<\/strong>\u00a0\u2013\u00a0Periodo de matriculaci\u00f3n ordinario. A presentar en Secretar\u00eda:<\/p>\n<ol>\n<li style=\"text-align: left;\">Impreso \u201c<a href=\"http:\/\/www.goierrieskola.eus\/wp-content\/uploads\/2017\/04\/1-Matrikula_orria_OLH-1718.pdf\" target=\"_blank\" rel=\"noopener noreferrer\">Solicitud de matr\u00edcula<\/a>\u201d cumplimentado<\/li>\n<li style=\"text-align: left;\">Fotocopia del D.N.I.<\/li>\n<li style=\"text-align: left;\">Impreso \u201c<a href=\"http:\/\/www.goierrieskola.eus\/wp-content\/uploads\/2017\/04\/3-Kontu-korrontea_OLH-1718.pdf\" target=\"_blank\" rel=\"noopener noreferrer\">Cuota escolar<\/a>\u201d cumplimentado<\/li>\n<li style=\"text-align: left;\">Fotograf\u00eda de tama\u00f1o carnet, con nombre y apellidos en el dorso<\/li>\n<li style=\"text-align: left;\">Fotocopia de la tarjeta o n\u00famero de la Seguridad social entregado por el centro escolar de procedencia<\/li>\n<li style=\"text-align: left;\">Impreso \u201c<a href=\"http:\/\/www.goierrieskola.eus\/wp-content\/uploads\/2017\/04\/2-Lan_jantzia_OLH-1718.pdf\" target=\"_blank\" rel=\"noopener noreferrer\">Equipamiento de trabajo<\/a>\u201d cumplimentado<\/li>\n<li style=\"text-align: left;\">Impreso \u201c<a href=\"http:\/\/www.goierrieskola.eus\/wp-content\/uploads\/2017\/04\/4-Lege_baimenak.pdf\" target=\"_blank\" rel=\"noopener noreferrer\">Consentimientos legales<\/a>\u201d cumplimentado<\/li>\n<li style=\"text-align: left;\">Impreso \u201c<a href=\"http:\/\/www.goierrieskola.eus\/wp-content\/uploads\/2017\/04\/5-Datu_osagarriak-1718.pdf\" target=\"_blank\" rel=\"noopener noreferrer\">Datos complementarios<\/a>\u201d cumplimentado<\/li>\n<li style=\"text-align: left;\">Impreso \u201c<a href=\"http:\/\/www.goierrieskola.eus\/wp-content\/uploads\/2017\/04\/6.0-Autobus_erabiltzailea_1718.pdf\" target=\"_blank\" rel=\"noopener noreferrer\">Usuario del servicio de autob\u00fas<\/a>\u201d cumplimentado (para aquellos que ser\u00e1n usuarios de Sakana y Urola)<\/li>\n<li style=\"text-align: left;\">Ingresar 61\u20ac en alguna de las cuentas corriente que se indican a continuaci\u00f3n y entregar justificante:<br \/>\n<table width=\"545\">\n<tbody>\n<tr>\n<td width=\"200\"><strong>KUTXABANK<\/strong><\/td>\n<td width=\"345\"><strong>ES23-2095 5073 07 1060105375<\/strong><\/td>\n<\/tr>\n<tr>\n<td width=\"200\"><strong>LABORAL KUTXA<\/strong><\/td>\n<td width=\"345\"><strong>ES87-3035 0054 54 0540015496<\/strong><\/td>\n<\/tr>\n<tr>\n<td width=\"200\"><strong>LA CAIXA<\/strong><\/td>\n<td width=\"345\"><strong>ES46-2100 4227 73 2200026510<\/strong><\/td>\n<\/tr>\n<\/tbody>\n<\/table>\n<\/li>\n<\/ol>\n<p><a href=\"http:\/\/www.goierrieskola.eus\/wp-content\/uploads\/2017\/04\/17-18-oharra_gastuen-aurreikuspena.pdf\" target=\"_blank\" rel=\"noopener noreferrer\">Informaci\u00f3n<\/a> acerca de los gastos que se preven durante el curso<\/p>\n<p>Servicios de autob\u00fas para Goierri Eskola:<\/p>\n<ul>\n<li style=\"text-align: left;\">Goierri<\/li>\n<li style=\"text-align: left;\">Sakana<\/li>\n<li style=\"text-align: left;\">Urola<\/li>\n<\/ul>\n<p><strong>\u00a0<\/strong>[\/vc_column_text][\/vc_column_inner][vc_column_inner width=\u00bb1\/2&#8243;][vc_single_image image=\u00bb8320&#8243; img_size=\u00bb600&#215;200&#8243; style=\u00bbvc_box_rounded\u00bb][vc_single_image image=\u00bb8279&#8243; img_size=\u00bb600&#215;200&#8243; style=\u00bbvc_box_rounded\u00bb][vc_single_image image=\u00bb8316&#8243; img_size=\u00bb600&#215;200&#8243; style=\u00bbvc_box_rounded\u00bb][vc_single_image image=\u00bb8314&#8243; img_size=\u00bb600&#215;200&#8243; style=\u00bbvc_box_rounded\u00bb][\/vc_column_inner][\/vc_row_inner]\n\t\t\t<\/div> \n\t\t\t<div id=\"tab-1461326896225-0\" class=\"tab-pane\">\n\t\t\t\t[vc_row_inner][vc_column_inner width=\u00bb1\/2&#8243;][vc_btn title=\u00bbCONOZCA NUESTRA OFERTA\u00bb color=\u00bbblue\u00bb i_align=\u00bbright\u00bb i_icon_fontawesome=\u00bbfa fa-hand-pointer-o\u00bb add_icon=\u00bbtrue\u00bb link=\u00bburl:http%3A%2F%2Fwww.goierrieskola.eus%2Fes%2Foferta_educativa%2Fbachillerato-cientifico%2F||target:%20_blank\u00bb][vc_column_text]<strong>Del 2 al 12 de mayo (ambos inclusive)<\/strong>\u00a0\u2013 Periodo de prematriculaci\u00f3n. Documentaci\u00f3n a presentar en secretar\u00eda:<\/p>\n<ol>\n<li style=\"text-align: left;\">Formulario de <a href=\"http:\/\/www.goierrieskola.eus\/wp-content\/uploads\/2017\/04\/Aurrematrikula-dokumentua_Batx_1718.pdf\" target=\"_blank\" rel=\"noopener noreferrer\">prematr\u00edcula<\/a>\u00a0cumplimentado (Aviso: el documento es editable\u00a0en formato PDF)<\/li>\n<li style=\"text-align: left;\">Fotocopia del D.N.I. del alumno\/a<\/li>\n<li style=\"text-align: left;\">Fotocopia del D.N.I. del padre\/madre\/tutor\/a<\/li>\n<\/ol>\n<p><em>Nota: En el caso de que la demanda de plazas supere la oferta se proceder\u00e1 a solicitar a las familias la documentaci\u00f3n necesaria para realizar la baremaci\u00f3n correspondiente<\/em><\/p>\n<ul>\n<li style=\"text-align: left;\">Criterios oficiales para la baremaci\u00f3n <a href=\"https:\/\/www.euskadi.eus\/y22-bopv\/es\/bopv2\/datos\/2017\/03\/1701658a.pdf\" target=\"_blank\" rel=\"noopener noreferrer\">aqu\u00ed<\/a><\/li>\n<li style=\"text-align: left;\">Criterio del Centro para otorgar hasta 2 puntos en la baremaci\u00f3n <a href=\"https:\/\/drive.google.com\/open?id=0B31pjOzCvXm5VWNHWjNnQzQwM1U\" target=\"_blank\" rel=\"noopener noreferrer\">aqu\u00ed<\/a><\/li>\n<\/ul>\n<p><strong>1 de junio<\/strong>\u00a0\u2013\u00a0Publicaci\u00f3n de las listas provisionales<\/p>\n<p style=\"padding-left: 30px;\">Todas las personas que se han preinscrito han sido admitidas tanto en 1er curso como en 2\u00ba curso<\/p>\n<p><strong>Hasta el 6 de junio\u00a0(incluido)<\/strong>\u00a0\u2013\u00a0Presentaci\u00f3n de reclamaciones a las listas provisionales<\/p>\n<p style=\"padding-left: 30px;\">Todas las personas que se han preinscrito han sido admitidas tanto en 1er curso como en 2\u00ba curso<\/p>\n<p><strong>9 de junio<\/strong> \u2013\u00a0Publicaci\u00f3n de las listas definitivas<\/p>\n<p><strong>Del 20 de junio al 6 de julio (ambos inclusive)<\/strong>\u00a0\u2013\u00a0Periodo de matriculaci\u00f3n ordinario. A presentar en Secretar\u00eda:<\/p>\n<ol>\n<li style=\"text-align: left;\">Impreso \u201c<a href=\"http:\/\/www.goierrieskola.eus\/wp-content\/uploads\/2017\/04\/1-Matrikula_orria_BATXI-1718.pdf\" target=\"_blank\" rel=\"noopener noreferrer\">Solicitud de matr\u00edcula<\/a>\u201d cumplimentado<\/li>\n<li style=\"text-align: left;\">Certificado acad\u00e9mico oficial de la ESO: copia + original<\/li>\n<li style=\"text-align: left;\">Fotocopia del D.N.I.<\/li>\n<li style=\"text-align: left;\">Impreso \u201c<a href=\"http:\/\/www.goierrieskola.eus\/wp-content\/uploads\/2017\/04\/3-Kontu-korrontea_BATXI-1718.pdf\" target=\"_blank\" rel=\"noopener noreferrer\">Cuota escolar<\/a>\u201d cumplimentado<\/li>\n<li style=\"text-align: left;\">Fotograf\u00eda de tama\u00f1o carnet, con nombre y apellidos en el dorso<\/li>\n<li style=\"text-align: left;\">Fotocopia de la tarjeta o n\u00famero de la Seguridad social entregado por el centro escolar de procedencia<\/li>\n<li style=\"text-align: left;\">Impreso \u201cElecci\u00f3n de asignaturas\u201d cumplimentado: <a href=\"http:\/\/www.goierrieskola.eus\/wp-content\/uploads\/2017\/04\/2.1-Hautazkoak-1-1718.pdf\" target=\"_blank\" rel=\"noopener noreferrer\">1. maila<\/a>\u00a0\/ <a href=\"http:\/\/www.goierrieskola.eus\/wp-content\/uploads\/2017\/04\/2.2-Hautazkoak-2-1718.pdf\" target=\"_blank\" rel=\"noopener noreferrer\">2. maila<\/a><\/li>\n<li style=\"text-align: left;\">Impreso \u201c<a href=\"http:\/\/www.goierrieskola.eus\/wp-content\/uploads\/2017\/04\/4-Lege_baimenak.pdf\" target=\"_blank\" rel=\"noopener noreferrer\">Consentimientos legales<\/a>\u201d cumplimentado<\/li>\n<li style=\"text-align: left;\">Impreso \u201c<a href=\"http:\/\/www.goierrieskola.eus\/wp-content\/uploads\/2017\/04\/5-Datu_osagarriak-1718.pdf\" target=\"_blank\" rel=\"noopener noreferrer\">Datos complementarios<\/a>\u201d cumplimentado<\/li>\n<li style=\"text-align: left;\">Impreso \u201c<a href=\"http:\/\/www.goierrieskola.eus\/wp-content\/uploads\/2017\/04\/6.0-Autobus_erabiltzailea_1718.pdf\" target=\"_blank\" rel=\"noopener noreferrer\">Usuario del servicio de autob\u00fas<\/a>\u201d cumplimentado (para aquellos que ser\u00e1n usuarios de Sakana y Urola)<\/li>\n<li style=\"text-align: left;\">Ingresar 81\u20ac en alguna de las cuentas corriente que se indican a continuaci\u00f3n y entregar justificante:<br \/>\n<table width=\"545\">\n<tbody>\n<tr>\n<td width=\"200\"><strong>KUTXABANK<\/strong><\/td>\n<td width=\"345\"><strong>ES23-2095 5073 07 1060105375<\/strong><\/td>\n<\/tr>\n<tr>\n<td width=\"200\"><strong>LABORAL KUTXA<\/strong><\/td>\n<td width=\"345\"><strong>ES87-3035 0054 54 0540015496<\/strong><\/td>\n<\/tr>\n<tr>\n<td width=\"200\"><strong>LA CAIXA<\/strong><\/td>\n<td width=\"345\"><strong>ES46-2100 4227 73 2200026510<\/strong><\/td>\n<\/tr>\n<\/tbody>\n<\/table>\n<\/li>\n<\/ol>\n<p>Servicios de autob\u00fas para Goierri Eskola:<\/p>\n<ul>\n<li style=\"text-align: left;\">Goierri<\/li>\n<li style=\"text-align: left;\">Sakana<\/li>\n<li style=\"text-align: left;\">Urola<\/li>\n<\/ul>\n<p>[\/vc_column_text][\/vc_column_inner][vc_column_inner width=\u00bb1\/2&#8243;][vc_single_image image=\u00bb6395&#8243; img_size=\u00bb600&#215;200&#8243; style=\u00bbvc_box_rounded\u00bb][vc_single_image image=\u00bb8309&#8243; img_size=\u00bb600&#215;200&#8243; style=\u00bbvc_box_rounded\u00bb][vc_single_image image=\u00bb7770&#8243; img_size=\u00bb600&#215;200&#8243; style=\u00bbvc_box_rounded\u00bb][vc_single_image image=\u00bb8166&#8243; img_size=\u00bb600&#215;200&#8243; style=\u00bbvc_box_rounded\u00bb][\/vc_column_inner][\/vc_row_inner]\n\t\t\t<\/div> <\/div>\n\t<\/div> [\/vc_column][\/vc_row][vc_row][vc_column width=\u00bb1\/2&#8243;][vc_gmaps link=\u00bb#E-8_JTNDaWZyYW1lJTIwc3JjJTNEJTIyaHR0cHMlM0ElMkYlMkZ3d3cuZ29vZ2xlLmNvbSUyRm1hcHMlMkZlbWJlZCUzRnBiJTNEJTIxMW0xOCUyMTFtMTIlMjExbTMlMjExZDI5MTUuNjg1MzIxNzUwODM5JTIxMmQtMi4xODU0NDE5ODQ1MjE3ODYlMjEzZDQzLjA0ODA1MTk3OTE0NjY5JTIxMm0zJTIxMWYwJTIxMmYwJTIxM2YwJTIxM20yJTIxMWkxMDI0JTIxMmk3NjglMjE0ZjEzLjElMjEzbTMlMjExbTIlMjExczB4ZDUwMzY1ODI3MTZkNzRkJTI1M0EweGZmYjczMWRjYTlkMWE2YmQlMjEyc0dvaWVycmklMkJFc2tvbGElMjE1ZTAlMjEzbTIlMjExc2VzJTIxMnNlcyUyMTR2MTQ1NzA3ODk2MjAxNCUyMiUyMHdpZHRoJTNEJTIyNjAwJTIyJTIwaGVpZ2h0JTNEJTIyNDUwJTIyJTIwZnJhbWVib3JkZXIlM0QlMjIwJTIyJTIwc3R5bGUlM0QlMjJib3JkZXIlM0EwJTIyJTIwYWxsb3dmdWxsc2NyZWVuJTNFJTNDJTJGaWZyYW1lJTNF\u00bb][\/vc_column][vc_column width=\u00bb1\/2&#8243;][\/vc_column][\/vc_row]<\/p>\n","protected":false},"excerpt":{"rendered":"<p>[vc_row content_placement=\u00bbtop\u00bb column_gap=\u00bbno\u00bb padding_top=\u00bb0&#8243; padding_bottom=\u00bb0&#8243;][vc_column][vc_single_image image=\u00bb6440&#8243; img_size=\u00bbfull\u00bb alignment=\u00bbcenter\u00bb style=\u00bbvc_box_rounded\u00bb][vc_column_text]El las siguientes pesta\u00f1as encontrar\u00e1 los hitos m\u00e1s importantes para llevar a cabo el proceso de matriculaci\u00f3n por distintos niveles de estudio, tanto por fechas como por documentaci\u00f3n. Lugar de ATENCI\u00d3N: Secretar\u00eda acad\u00e9mica (4\u00ba edificio) El horario de ATENCI\u00d3N: Lunes: 8:00 \u2013 14:00 Martes: 8:00 \u2013 14:00 Mi\u00e9rcoles: 8:00 \u2013 14:00 Jueves: [&hellip;]<\/p>\n","protected":false},"author":1,"featured_media":0,"comment_status":"closed","ping_status":"closed","sticky":false,"template":"","format":"standard","meta":{"footnotes":""},"categories":[16],"tags":[],"class_list":["post-8897","post","type-post","status-publish","format-standard","hentry","category-bachillerato"],"yoast_head":"<!-- This site is optimized with the Yoast SEO plugin v27.4 - https:\/\/yoast.com\/product\/yoast-seo-wordpress\/ -->\n<title>Proceso de matriculaci\u00f3n para el curso 17-18 - Goierri Eskola<\/title>\n<meta name=\"robots\" content=\"index, follow, max-snippet:-1, max-image-preview:large, max-video-preview:-1\" \/>\n<link rel=\"canonical\" href=\"https:\/\/www.goierrieskola.eus\/es\/proceso-de-matriculacion-para-el-curso-17-18\/\" \/>\n<meta property=\"og:locale\" content=\"es_ES\" \/>\n<meta property=\"og:type\" content=\"article\" \/>\n<meta property=\"og:title\" content=\"Proceso de matriculaci\u00f3n para el curso 17-18 - Goierri Eskola\" \/>\n<meta property=\"og:description\" content=\"[vc_row content_placement=\u00bbtop\u00bb column_gap=\u00bbno\u00bb padding_top=\u00bb0&#8243; padding_bottom=\u00bb0&#8243;][vc_column][vc_single_image image=\u00bb6440&#8243; img_size=\u00bbfull\u00bb alignment=\u00bbcenter\u00bb style=\u00bbvc_box_rounded\u00bb][vc_column_text]El las siguientes pesta\u00f1as encontrar\u00e1 los hitos m\u00e1s importantes para llevar a cabo el proceso de matriculaci\u00f3n por distintos niveles de estudio, tanto por fechas como por documentaci\u00f3n. Lugar de ATENCI\u00d3N: Secretar\u00eda acad\u00e9mica (4\u00ba edificio) El horario de ATENCI\u00d3N: Lunes: 8:00 \u2013 14:00 Martes: 8:00 \u2013 14:00 Mi\u00e9rcoles: 8:00 \u2013 14:00 Jueves: [&hellip;]\" \/>\n<meta property=\"og:url\" content=\"https:\/\/www.goierrieskola.eus\/es\/proceso-de-matriculacion-para-el-curso-17-18\/\" \/>\n<meta property=\"og:site_name\" content=\"Goierri Eskola\" \/>\n<meta property=\"article:publisher\" content=\"https:\/\/www.facebook.com\/goierrieskola\" \/>\n<meta property=\"article:published_time\" content=\"2017-04-04T12:06:11+00:00\" \/>\n<meta property=\"article:modified_time\" content=\"2022-02-24T09:38:49+00:00\" \/>\n<meta name=\"author\" content=\"goierrieskolaAdm\" \/>\n<meta name=\"twitter:card\" content=\"summary_large_image\" \/>\n<meta name=\"twitter:creator\" content=\"@Goierrieskola1\" \/>\n<meta name=\"twitter:site\" content=\"@Goierrieskola1\" \/>\n<meta name=\"twitter:label1\" content=\"Escrito por\" \/>\n\t<meta name=\"twitter:data1\" content=\"goierrieskolaAdm\" \/>\n\t<meta name=\"twitter:label2\" content=\"Tiempo de lectura\" \/>\n\t<meta name=\"twitter:data2\" content=\"7 minutos\" \/>\n<script type=\"application\/ld+json\" class=\"yoast-schema-graph\">{\"@context\":\"https:\\\/\\\/schema.org\",\"@graph\":[{\"@type\":\"Article\",\"@id\":\"https:\\\/\\\/www.goierrieskola.eus\\\/es\\\/proceso-de-matriculacion-para-el-curso-17-18\\\/#article\",\"isPartOf\":{\"@id\":\"https:\\\/\\\/www.goierrieskola.eus\\\/es\\\/proceso-de-matriculacion-para-el-curso-17-18\\\/\"},\"author\":{\"name\":\"goierrieskolaAdm\",\"@id\":\"https:\\\/\\\/www.goierrieskola.eus\\\/#\\\/schema\\\/person\\\/b255e8eb1ca976b38e1ee0d39a5cef90\"},\"headline\":\"Proceso de matriculaci\u00f3n para el curso 17-18\",\"datePublished\":\"2017-04-04T12:06:11+00:00\",\"dateModified\":\"2022-02-24T09:38:49+00:00\",\"mainEntityOfPage\":{\"@id\":\"https:\\\/\\\/www.goierrieskola.eus\\\/es\\\/proceso-de-matriculacion-para-el-curso-17-18\\\/\"},\"wordCount\":1495,\"publisher\":{\"@id\":\"https:\\\/\\\/www.goierrieskola.eus\\\/#organization\"},\"articleSection\":[\"Bachillerato\"],\"inLanguage\":\"es\"},{\"@type\":\"WebPage\",\"@id\":\"https:\\\/\\\/www.goierrieskola.eus\\\/es\\\/proceso-de-matriculacion-para-el-curso-17-18\\\/\",\"url\":\"https:\\\/\\\/www.goierrieskola.eus\\\/es\\\/proceso-de-matriculacion-para-el-curso-17-18\\\/\",\"name\":\"Proceso de matriculaci\u00f3n para el curso 17-18 - Goierri Eskola\",\"isPartOf\":{\"@id\":\"https:\\\/\\\/www.goierrieskola.eus\\\/#website\"},\"datePublished\":\"2017-04-04T12:06:11+00:00\",\"dateModified\":\"2022-02-24T09:38:49+00:00\",\"breadcrumb\":{\"@id\":\"https:\\\/\\\/www.goierrieskola.eus\\\/es\\\/proceso-de-matriculacion-para-el-curso-17-18\\\/#breadcrumb\"},\"inLanguage\":\"es\",\"potentialAction\":[{\"@type\":\"ReadAction\",\"target\":[\"https:\\\/\\\/www.goierrieskola.eus\\\/es\\\/proceso-de-matriculacion-para-el-curso-17-18\\\/\"]}]},{\"@type\":\"BreadcrumbList\",\"@id\":\"https:\\\/\\\/www.goierrieskola.eus\\\/es\\\/proceso-de-matriculacion-para-el-curso-17-18\\\/#breadcrumb\",\"itemListElement\":[{\"@type\":\"ListItem\",\"position\":1,\"name\":\"Portada\",\"item\":\"https:\\\/\\\/www.goierrieskola.eus\\\/es\\\/\"},{\"@type\":\"ListItem\",\"position\":2,\"name\":\"Proceso de matriculaci\u00f3n para el curso 17-18\"}]},{\"@type\":\"WebSite\",\"@id\":\"https:\\\/\\\/www.goierrieskola.eus\\\/#website\",\"url\":\"https:\\\/\\\/www.goierrieskola.eus\\\/\",\"name\":\"Goierri Eskola\",\"description\":\"La Web de tu Escuela\",\"publisher\":{\"@id\":\"https:\\\/\\\/www.goierrieskola.eus\\\/#organization\"},\"potentialAction\":[{\"@type\":\"SearchAction\",\"target\":{\"@type\":\"EntryPoint\",\"urlTemplate\":\"https:\\\/\\\/www.goierrieskola.eus\\\/?s={search_term_string}\"},\"query-input\":{\"@type\":\"PropertyValueSpecification\",\"valueRequired\":true,\"valueName\":\"search_term_string\"}}],\"inLanguage\":\"es\"},{\"@type\":\"Organization\",\"@id\":\"https:\\\/\\\/www.goierrieskola.eus\\\/#organization\",\"name\":\"Goierri Eskola\",\"url\":\"https:\\\/\\\/www.goierrieskola.eus\\\/\",\"logo\":{\"@type\":\"ImageObject\",\"inLanguage\":\"es\",\"@id\":\"https:\\\/\\\/www.goierrieskola.eus\\\/#\\\/schema\\\/logo\\\/image\\\/\",\"url\":\"https:\\\/\\\/www.goierrieskola.eus\\\/wp-content\\\/uploads\\\/2014\\\/11\\\/Logo_color.jpg\",\"contentUrl\":\"https:\\\/\\\/www.goierrieskola.eus\\\/wp-content\\\/uploads\\\/2014\\\/11\\\/Logo_color.jpg\",\"width\":227,\"height\":88,\"caption\":\"Goierri Eskola\"},\"image\":{\"@id\":\"https:\\\/\\\/www.goierrieskola.eus\\\/#\\\/schema\\\/logo\\\/image\\\/\"},\"sameAs\":[\"https:\\\/\\\/www.facebook.com\\\/goierrieskola\",\"https:\\\/\\\/x.com\\\/Goierrieskola1\"]},{\"@type\":\"Person\",\"@id\":\"https:\\\/\\\/www.goierrieskola.eus\\\/#\\\/schema\\\/person\\\/b255e8eb1ca976b38e1ee0d39a5cef90\",\"name\":\"goierrieskolaAdm\",\"image\":{\"@type\":\"ImageObject\",\"inLanguage\":\"es\",\"@id\":\"https:\\\/\\\/secure.gravatar.com\\\/avatar\\\/e9fdf651f3112063fea88c97f94fa8ada68ce1854abd481c230f2310134a029e?s=96&d=mm&r=g\",\"url\":\"https:\\\/\\\/secure.gravatar.com\\\/avatar\\\/e9fdf651f3112063fea88c97f94fa8ada68ce1854abd481c230f2310134a029e?s=96&d=mm&r=g\",\"contentUrl\":\"https:\\\/\\\/secure.gravatar.com\\\/avatar\\\/e9fdf651f3112063fea88c97f94fa8ada68ce1854abd481c230f2310134a029e?s=96&d=mm&r=g\",\"caption\":\"goierrieskolaAdm\"},\"url\":\"https:\\\/\\\/www.goierrieskola.eus\\\/es\\\/author\\\/goierrieskolaadm\\\/\"}]}<\/script>\n<!-- \/ Yoast SEO plugin. -->","yoast_head_json":{"title":"Proceso de matriculaci\u00f3n para el curso 17-18 - Goierri Eskola","robots":{"index":"index","follow":"follow","max-snippet":"max-snippet:-1","max-image-preview":"max-image-preview:large","max-video-preview":"max-video-preview:-1"},"canonical":"https:\/\/www.goierrieskola.eus\/es\/proceso-de-matriculacion-para-el-curso-17-18\/","og_locale":"es_ES","og_type":"article","og_title":"Proceso de matriculaci\u00f3n para el curso 17-18 - Goierri Eskola","og_description":"[vc_row content_placement=\u00bbtop\u00bb column_gap=\u00bbno\u00bb padding_top=\u00bb0&#8243; padding_bottom=\u00bb0&#8243;][vc_column][vc_single_image image=\u00bb6440&#8243; img_size=\u00bbfull\u00bb alignment=\u00bbcenter\u00bb style=\u00bbvc_box_rounded\u00bb][vc_column_text]El las siguientes pesta\u00f1as encontrar\u00e1 los hitos m\u00e1s importantes para llevar a cabo el proceso de matriculaci\u00f3n por distintos niveles de estudio, tanto por fechas como por documentaci\u00f3n. Lugar de ATENCI\u00d3N: Secretar\u00eda acad\u00e9mica (4\u00ba edificio) El horario de ATENCI\u00d3N: Lunes: 8:00 \u2013 14:00 Martes: 8:00 \u2013 14:00 Mi\u00e9rcoles: 8:00 \u2013 14:00 Jueves: [&hellip;]","og_url":"https:\/\/www.goierrieskola.eus\/es\/proceso-de-matriculacion-para-el-curso-17-18\/","og_site_name":"Goierri Eskola","article_publisher":"https:\/\/www.facebook.com\/goierrieskola","article_published_time":"2017-04-04T12:06:11+00:00","article_modified_time":"2022-02-24T09:38:49+00:00","author":"goierrieskolaAdm","twitter_card":"summary_large_image","twitter_creator":"@Goierrieskola1","twitter_site":"@Goierrieskola1","twitter_misc":{"Escrito por":"goierrieskolaAdm","Tiempo de lectura":"7 minutos"},"schema":{"@context":"https:\/\/schema.org","@graph":[{"@type":"Article","@id":"https:\/\/www.goierrieskola.eus\/es\/proceso-de-matriculacion-para-el-curso-17-18\/#article","isPartOf":{"@id":"https:\/\/www.goierrieskola.eus\/es\/proceso-de-matriculacion-para-el-curso-17-18\/"},"author":{"name":"goierrieskolaAdm","@id":"https:\/\/www.goierrieskola.eus\/#\/schema\/person\/b255e8eb1ca976b38e1ee0d39a5cef90"},"headline":"Proceso de matriculaci\u00f3n para el curso 17-18","datePublished":"2017-04-04T12:06:11+00:00","dateModified":"2022-02-24T09:38:49+00:00","mainEntityOfPage":{"@id":"https:\/\/www.goierrieskola.eus\/es\/proceso-de-matriculacion-para-el-curso-17-18\/"},"wordCount":1495,"publisher":{"@id":"https:\/\/www.goierrieskola.eus\/#organization"},"articleSection":["Bachillerato"],"inLanguage":"es"},{"@type":"WebPage","@id":"https:\/\/www.goierrieskola.eus\/es\/proceso-de-matriculacion-para-el-curso-17-18\/","url":"https:\/\/www.goierrieskola.eus\/es\/proceso-de-matriculacion-para-el-curso-17-18\/","name":"Proceso de matriculaci\u00f3n para el curso 17-18 - Goierri Eskola","isPartOf":{"@id":"https:\/\/www.goierrieskola.eus\/#website"},"datePublished":"2017-04-04T12:06:11+00:00","dateModified":"2022-02-24T09:38:49+00:00","breadcrumb":{"@id":"https:\/\/www.goierrieskola.eus\/es\/proceso-de-matriculacion-para-el-curso-17-18\/#breadcrumb"},"inLanguage":"es","potentialAction":[{"@type":"ReadAction","target":["https:\/\/www.goierrieskola.eus\/es\/proceso-de-matriculacion-para-el-curso-17-18\/"]}]},{"@type":"BreadcrumbList","@id":"https:\/\/www.goierrieskola.eus\/es\/proceso-de-matriculacion-para-el-curso-17-18\/#breadcrumb","itemListElement":[{"@type":"ListItem","position":1,"name":"Portada","item":"https:\/\/www.goierrieskola.eus\/es\/"},{"@type":"ListItem","position":2,"name":"Proceso de matriculaci\u00f3n para el curso 17-18"}]},{"@type":"WebSite","@id":"https:\/\/www.goierrieskola.eus\/#website","url":"https:\/\/www.goierrieskola.eus\/","name":"Goierri Eskola","description":"La Web de tu Escuela","publisher":{"@id":"https:\/\/www.goierrieskola.eus\/#organization"},"potentialAction":[{"@type":"SearchAction","target":{"@type":"EntryPoint","urlTemplate":"https:\/\/www.goierrieskola.eus\/?s={search_term_string}"},"query-input":{"@type":"PropertyValueSpecification","valueRequired":true,"valueName":"search_term_string"}}],"inLanguage":"es"},{"@type":"Organization","@id":"https:\/\/www.goierrieskola.eus\/#organization","name":"Goierri Eskola","url":"https:\/\/www.goierrieskola.eus\/","logo":{"@type":"ImageObject","inLanguage":"es","@id":"https:\/\/www.goierrieskola.eus\/#\/schema\/logo\/image\/","url":"https:\/\/www.goierrieskola.eus\/wp-content\/uploads\/2014\/11\/Logo_color.jpg","contentUrl":"https:\/\/www.goierrieskola.eus\/wp-content\/uploads\/2014\/11\/Logo_color.jpg","width":227,"height":88,"caption":"Goierri Eskola"},"image":{"@id":"https:\/\/www.goierrieskola.eus\/#\/schema\/logo\/image\/"},"sameAs":["https:\/\/www.facebook.com\/goierrieskola","https:\/\/x.com\/Goierrieskola1"]},{"@type":"Person","@id":"https:\/\/www.goierrieskola.eus\/#\/schema\/person\/b255e8eb1ca976b38e1ee0d39a5cef90","name":"goierrieskolaAdm","image":{"@type":"ImageObject","inLanguage":"es","@id":"https:\/\/secure.gravatar.com\/avatar\/e9fdf651f3112063fea88c97f94fa8ada68ce1854abd481c230f2310134a029e?s=96&d=mm&r=g","url":"https:\/\/secure.gravatar.com\/avatar\/e9fdf651f3112063fea88c97f94fa8ada68ce1854abd481c230f2310134a029e?s=96&d=mm&r=g","contentUrl":"https:\/\/secure.gravatar.com\/avatar\/e9fdf651f3112063fea88c97f94fa8ada68ce1854abd481c230f2310134a029e?s=96&d=mm&r=g","caption":"goierrieskolaAdm"},"url":"https:\/\/www.goierrieskola.eus\/es\/author\/goierrieskolaadm\/"}]}},"_links":{"self":[{"href":"https:\/\/www.goierrieskola.eus\/es\/wp-json\/wp\/v2\/posts\/8897","targetHints":{"allow":["GET"]}}],"collection":[{"href":"https:\/\/www.goierrieskola.eus\/es\/wp-json\/wp\/v2\/posts"}],"about":[{"href":"https:\/\/www.goierrieskola.eus\/es\/wp-json\/wp\/v2\/types\/post"}],"author":[{"embeddable":true,"href":"https:\/\/www.goierrieskola.eus\/es\/wp-json\/wp\/v2\/users\/1"}],"replies":[{"embeddable":true,"href":"https:\/\/www.goierrieskola.eus\/es\/wp-json\/wp\/v2\/comments?post=8897"}],"version-history":[{"count":25,"href":"https:\/\/www.goierrieskola.eus\/es\/wp-json\/wp\/v2\/posts\/8897\/revisions"}],"predecessor-version":[{"id":14488,"href":"https:\/\/www.goierrieskola.eus\/es\/wp-json\/wp\/v2\/posts\/8897\/revisions\/14488"}],"wp:attachment":[{"href":"https:\/\/www.goierrieskola.eus\/es\/wp-json\/wp\/v2\/media?parent=8897"}],"wp:term":[{"taxonomy":"category","embeddable":true,"href":"https:\/\/www.goierrieskola.eus\/es\/wp-json\/wp\/v2\/categories?post=8897"},{"taxonomy":"post_tag","embeddable":true,"href":"https:\/\/www.goierrieskola.eus\/es\/wp-json\/wp\/v2\/tags?post=8897"}],"curies":[{"name":"wp","href":"https:\/\/api.w.org\/{rel}","templated":true}]}}