{"id":9132,"date":"2017-09-22T07:39:45","date_gmt":"2017-09-22T07:39:45","guid":{"rendered":"http:\/\/www.goierrieskola.eus\/es\/?p=9132"},"modified":"2022-02-23T15:51:19","modified_gmt":"2022-02-23T15:51:19","slug":"zuzendari-berria-goierri-eskolan","status":"publish","type":"post","link":"https:\/\/www.goierrieskola.eus\/es\/zuzendari-berria-goierri-eskolan\/","title":{"rendered":"NUEVO DIRECTOR EN GOIERRI ESKOLA"},"content":{"rendered":"<p>[vc_row][vc_column width=\u00bb1\/2&#8243;][vc_custom_heading text=\u00bbJorge Mancisidor, nuevo director de Goierri Eskola\u00bb google_fonts=\u00bbfont_family:Raleway%3A100%2C200%2C300%2Cregular%2C500%2C600%2C700%2C800%2C900|font_style:400%20regular%3A400%3Anormal\u00bb][vc_column_text]Jorge Mancisidor es el nuevo director de Goierri Eskola que sustituir\u00e1, tras 12 a\u00f1os en el cargo, a I\u00f1aki Zabalo que, a su vez, pasa a desempe\u00f1ar el cargo de director-gerente en la Fundaci\u00f3n Goiherriko Herrien Ekintza y en la Fundaci\u00f3n Ikaslan.<\/p>\n<p>Ambos cuentan con una dilatada experiencia en el mundo de la gesti\u00f3n y de la docencia y comparten la visi\u00f3n del modelo educativo de Goierri Eskola.<\/p>\n<p>Mancisidor ha sido jefe de estudios bajo la direcci\u00f3n de Zabalo desde 2005. Ingeniero industrial, inici\u00f3 su andadura docente en los Escolapios de Tolosa hasta que en 2002 recal\u00f3 en Goierri Eskola. Ha ocupado diversos cargos como el de responsable de programas internacionales u orientador acad\u00e9mico del centro, entre otros.<\/p>\n<p>Por su parte, I\u00f1aki Zabalo entr\u00f3 como profesor en Goierri Eskola en 1992 y ha ostentado el cargo de director desde 2005 hasta que Mancisidor ha cogido ahora el relevo.[\/vc_column_text][\/vc_column][vc_column width=\u00bb1\/2&#8243;][vc_single_image image=\u00bb9126&#8243; img_size=\u00bb600X400&#8243; alignment=\u00bbcenter\u00bb][\/vc_column][\/vc_row]<\/p>\n","protected":false},"excerpt":{"rendered":"<p>[vc_row][vc_column width=\u00bb1\/2&#8243;][vc_custom_heading text=\u00bbJorge Mancisidor, nuevo director de Goierri Eskola\u00bb google_fonts=\u00bbfont_family:Raleway%3A100%2C200%2C300%2Cregular%2C500%2C600%2C700%2C800%2C900|font_style:400%20regular%3A400%3Anormal\u00bb][vc_column_text]Jorge Mancisidor es el nuevo director de Goierri Eskola que sustituir\u00e1, tras 12 a\u00f1os en el cargo, a I\u00f1aki Zabalo que, a su vez, pasa a desempe\u00f1ar el cargo de director-gerente en la Fundaci\u00f3n Goiherriko Herrien Ekintza y en la Fundaci\u00f3n Ikaslan. Ambos cuentan con una dilatada experiencia en el mundo [&hellip;]<\/p>\n","protected":false},"author":1,"featured_media":13113,"comment_status":"closed","ping_status":"closed","sticky":false,"template":"","format":"standard","meta":{"footnotes":""},"categories":[71],"tags":[],"class_list":["post-9132","post","type-post","status-publish","format-standard","has-post-thumbnail","hentry","category-general"],"yoast_head":"<!-- This site is optimized with the Yoast SEO plugin v27.4 - https:\/\/yoast.com\/product\/yoast-seo-wordpress\/ -->\n<title>NUEVO DIRECTOR EN GOIERRI ESKOLA - Goierri Eskola<\/title>\n<meta name=\"robots\" content=\"index, follow, max-snippet:-1, max-image-preview:large, max-video-preview:-1\" \/>\n<link rel=\"canonical\" href=\"https:\/\/www.goierrieskola.eus\/es\/zuzendari-berria-goierri-eskolan\/\" \/>\n<meta property=\"og:locale\" content=\"es_ES\" \/>\n<meta property=\"og:type\" content=\"article\" \/>\n<meta property=\"og:title\" content=\"NUEVO DIRECTOR EN GOIERRI ESKOLA - Goierri Eskola\" \/>\n<meta property=\"og:description\" content=\"[vc_row][vc_column width=\u00bb1\/2&#8243;][vc_custom_heading text=\u00bbJorge Mancisidor, nuevo director de Goierri Eskola\u00bb google_fonts=\u00bbfont_family:Raleway%3A100%2C200%2C300%2Cregular%2C500%2C600%2C700%2C800%2C900|font_style:400%20regular%3A400%3Anormal\u00bb][vc_column_text]Jorge Mancisidor es el nuevo director de Goierri Eskola que sustituir\u00e1, tras 12 a\u00f1os en el cargo, a I\u00f1aki Zabalo que, a su vez, pasa a desempe\u00f1ar el cargo de director-gerente en la Fundaci\u00f3n Goiherriko Herrien Ekintza y en la Fundaci\u00f3n Ikaslan. Ambos cuentan con una dilatada experiencia en el mundo [&hellip;]\" \/>\n<meta property=\"og:url\" content=\"https:\/\/www.goierrieskola.eus\/es\/zuzendari-berria-goierri-eskolan\/\" \/>\n<meta property=\"og:site_name\" content=\"Goierri Eskola\" \/>\n<meta property=\"article:publisher\" content=\"https:\/\/www.facebook.com\/goierrieskola\" \/>\n<meta property=\"article:published_time\" content=\"2017-09-22T07:39:45+00:00\" \/>\n<meta property=\"article:modified_time\" content=\"2022-02-23T15:51:19+00:00\" \/>\n<meta property=\"og:image\" content=\"https:\/\/www.goierrieskola.eus\/wp-content\/uploads\/2017\/09\/GoierriEskola2017-09-13SLIDER.jpg\" \/>\n\t<meta property=\"og:image:width\" content=\"3264\" \/>\n\t<meta property=\"og:image:height\" content=\"1344\" \/>\n\t<meta property=\"og:image:type\" content=\"image\/jpeg\" \/>\n<meta name=\"author\" content=\"goierrieskolaAdm\" \/>\n<meta name=\"twitter:card\" content=\"summary_large_image\" \/>\n<meta name=\"twitter:creator\" content=\"@Goierrieskola1\" \/>\n<meta name=\"twitter:site\" content=\"@Goierrieskola1\" \/>\n<meta name=\"twitter:label1\" content=\"Escrito por\" \/>\n\t<meta name=\"twitter:data1\" content=\"goierrieskolaAdm\" \/>\n\t<meta name=\"twitter:label2\" content=\"Tiempo de lectura\" \/>\n\t<meta name=\"twitter:data2\" content=\"1 minuto\" \/>\n<script type=\"application\/ld+json\" class=\"yoast-schema-graph\">{\"@context\":\"https:\\\/\\\/schema.org\",\"@graph\":[{\"@type\":\"Article\",\"@id\":\"https:\\\/\\\/www.goierrieskola.eus\\\/es\\\/zuzendari-berria-goierri-eskolan\\\/#article\",\"isPartOf\":{\"@id\":\"https:\\\/\\\/www.goierrieskola.eus\\\/es\\\/zuzendari-berria-goierri-eskolan\\\/\"},\"author\":{\"name\":\"goierrieskolaAdm\",\"@id\":\"https:\\\/\\\/www.goierrieskola.eus\\\/#\\\/schema\\\/person\\\/b255e8eb1ca976b38e1ee0d39a5cef90\"},\"headline\":\"NUEVO DIRECTOR EN GOIERRI ESKOLA\",\"datePublished\":\"2017-09-22T07:39:45+00:00\",\"dateModified\":\"2022-02-23T15:51:19+00:00\",\"mainEntityOfPage\":{\"@id\":\"https:\\\/\\\/www.goierrieskola.eus\\\/es\\\/zuzendari-berria-goierri-eskolan\\\/\"},\"wordCount\":217,\"publisher\":{\"@id\":\"https:\\\/\\\/www.goierrieskola.eus\\\/#organization\"},\"image\":{\"@id\":\"https:\\\/\\\/www.goierrieskola.eus\\\/es\\\/zuzendari-berria-goierri-eskolan\\\/#primaryimage\"},\"thumbnailUrl\":\"https:\\\/\\\/www.goierrieskola.eus\\\/wp-content\\\/uploads\\\/2017\\\/09\\\/GoierriEskola2017-09-13SLIDER.jpg\",\"articleSection\":[\"General\"],\"inLanguage\":\"es\"},{\"@type\":\"WebPage\",\"@id\":\"https:\\\/\\\/www.goierrieskola.eus\\\/es\\\/zuzendari-berria-goierri-eskolan\\\/\",\"url\":\"https:\\\/\\\/www.goierrieskola.eus\\\/es\\\/zuzendari-berria-goierri-eskolan\\\/\",\"name\":\"NUEVO DIRECTOR EN GOIERRI ESKOLA - Goierri Eskola\",\"isPartOf\":{\"@id\":\"https:\\\/\\\/www.goierrieskola.eus\\\/#website\"},\"primaryImageOfPage\":{\"@id\":\"https:\\\/\\\/www.goierrieskola.eus\\\/es\\\/zuzendari-berria-goierri-eskolan\\\/#primaryimage\"},\"image\":{\"@id\":\"https:\\\/\\\/www.goierrieskola.eus\\\/es\\\/zuzendari-berria-goierri-eskolan\\\/#primaryimage\"},\"thumbnailUrl\":\"https:\\\/\\\/www.goierrieskola.eus\\\/wp-content\\\/uploads\\\/2017\\\/09\\\/GoierriEskola2017-09-13SLIDER.jpg\",\"datePublished\":\"2017-09-22T07:39:45+00:00\",\"dateModified\":\"2022-02-23T15:51:19+00:00\",\"breadcrumb\":{\"@id\":\"https:\\\/\\\/www.goierrieskola.eus\\\/es\\\/zuzendari-berria-goierri-eskolan\\\/#breadcrumb\"},\"inLanguage\":\"es\",\"potentialAction\":[{\"@type\":\"ReadAction\",\"target\":[\"https:\\\/\\\/www.goierrieskola.eus\\\/es\\\/zuzendari-berria-goierri-eskolan\\\/\"]}]},{\"@type\":\"ImageObject\",\"inLanguage\":\"es\",\"@id\":\"https:\\\/\\\/www.goierrieskola.eus\\\/es\\\/zuzendari-berria-goierri-eskolan\\\/#primaryimage\",\"url\":\"https:\\\/\\\/www.goierrieskola.eus\\\/wp-content\\\/uploads\\\/2017\\\/09\\\/GoierriEskola2017-09-13SLIDER.jpg\",\"contentUrl\":\"https:\\\/\\\/www.goierrieskola.eus\\\/wp-content\\\/uploads\\\/2017\\\/09\\\/GoierriEskola2017-09-13SLIDER.jpg\",\"width\":3264,\"height\":1344},{\"@type\":\"BreadcrumbList\",\"@id\":\"https:\\\/\\\/www.goierrieskola.eus\\\/es\\\/zuzendari-berria-goierri-eskolan\\\/#breadcrumb\",\"itemListElement\":[{\"@type\":\"ListItem\",\"position\":1,\"name\":\"Portada\",\"item\":\"https:\\\/\\\/www.goierrieskola.eus\\\/es\\\/\"},{\"@type\":\"ListItem\",\"position\":2,\"name\":\"NUEVO DIRECTOR EN GOIERRI ESKOLA\"}]},{\"@type\":\"WebSite\",\"@id\":\"https:\\\/\\\/www.goierrieskola.eus\\\/#website\",\"url\":\"https:\\\/\\\/www.goierrieskola.eus\\\/\",\"name\":\"Goierri Eskola\",\"description\":\"La Web de tu Escuela\",\"publisher\":{\"@id\":\"https:\\\/\\\/www.goierrieskola.eus\\\/#organization\"},\"potentialAction\":[{\"@type\":\"SearchAction\",\"target\":{\"@type\":\"EntryPoint\",\"urlTemplate\":\"https:\\\/\\\/www.goierrieskola.eus\\\/?s={search_term_string}\"},\"query-input\":{\"@type\":\"PropertyValueSpecification\",\"valueRequired\":true,\"valueName\":\"search_term_string\"}}],\"inLanguage\":\"es\"},{\"@type\":\"Organization\",\"@id\":\"https:\\\/\\\/www.goierrieskola.eus\\\/#organization\",\"name\":\"Goierri Eskola\",\"url\":\"https:\\\/\\\/www.goierrieskola.eus\\\/\",\"logo\":{\"@type\":\"ImageObject\",\"inLanguage\":\"es\",\"@id\":\"https:\\\/\\\/www.goierrieskola.eus\\\/#\\\/schema\\\/logo\\\/image\\\/\",\"url\":\"https:\\\/\\\/www.goierrieskola.eus\\\/wp-content\\\/uploads\\\/2014\\\/11\\\/Logo_color.jpg\",\"contentUrl\":\"https:\\\/\\\/www.goierrieskola.eus\\\/wp-content\\\/uploads\\\/2014\\\/11\\\/Logo_color.jpg\",\"width\":227,\"height\":88,\"caption\":\"Goierri Eskola\"},\"image\":{\"@id\":\"https:\\\/\\\/www.goierrieskola.eus\\\/#\\\/schema\\\/logo\\\/image\\\/\"},\"sameAs\":[\"https:\\\/\\\/www.facebook.com\\\/goierrieskola\",\"https:\\\/\\\/x.com\\\/Goierrieskola1\"]},{\"@type\":\"Person\",\"@id\":\"https:\\\/\\\/www.goierrieskola.eus\\\/#\\\/schema\\\/person\\\/b255e8eb1ca976b38e1ee0d39a5cef90\",\"name\":\"goierrieskolaAdm\",\"image\":{\"@type\":\"ImageObject\",\"inLanguage\":\"es\",\"@id\":\"https:\\\/\\\/secure.gravatar.com\\\/avatar\\\/e9fdf651f3112063fea88c97f94fa8ada68ce1854abd481c230f2310134a029e?s=96&d=mm&r=g\",\"url\":\"https:\\\/\\\/secure.gravatar.com\\\/avatar\\\/e9fdf651f3112063fea88c97f94fa8ada68ce1854abd481c230f2310134a029e?s=96&d=mm&r=g\",\"contentUrl\":\"https:\\\/\\\/secure.gravatar.com\\\/avatar\\\/e9fdf651f3112063fea88c97f94fa8ada68ce1854abd481c230f2310134a029e?s=96&d=mm&r=g\",\"caption\":\"goierrieskolaAdm\"},\"url\":\"https:\\\/\\\/www.goierrieskola.eus\\\/es\\\/author\\\/goierrieskolaadm\\\/\"}]}<\/script>\n<!-- \/ Yoast SEO plugin. -->","yoast_head_json":{"title":"NUEVO DIRECTOR EN GOIERRI ESKOLA - Goierri Eskola","robots":{"index":"index","follow":"follow","max-snippet":"max-snippet:-1","max-image-preview":"max-image-preview:large","max-video-preview":"max-video-preview:-1"},"canonical":"https:\/\/www.goierrieskola.eus\/es\/zuzendari-berria-goierri-eskolan\/","og_locale":"es_ES","og_type":"article","og_title":"NUEVO DIRECTOR EN GOIERRI ESKOLA - Goierri Eskola","og_description":"[vc_row][vc_column width=\u00bb1\/2&#8243;][vc_custom_heading text=\u00bbJorge Mancisidor, nuevo director de Goierri Eskola\u00bb google_fonts=\u00bbfont_family:Raleway%3A100%2C200%2C300%2Cregular%2C500%2C600%2C700%2C800%2C900|font_style:400%20regular%3A400%3Anormal\u00bb][vc_column_text]Jorge Mancisidor es el nuevo director de Goierri Eskola que sustituir\u00e1, tras 12 a\u00f1os en el cargo, a I\u00f1aki Zabalo que, a su vez, pasa a desempe\u00f1ar el cargo de director-gerente en la Fundaci\u00f3n Goiherriko Herrien Ekintza y en la Fundaci\u00f3n Ikaslan. Ambos cuentan con una dilatada experiencia en el mundo [&hellip;]","og_url":"https:\/\/www.goierrieskola.eus\/es\/zuzendari-berria-goierri-eskolan\/","og_site_name":"Goierri Eskola","article_publisher":"https:\/\/www.facebook.com\/goierrieskola","article_published_time":"2017-09-22T07:39:45+00:00","article_modified_time":"2022-02-23T15:51:19+00:00","og_image":[{"width":3264,"height":1344,"url":"https:\/\/www.goierrieskola.eus\/wp-content\/uploads\/2017\/09\/GoierriEskola2017-09-13SLIDER.jpg","type":"image\/jpeg"}],"author":"goierrieskolaAdm","twitter_card":"summary_large_image","twitter_creator":"@Goierrieskola1","twitter_site":"@Goierrieskola1","twitter_misc":{"Escrito por":"goierrieskolaAdm","Tiempo de lectura":"1 minuto"},"schema":{"@context":"https:\/\/schema.org","@graph":[{"@type":"Article","@id":"https:\/\/www.goierrieskola.eus\/es\/zuzendari-berria-goierri-eskolan\/#article","isPartOf":{"@id":"https:\/\/www.goierrieskola.eus\/es\/zuzendari-berria-goierri-eskolan\/"},"author":{"name":"goierrieskolaAdm","@id":"https:\/\/www.goierrieskola.eus\/#\/schema\/person\/b255e8eb1ca976b38e1ee0d39a5cef90"},"headline":"NUEVO DIRECTOR EN GOIERRI ESKOLA","datePublished":"2017-09-22T07:39:45+00:00","dateModified":"2022-02-23T15:51:19+00:00","mainEntityOfPage":{"@id":"https:\/\/www.goierrieskola.eus\/es\/zuzendari-berria-goierri-eskolan\/"},"wordCount":217,"publisher":{"@id":"https:\/\/www.goierrieskola.eus\/#organization"},"image":{"@id":"https:\/\/www.goierrieskola.eus\/es\/zuzendari-berria-goierri-eskolan\/#primaryimage"},"thumbnailUrl":"https:\/\/www.goierrieskola.eus\/wp-content\/uploads\/2017\/09\/GoierriEskola2017-09-13SLIDER.jpg","articleSection":["General"],"inLanguage":"es"},{"@type":"WebPage","@id":"https:\/\/www.goierrieskola.eus\/es\/zuzendari-berria-goierri-eskolan\/","url":"https:\/\/www.goierrieskola.eus\/es\/zuzendari-berria-goierri-eskolan\/","name":"NUEVO DIRECTOR EN GOIERRI ESKOLA - Goierri Eskola","isPartOf":{"@id":"https:\/\/www.goierrieskola.eus\/#website"},"primaryImageOfPage":{"@id":"https:\/\/www.goierrieskola.eus\/es\/zuzendari-berria-goierri-eskolan\/#primaryimage"},"image":{"@id":"https:\/\/www.goierrieskola.eus\/es\/zuzendari-berria-goierri-eskolan\/#primaryimage"},"thumbnailUrl":"https:\/\/www.goierrieskola.eus\/wp-content\/uploads\/2017\/09\/GoierriEskola2017-09-13SLIDER.jpg","datePublished":"2017-09-22T07:39:45+00:00","dateModified":"2022-02-23T15:51:19+00:00","breadcrumb":{"@id":"https:\/\/www.goierrieskola.eus\/es\/zuzendari-berria-goierri-eskolan\/#breadcrumb"},"inLanguage":"es","potentialAction":[{"@type":"ReadAction","target":["https:\/\/www.goierrieskola.eus\/es\/zuzendari-berria-goierri-eskolan\/"]}]},{"@type":"ImageObject","inLanguage":"es","@id":"https:\/\/www.goierrieskola.eus\/es\/zuzendari-berria-goierri-eskolan\/#primaryimage","url":"https:\/\/www.goierrieskola.eus\/wp-content\/uploads\/2017\/09\/GoierriEskola2017-09-13SLIDER.jpg","contentUrl":"https:\/\/www.goierrieskola.eus\/wp-content\/uploads\/2017\/09\/GoierriEskola2017-09-13SLIDER.jpg","width":3264,"height":1344},{"@type":"BreadcrumbList","@id":"https:\/\/www.goierrieskola.eus\/es\/zuzendari-berria-goierri-eskolan\/#breadcrumb","itemListElement":[{"@type":"ListItem","position":1,"name":"Portada","item":"https:\/\/www.goierrieskola.eus\/es\/"},{"@type":"ListItem","position":2,"name":"NUEVO DIRECTOR EN GOIERRI ESKOLA"}]},{"@type":"WebSite","@id":"https:\/\/www.goierrieskola.eus\/#website","url":"https:\/\/www.goierrieskola.eus\/","name":"Goierri Eskola","description":"La Web de tu Escuela","publisher":{"@id":"https:\/\/www.goierrieskola.eus\/#organization"},"potentialAction":[{"@type":"SearchAction","target":{"@type":"EntryPoint","urlTemplate":"https:\/\/www.goierrieskola.eus\/?s={search_term_string}"},"query-input":{"@type":"PropertyValueSpecification","valueRequired":true,"valueName":"search_term_string"}}],"inLanguage":"es"},{"@type":"Organization","@id":"https:\/\/www.goierrieskola.eus\/#organization","name":"Goierri Eskola","url":"https:\/\/www.goierrieskola.eus\/","logo":{"@type":"ImageObject","inLanguage":"es","@id":"https:\/\/www.goierrieskola.eus\/#\/schema\/logo\/image\/","url":"https:\/\/www.goierrieskola.eus\/wp-content\/uploads\/2014\/11\/Logo_color.jpg","contentUrl":"https:\/\/www.goierrieskola.eus\/wp-content\/uploads\/2014\/11\/Logo_color.jpg","width":227,"height":88,"caption":"Goierri Eskola"},"image":{"@id":"https:\/\/www.goierrieskola.eus\/#\/schema\/logo\/image\/"},"sameAs":["https:\/\/www.facebook.com\/goierrieskola","https:\/\/x.com\/Goierrieskola1"]},{"@type":"Person","@id":"https:\/\/www.goierrieskola.eus\/#\/schema\/person\/b255e8eb1ca976b38e1ee0d39a5cef90","name":"goierrieskolaAdm","image":{"@type":"ImageObject","inLanguage":"es","@id":"https:\/\/secure.gravatar.com\/avatar\/e9fdf651f3112063fea88c97f94fa8ada68ce1854abd481c230f2310134a029e?s=96&d=mm&r=g","url":"https:\/\/secure.gravatar.com\/avatar\/e9fdf651f3112063fea88c97f94fa8ada68ce1854abd481c230f2310134a029e?s=96&d=mm&r=g","contentUrl":"https:\/\/secure.gravatar.com\/avatar\/e9fdf651f3112063fea88c97f94fa8ada68ce1854abd481c230f2310134a029e?s=96&d=mm&r=g","caption":"goierrieskolaAdm"},"url":"https:\/\/www.goierrieskola.eus\/es\/author\/goierrieskolaadm\/"}]}},"_links":{"self":[{"href":"https:\/\/www.goierrieskola.eus\/es\/wp-json\/wp\/v2\/posts\/9132","targetHints":{"allow":["GET"]}}],"collection":[{"href":"https:\/\/www.goierrieskola.eus\/es\/wp-json\/wp\/v2\/posts"}],"about":[{"href":"https:\/\/www.goierrieskola.eus\/es\/wp-json\/wp\/v2\/types\/post"}],"author":[{"embeddable":true,"href":"https:\/\/www.goierrieskola.eus\/es\/wp-json\/wp\/v2\/users\/1"}],"replies":[{"embeddable":true,"href":"https:\/\/www.goierrieskola.eus\/es\/wp-json\/wp\/v2\/comments?post=9132"}],"version-history":[{"count":4,"href":"https:\/\/www.goierrieskola.eus\/es\/wp-json\/wp\/v2\/posts\/9132\/revisions"}],"predecessor-version":[{"id":9136,"href":"https:\/\/www.goierrieskola.eus\/es\/wp-json\/wp\/v2\/posts\/9132\/revisions\/9136"}],"wp:featuredmedia":[{"embeddable":true,"href":"https:\/\/www.goierrieskola.eus\/es\/wp-json\/wp\/v2\/media\/13113"}],"wp:attachment":[{"href":"https:\/\/www.goierrieskola.eus\/es\/wp-json\/wp\/v2\/media?parent=9132"}],"wp:term":[{"taxonomy":"category","embeddable":true,"href":"https:\/\/www.goierrieskola.eus\/es\/wp-json\/wp\/v2\/categories?post=9132"},{"taxonomy":"post_tag","embeddable":true,"href":"https:\/\/www.goierrieskola.eus\/es\/wp-json\/wp\/v2\/tags?post=9132"}],"curies":[{"name":"wp","href":"https:\/\/api.w.org\/{rel}","templated":true}]}}