{"id":9284,"date":"2018-02-02T08:42:00","date_gmt":"2018-02-02T08:42:00","guid":{"rendered":"http:\/\/www.goierrieskola.eus\/?p=9284"},"modified":"2022-02-23T16:00:28","modified_gmt":"2022-02-23T16:00:28","slug":"los-futuros-tecnicos-en-atencion-a-personas-dependientes-visitan-la-central-del-servicio-publico-de-teleasistencia","status":"publish","type":"post","link":"https:\/\/www.goierrieskola.eus\/es\/los-futuros-tecnicos-en-atencion-a-personas-dependientes-visitan-la-central-del-servicio-publico-de-teleasistencia\/","title":{"rendered":"Los futuros t\u00e9cnicos en atenci\u00f3n a personas dependientes visitan la central del Servicio P\u00fablico de Teleasistencia"},"content":{"rendered":"<p>[vc_row][vc_column width=\u00bb1\/2&#8243;][vc_row_inner][vc_column_inner][vc_column_text]Los alumnos que se est\u00e1n formando para trabajar como t\u00e9cnico en atenci\u00f3n a personas en situaci\u00f3n de dependencia han visitado recientemente la central del Servicio P\u00fablico Vasco de Teleasistencia, para conocer de cerca c\u00f3mo funciona este\u00a0 servicio que permite pedir ayuda a las personas que viven solas durante las 24 horas del d\u00eda los 7 d\u00edas de la semana.<\/p>\n<p>Durante la visita, los responsables les explicaron en qu\u00e9 consiste su labor, y es que no se limitan a recibir llamadas. Tambi\u00e9n se encargan de llamar a los usuarios que as\u00ed lo demanden para ayudarles gestionar una cita en el centro de salud, recordar la medicaci\u00f3n que han de tomar o realizar llamadas programadas para hacer un seguimiento.<\/p>\n<p>Para las alumnas y alumnos de Goierri Eskola, la visita ha sido una experiencia para acercarse a la realidad laboral y conocer m\u00e1s a fondo un servicio en el que podr\u00edan acabar trabajando ellos ya que precisamente, su formaci\u00f3n est\u00e1 enfocada a adquirir competencias para atender a personas en situaci\u00f3n de dependencia en el \u00e1mbito domiciliario o institucional.[\/vc_column_text][\/vc_column_inner][\/vc_row_inner][\/vc_column][vc_column width=\u00bb1\/2&#8243;][vc_single_image image=\u00bb9278&#8243; img_size=\u00bb600X300&#8243; alignment=\u00bbcenter\u00bb][vc_single_image image=\u00bb9277&#8243; img_size=\u00bb500X300&#8243; alignment=\u00bbcenter\u00bb][\/vc_column][\/vc_row]<\/p>\n","protected":false},"excerpt":{"rendered":"<p>[vc_row][vc_column width=\u00bb1\/2&#8243;][vc_row_inner][vc_column_inner][vc_column_text]Los alumnos que se est\u00e1n formando para trabajar como t\u00e9cnico en atenci\u00f3n a personas en situaci\u00f3n de dependencia han visitado recientemente la central del Servicio P\u00fablico Vasco de Teleasistencia, para conocer de cerca c\u00f3mo funciona este\u00a0 servicio que permite pedir ayuda a las personas que viven solas durante las 24 horas del d\u00eda los 7 d\u00edas de la semana. [&hellip;]<\/p>\n","protected":false},"author":1,"featured_media":9279,"comment_status":"closed","ping_status":"closed","sticky":false,"template":"","format":"standard","meta":{"footnotes":""},"categories":[127],"tags":[],"class_list":["post-9284","post","type-post","status-publish","format-standard","has-post-thumbnail","hentry","category-sociedad"],"yoast_head":"<!-- This site is optimized with the Yoast SEO plugin v27.4 - https:\/\/yoast.com\/product\/yoast-seo-wordpress\/ -->\n<title>Los futuros t\u00e9cnicos en atenci\u00f3n a personas dependientes visitan la central del Servicio P\u00fablico de Teleasistencia - Goierri Eskola<\/title>\n<meta name=\"robots\" content=\"index, follow, max-snippet:-1, max-image-preview:large, max-video-preview:-1\" \/>\n<link rel=\"canonical\" href=\"https:\/\/www.goierrieskola.eus\/es\/los-futuros-tecnicos-en-atencion-a-personas-dependientes-visitan-la-central-del-servicio-publico-de-teleasistencia\/\" \/>\n<meta property=\"og:locale\" content=\"es_ES\" \/>\n<meta property=\"og:type\" content=\"article\" \/>\n<meta property=\"og:title\" content=\"Los futuros t\u00e9cnicos en atenci\u00f3n a personas dependientes visitan la central del Servicio P\u00fablico de Teleasistencia - Goierri Eskola\" \/>\n<meta property=\"og:description\" content=\"[vc_row][vc_column width=\u00bb1\/2&#8243;][vc_row_inner][vc_column_inner][vc_column_text]Los alumnos que se est\u00e1n formando para trabajar como t\u00e9cnico en atenci\u00f3n a personas en situaci\u00f3n de dependencia han visitado recientemente la central del Servicio P\u00fablico Vasco de Teleasistencia, para conocer de cerca c\u00f3mo funciona este\u00a0 servicio que permite pedir ayuda a las personas que viven solas durante las 24 horas del d\u00eda los 7 d\u00edas de la semana. [&hellip;]\" \/>\n<meta property=\"og:url\" content=\"https:\/\/www.goierrieskola.eus\/es\/los-futuros-tecnicos-en-atencion-a-personas-dependientes-visitan-la-central-del-servicio-publico-de-teleasistencia\/\" \/>\n<meta property=\"og:site_name\" content=\"Goierri Eskola\" \/>\n<meta property=\"article:publisher\" content=\"https:\/\/www.facebook.com\/goierrieskola\" \/>\n<meta property=\"article:published_time\" content=\"2018-02-02T08:42:00+00:00\" \/>\n<meta property=\"article:modified_time\" content=\"2022-02-23T16:00:28+00:00\" \/>\n<meta property=\"og:image\" content=\"https:\/\/www.goierrieskola.org\/wp-content\/uploads\/2018\/02\/3.jpg\" \/>\n\t<meta property=\"og:image:width\" content=\"3234\" \/>\n\t<meta property=\"og:image:height\" content=\"1437\" \/>\n\t<meta property=\"og:image:type\" content=\"image\/jpeg\" \/>\n<meta name=\"author\" content=\"goierrieskolaAdm\" \/>\n<meta name=\"twitter:card\" content=\"summary_large_image\" \/>\n<meta name=\"twitter:creator\" content=\"@Goierrieskola1\" \/>\n<meta name=\"twitter:site\" content=\"@Goierrieskola1\" \/>\n<meta name=\"twitter:label1\" content=\"Escrito por\" \/>\n\t<meta name=\"twitter:data1\" content=\"goierrieskolaAdm\" \/>\n\t<meta name=\"twitter:label2\" content=\"Tiempo de lectura\" \/>\n\t<meta name=\"twitter:data2\" content=\"1 minuto\" \/>\n<script type=\"application\/ld+json\" class=\"yoast-schema-graph\">{\"@context\":\"https:\\\/\\\/schema.org\",\"@graph\":[{\"@type\":\"Article\",\"@id\":\"https:\\\/\\\/www.goierrieskola.eus\\\/es\\\/los-futuros-tecnicos-en-atencion-a-personas-dependientes-visitan-la-central-del-servicio-publico-de-teleasistencia\\\/#article\",\"isPartOf\":{\"@id\":\"https:\\\/\\\/www.goierrieskola.eus\\\/es\\\/los-futuros-tecnicos-en-atencion-a-personas-dependientes-visitan-la-central-del-servicio-publico-de-teleasistencia\\\/\"},\"author\":{\"name\":\"goierrieskolaAdm\",\"@id\":\"https:\\\/\\\/www.goierrieskola.eus\\\/#\\\/schema\\\/person\\\/b255e8eb1ca976b38e1ee0d39a5cef90\"},\"headline\":\"Los futuros t\u00e9cnicos en atenci\u00f3n a personas dependientes visitan la central del Servicio P\u00fablico de Teleasistencia\",\"datePublished\":\"2018-02-02T08:42:00+00:00\",\"dateModified\":\"2022-02-23T16:00:28+00:00\",\"mainEntityOfPage\":{\"@id\":\"https:\\\/\\\/www.goierrieskola.eus\\\/es\\\/los-futuros-tecnicos-en-atencion-a-personas-dependientes-visitan-la-central-del-servicio-publico-de-teleasistencia\\\/\"},\"wordCount\":256,\"publisher\":{\"@id\":\"https:\\\/\\\/www.goierrieskola.eus\\\/#organization\"},\"image\":{\"@id\":\"https:\\\/\\\/www.goierrieskola.eus\\\/es\\\/los-futuros-tecnicos-en-atencion-a-personas-dependientes-visitan-la-central-del-servicio-publico-de-teleasistencia\\\/#primaryimage\"},\"thumbnailUrl\":\"https:\\\/\\\/www.goierrieskola.eus\\\/wp-content\\\/uploads\\\/2018\\\/02\\\/3.jpg\",\"articleSection\":[\"Sociedad\"],\"inLanguage\":\"es\"},{\"@type\":\"WebPage\",\"@id\":\"https:\\\/\\\/www.goierrieskola.eus\\\/es\\\/los-futuros-tecnicos-en-atencion-a-personas-dependientes-visitan-la-central-del-servicio-publico-de-teleasistencia\\\/\",\"url\":\"https:\\\/\\\/www.goierrieskola.eus\\\/es\\\/los-futuros-tecnicos-en-atencion-a-personas-dependientes-visitan-la-central-del-servicio-publico-de-teleasistencia\\\/\",\"name\":\"Los futuros t\u00e9cnicos en atenci\u00f3n a personas dependientes visitan la central del Servicio P\u00fablico de Teleasistencia - Goierri Eskola\",\"isPartOf\":{\"@id\":\"https:\\\/\\\/www.goierrieskola.eus\\\/#website\"},\"primaryImageOfPage\":{\"@id\":\"https:\\\/\\\/www.goierrieskola.eus\\\/es\\\/los-futuros-tecnicos-en-atencion-a-personas-dependientes-visitan-la-central-del-servicio-publico-de-teleasistencia\\\/#primaryimage\"},\"image\":{\"@id\":\"https:\\\/\\\/www.goierrieskola.eus\\\/es\\\/los-futuros-tecnicos-en-atencion-a-personas-dependientes-visitan-la-central-del-servicio-publico-de-teleasistencia\\\/#primaryimage\"},\"thumbnailUrl\":\"https:\\\/\\\/www.goierrieskola.eus\\\/wp-content\\\/uploads\\\/2018\\\/02\\\/3.jpg\",\"datePublished\":\"2018-02-02T08:42:00+00:00\",\"dateModified\":\"2022-02-23T16:00:28+00:00\",\"breadcrumb\":{\"@id\":\"https:\\\/\\\/www.goierrieskola.eus\\\/es\\\/los-futuros-tecnicos-en-atencion-a-personas-dependientes-visitan-la-central-del-servicio-publico-de-teleasistencia\\\/#breadcrumb\"},\"inLanguage\":\"es\",\"potentialAction\":[{\"@type\":\"ReadAction\",\"target\":[\"https:\\\/\\\/www.goierrieskola.eus\\\/es\\\/los-futuros-tecnicos-en-atencion-a-personas-dependientes-visitan-la-central-del-servicio-publico-de-teleasistencia\\\/\"]}]},{\"@type\":\"ImageObject\",\"inLanguage\":\"es\",\"@id\":\"https:\\\/\\\/www.goierrieskola.eus\\\/es\\\/los-futuros-tecnicos-en-atencion-a-personas-dependientes-visitan-la-central-del-servicio-publico-de-teleasistencia\\\/#primaryimage\",\"url\":\"https:\\\/\\\/www.goierrieskola.eus\\\/wp-content\\\/uploads\\\/2018\\\/02\\\/3.jpg\",\"contentUrl\":\"https:\\\/\\\/www.goierrieskola.eus\\\/wp-content\\\/uploads\\\/2018\\\/02\\\/3.jpg\",\"width\":3234,\"height\":1437},{\"@type\":\"BreadcrumbList\",\"@id\":\"https:\\\/\\\/www.goierrieskola.eus\\\/es\\\/los-futuros-tecnicos-en-atencion-a-personas-dependientes-visitan-la-central-del-servicio-publico-de-teleasistencia\\\/#breadcrumb\",\"itemListElement\":[{\"@type\":\"ListItem\",\"position\":1,\"name\":\"Portada\",\"item\":\"https:\\\/\\\/www.goierrieskola.eus\\\/es\\\/\"},{\"@type\":\"ListItem\",\"position\":2,\"name\":\"Los futuros t\u00e9cnicos en atenci\u00f3n a personas dependientes visitan la central del Servicio P\u00fablico de Teleasistencia\"}]},{\"@type\":\"WebSite\",\"@id\":\"https:\\\/\\\/www.goierrieskola.eus\\\/#website\",\"url\":\"https:\\\/\\\/www.goierrieskola.eus\\\/\",\"name\":\"Goierri Eskola\",\"description\":\"La Web de tu Escuela\",\"publisher\":{\"@id\":\"https:\\\/\\\/www.goierrieskola.eus\\\/#organization\"},\"potentialAction\":[{\"@type\":\"SearchAction\",\"target\":{\"@type\":\"EntryPoint\",\"urlTemplate\":\"https:\\\/\\\/www.goierrieskola.eus\\\/?s={search_term_string}\"},\"query-input\":{\"@type\":\"PropertyValueSpecification\",\"valueRequired\":true,\"valueName\":\"search_term_string\"}}],\"inLanguage\":\"es\"},{\"@type\":\"Organization\",\"@id\":\"https:\\\/\\\/www.goierrieskola.eus\\\/#organization\",\"name\":\"Goierri Eskola\",\"url\":\"https:\\\/\\\/www.goierrieskola.eus\\\/\",\"logo\":{\"@type\":\"ImageObject\",\"inLanguage\":\"es\",\"@id\":\"https:\\\/\\\/www.goierrieskola.eus\\\/#\\\/schema\\\/logo\\\/image\\\/\",\"url\":\"https:\\\/\\\/www.goierrieskola.eus\\\/wp-content\\\/uploads\\\/2014\\\/11\\\/Logo_color.jpg\",\"contentUrl\":\"https:\\\/\\\/www.goierrieskola.eus\\\/wp-content\\\/uploads\\\/2014\\\/11\\\/Logo_color.jpg\",\"width\":227,\"height\":88,\"caption\":\"Goierri Eskola\"},\"image\":{\"@id\":\"https:\\\/\\\/www.goierrieskola.eus\\\/#\\\/schema\\\/logo\\\/image\\\/\"},\"sameAs\":[\"https:\\\/\\\/www.facebook.com\\\/goierrieskola\",\"https:\\\/\\\/x.com\\\/Goierrieskola1\"]},{\"@type\":\"Person\",\"@id\":\"https:\\\/\\\/www.goierrieskola.eus\\\/#\\\/schema\\\/person\\\/b255e8eb1ca976b38e1ee0d39a5cef90\",\"name\":\"goierrieskolaAdm\",\"image\":{\"@type\":\"ImageObject\",\"inLanguage\":\"es\",\"@id\":\"https:\\\/\\\/secure.gravatar.com\\\/avatar\\\/e9fdf651f3112063fea88c97f94fa8ada68ce1854abd481c230f2310134a029e?s=96&d=mm&r=g\",\"url\":\"https:\\\/\\\/secure.gravatar.com\\\/avatar\\\/e9fdf651f3112063fea88c97f94fa8ada68ce1854abd481c230f2310134a029e?s=96&d=mm&r=g\",\"contentUrl\":\"https:\\\/\\\/secure.gravatar.com\\\/avatar\\\/e9fdf651f3112063fea88c97f94fa8ada68ce1854abd481c230f2310134a029e?s=96&d=mm&r=g\",\"caption\":\"goierrieskolaAdm\"},\"url\":\"https:\\\/\\\/www.goierrieskola.eus\\\/es\\\/author\\\/goierrieskolaadm\\\/\"}]}<\/script>\n<!-- \/ Yoast SEO plugin. -->","yoast_head_json":{"title":"Los futuros t\u00e9cnicos en atenci\u00f3n a personas dependientes visitan la central del Servicio P\u00fablico de Teleasistencia - Goierri Eskola","robots":{"index":"index","follow":"follow","max-snippet":"max-snippet:-1","max-image-preview":"max-image-preview:large","max-video-preview":"max-video-preview:-1"},"canonical":"https:\/\/www.goierrieskola.eus\/es\/los-futuros-tecnicos-en-atencion-a-personas-dependientes-visitan-la-central-del-servicio-publico-de-teleasistencia\/","og_locale":"es_ES","og_type":"article","og_title":"Los futuros t\u00e9cnicos en atenci\u00f3n a personas dependientes visitan la central del Servicio P\u00fablico de Teleasistencia - Goierri Eskola","og_description":"[vc_row][vc_column width=\u00bb1\/2&#8243;][vc_row_inner][vc_column_inner][vc_column_text]Los alumnos que se est\u00e1n formando para trabajar como t\u00e9cnico en atenci\u00f3n a personas en situaci\u00f3n de dependencia han visitado recientemente la central del Servicio P\u00fablico Vasco de Teleasistencia, para conocer de cerca c\u00f3mo funciona este\u00a0 servicio que permite pedir ayuda a las personas que viven solas durante las 24 horas del d\u00eda los 7 d\u00edas de la semana. [&hellip;]","og_url":"https:\/\/www.goierrieskola.eus\/es\/los-futuros-tecnicos-en-atencion-a-personas-dependientes-visitan-la-central-del-servicio-publico-de-teleasistencia\/","og_site_name":"Goierri Eskola","article_publisher":"https:\/\/www.facebook.com\/goierrieskola","article_published_time":"2018-02-02T08:42:00+00:00","article_modified_time":"2022-02-23T16:00:28+00:00","og_image":[{"width":3234,"height":1437,"url":"https:\/\/www.goierrieskola.org\/wp-content\/uploads\/2018\/02\/3.jpg","type":"image\/jpeg"}],"author":"goierrieskolaAdm","twitter_card":"summary_large_image","twitter_creator":"@Goierrieskola1","twitter_site":"@Goierrieskola1","twitter_misc":{"Escrito por":"goierrieskolaAdm","Tiempo de lectura":"1 minuto"},"schema":{"@context":"https:\/\/schema.org","@graph":[{"@type":"Article","@id":"https:\/\/www.goierrieskola.eus\/es\/los-futuros-tecnicos-en-atencion-a-personas-dependientes-visitan-la-central-del-servicio-publico-de-teleasistencia\/#article","isPartOf":{"@id":"https:\/\/www.goierrieskola.eus\/es\/los-futuros-tecnicos-en-atencion-a-personas-dependientes-visitan-la-central-del-servicio-publico-de-teleasistencia\/"},"author":{"name":"goierrieskolaAdm","@id":"https:\/\/www.goierrieskola.eus\/#\/schema\/person\/b255e8eb1ca976b38e1ee0d39a5cef90"},"headline":"Los futuros t\u00e9cnicos en atenci\u00f3n a personas dependientes visitan la central del Servicio P\u00fablico de Teleasistencia","datePublished":"2018-02-02T08:42:00+00:00","dateModified":"2022-02-23T16:00:28+00:00","mainEntityOfPage":{"@id":"https:\/\/www.goierrieskola.eus\/es\/los-futuros-tecnicos-en-atencion-a-personas-dependientes-visitan-la-central-del-servicio-publico-de-teleasistencia\/"},"wordCount":256,"publisher":{"@id":"https:\/\/www.goierrieskola.eus\/#organization"},"image":{"@id":"https:\/\/www.goierrieskola.eus\/es\/los-futuros-tecnicos-en-atencion-a-personas-dependientes-visitan-la-central-del-servicio-publico-de-teleasistencia\/#primaryimage"},"thumbnailUrl":"https:\/\/www.goierrieskola.eus\/wp-content\/uploads\/2018\/02\/3.jpg","articleSection":["Sociedad"],"inLanguage":"es"},{"@type":"WebPage","@id":"https:\/\/www.goierrieskola.eus\/es\/los-futuros-tecnicos-en-atencion-a-personas-dependientes-visitan-la-central-del-servicio-publico-de-teleasistencia\/","url":"https:\/\/www.goierrieskola.eus\/es\/los-futuros-tecnicos-en-atencion-a-personas-dependientes-visitan-la-central-del-servicio-publico-de-teleasistencia\/","name":"Los futuros t\u00e9cnicos en atenci\u00f3n a personas dependientes visitan la central del Servicio P\u00fablico de Teleasistencia - Goierri Eskola","isPartOf":{"@id":"https:\/\/www.goierrieskola.eus\/#website"},"primaryImageOfPage":{"@id":"https:\/\/www.goierrieskola.eus\/es\/los-futuros-tecnicos-en-atencion-a-personas-dependientes-visitan-la-central-del-servicio-publico-de-teleasistencia\/#primaryimage"},"image":{"@id":"https:\/\/www.goierrieskola.eus\/es\/los-futuros-tecnicos-en-atencion-a-personas-dependientes-visitan-la-central-del-servicio-publico-de-teleasistencia\/#primaryimage"},"thumbnailUrl":"https:\/\/www.goierrieskola.eus\/wp-content\/uploads\/2018\/02\/3.jpg","datePublished":"2018-02-02T08:42:00+00:00","dateModified":"2022-02-23T16:00:28+00:00","breadcrumb":{"@id":"https:\/\/www.goierrieskola.eus\/es\/los-futuros-tecnicos-en-atencion-a-personas-dependientes-visitan-la-central-del-servicio-publico-de-teleasistencia\/#breadcrumb"},"inLanguage":"es","potentialAction":[{"@type":"ReadAction","target":["https:\/\/www.goierrieskola.eus\/es\/los-futuros-tecnicos-en-atencion-a-personas-dependientes-visitan-la-central-del-servicio-publico-de-teleasistencia\/"]}]},{"@type":"ImageObject","inLanguage":"es","@id":"https:\/\/www.goierrieskola.eus\/es\/los-futuros-tecnicos-en-atencion-a-personas-dependientes-visitan-la-central-del-servicio-publico-de-teleasistencia\/#primaryimage","url":"https:\/\/www.goierrieskola.eus\/wp-content\/uploads\/2018\/02\/3.jpg","contentUrl":"https:\/\/www.goierrieskola.eus\/wp-content\/uploads\/2018\/02\/3.jpg","width":3234,"height":1437},{"@type":"BreadcrumbList","@id":"https:\/\/www.goierrieskola.eus\/es\/los-futuros-tecnicos-en-atencion-a-personas-dependientes-visitan-la-central-del-servicio-publico-de-teleasistencia\/#breadcrumb","itemListElement":[{"@type":"ListItem","position":1,"name":"Portada","item":"https:\/\/www.goierrieskola.eus\/es\/"},{"@type":"ListItem","position":2,"name":"Los futuros t\u00e9cnicos en atenci\u00f3n a personas dependientes visitan la central del Servicio P\u00fablico de Teleasistencia"}]},{"@type":"WebSite","@id":"https:\/\/www.goierrieskola.eus\/#website","url":"https:\/\/www.goierrieskola.eus\/","name":"Goierri Eskola","description":"La Web de tu Escuela","publisher":{"@id":"https:\/\/www.goierrieskola.eus\/#organization"},"potentialAction":[{"@type":"SearchAction","target":{"@type":"EntryPoint","urlTemplate":"https:\/\/www.goierrieskola.eus\/?s={search_term_string}"},"query-input":{"@type":"PropertyValueSpecification","valueRequired":true,"valueName":"search_term_string"}}],"inLanguage":"es"},{"@type":"Organization","@id":"https:\/\/www.goierrieskola.eus\/#organization","name":"Goierri Eskola","url":"https:\/\/www.goierrieskola.eus\/","logo":{"@type":"ImageObject","inLanguage":"es","@id":"https:\/\/www.goierrieskola.eus\/#\/schema\/logo\/image\/","url":"https:\/\/www.goierrieskola.eus\/wp-content\/uploads\/2014\/11\/Logo_color.jpg","contentUrl":"https:\/\/www.goierrieskola.eus\/wp-content\/uploads\/2014\/11\/Logo_color.jpg","width":227,"height":88,"caption":"Goierri Eskola"},"image":{"@id":"https:\/\/www.goierrieskola.eus\/#\/schema\/logo\/image\/"},"sameAs":["https:\/\/www.facebook.com\/goierrieskola","https:\/\/x.com\/Goierrieskola1"]},{"@type":"Person","@id":"https:\/\/www.goierrieskola.eus\/#\/schema\/person\/b255e8eb1ca976b38e1ee0d39a5cef90","name":"goierrieskolaAdm","image":{"@type":"ImageObject","inLanguage":"es","@id":"https:\/\/secure.gravatar.com\/avatar\/e9fdf651f3112063fea88c97f94fa8ada68ce1854abd481c230f2310134a029e?s=96&d=mm&r=g","url":"https:\/\/secure.gravatar.com\/avatar\/e9fdf651f3112063fea88c97f94fa8ada68ce1854abd481c230f2310134a029e?s=96&d=mm&r=g","contentUrl":"https:\/\/secure.gravatar.com\/avatar\/e9fdf651f3112063fea88c97f94fa8ada68ce1854abd481c230f2310134a029e?s=96&d=mm&r=g","caption":"goierrieskolaAdm"},"url":"https:\/\/www.goierrieskola.eus\/es\/author\/goierrieskolaadm\/"}]}},"_links":{"self":[{"href":"https:\/\/www.goierrieskola.eus\/es\/wp-json\/wp\/v2\/posts\/9284","targetHints":{"allow":["GET"]}}],"collection":[{"href":"https:\/\/www.goierrieskola.eus\/es\/wp-json\/wp\/v2\/posts"}],"about":[{"href":"https:\/\/www.goierrieskola.eus\/es\/wp-json\/wp\/v2\/types\/post"}],"author":[{"embeddable":true,"href":"https:\/\/www.goierrieskola.eus\/es\/wp-json\/wp\/v2\/users\/1"}],"replies":[{"embeddable":true,"href":"https:\/\/www.goierrieskola.eus\/es\/wp-json\/wp\/v2\/comments?post=9284"}],"version-history":[{"count":1,"href":"https:\/\/www.goierrieskola.eus\/es\/wp-json\/wp\/v2\/posts\/9284\/revisions"}],"predecessor-version":[{"id":9285,"href":"https:\/\/www.goierrieskola.eus\/es\/wp-json\/wp\/v2\/posts\/9284\/revisions\/9285"}],"wp:featuredmedia":[{"embeddable":true,"href":"https:\/\/www.goierrieskola.eus\/es\/wp-json\/wp\/v2\/media\/9279"}],"wp:attachment":[{"href":"https:\/\/www.goierrieskola.eus\/es\/wp-json\/wp\/v2\/media?parent=9284"}],"wp:term":[{"taxonomy":"category","embeddable":true,"href":"https:\/\/www.goierrieskola.eus\/es\/wp-json\/wp\/v2\/categories?post=9284"},{"taxonomy":"post_tag","embeddable":true,"href":"https:\/\/www.goierrieskola.eus\/es\/wp-json\/wp\/v2\/tags?post=9284"}],"curies":[{"name":"wp","href":"https:\/\/api.w.org\/{rel}","templated":true}]}}