{"id":9369,"date":"2018-04-11T08:16:27","date_gmt":"2018-04-11T08:16:27","guid":{"rendered":"http:\/\/www.goierrieskola.eus\/?p=9369"},"modified":"2018-12-05T16:09:39","modified_gmt":"2018-12-05T16:09:39","slug":"gure-enbaxadoreak-bogdan-cristian-popa","status":"publish","type":"post","link":"https:\/\/www.goierrieskola.eus\/es\/gure-enbaxadoreak-bogdan-cristian-popa\/","title":{"rendered":"GURE ENBAXADOREAK: BOGDAN CRISTIAN POPA"},"content":{"rendered":"<p>[vc_row][vc_column][vc_custom_heading text=\u00bbBOGDAN CRISTIAN POPA: exalumno de Bachillerato, Formaci\u00f3n Profesional y Grado de ingenier\u00eda\u00bb google_fonts=\u00bbfont_family:Raleway%3A100%2C200%2C300%2Cregular%2C500%2C600%2C700%2C800%2C900|font_style:400%20regular%3A400%3Anormal\u00bb][\/vc_column][\/vc_row][vc_row][vc_column width=\u00bb1\/2&#8243;]<div  class=\"kleo-gap\" style=\"height:40px;line-height:40px;\"><\/div>[vc_column_text]<em>Hay circunstancias que hacen que las cosas sean m\u00e1s dif\u00edciles para unos que para otros. Bogdan dej\u00f3 su pa\u00eds natal, Ruman\u00eda, para venir a Goierri con su familia. Ten\u00eda 15 a\u00f1os. Hablaba rumano e ingl\u00e9s. Ahora domina tambi\u00e9n el euskera y el castellano. Ten\u00eda claro que quer\u00eda estudiar Ingenier\u00eda Mec\u00e1nica. Hizo el bachillerato cient\u00edfico en Goierri Eskola y en lugar de dar el salto a la universidad, opt\u00f3 por cursar el m\u00f3dulo de mecanizado. Con el t\u00edtulo de \u201cT\u00e9cnico superior en programaci\u00f3n de la producci\u00f3n en fabricaci\u00f3n mec\u00e1nica\u201d bajo el brazo, comenz\u00f3 la carrera de ingenier\u00eda en el campus Goierri de MU. Acab\u00f3 el grado en junio del a\u00f1o pasado. En octubre firm\u00f3 su primer contrato de trabajo para seis meses. Trabaja en la oficina de t\u00e9cnica de Voith Paper en Tolosa. Le acaban de renovar el contrato.<\/em>[\/vc_column_text][vc_column_text]<\/p>\n<blockquote>\n<h2><strong>\u201cRecomiendo hacer un grado de FP antes del grado en ingenier\u00eda porque todo son ventajas\u201d<\/strong><\/h2>\n<\/blockquote>\n<p><strong>\u00a0<\/strong><\/p>\n<p><strong>Bogdan Cristian Popa. Tu nombre delata tu origen extranjero. \u00bfNos lo cuentas?<\/strong><\/p>\n<p>En realidad, el \u00fanico apellido que tengo es Popa. En Ruman\u00eda se utiliza el primer apellido del padre. Vine de Ruman\u00eda a los 15 a\u00f1os \u2013ahora tengo 26- junto a mi madre y mi hermano. Mi padre llevaba para entonces un a\u00f1o viviendo aqu\u00ed. Entr\u00e9 al Instituto Loinazpe en 4\u00ba de ESO. Repet\u00ed el curso porque no sab\u00eda ni euskera ni castellano. Hablaba ingl\u00e9s pero los dem\u00e1s tampoco se manejaban muy bien. Tuve la ayuda de una traductora durante tres meses pero no logr\u00e9 aprobar el curso.<\/p>\n<p><strong>\u00bfRecuerdas\u00a0 aquellas primeras impresiones tras aterrizar en un pa\u00eds nuevo?<\/strong><\/p>\n<p>No sab\u00eda qu\u00e9 me esperaba. Era algo totalmente nuevo. Y me acuerdo de los nervios por no controlar el idioma. Pero todo fue muy bien. Y no tuve ning\u00fan problema ni con los compa\u00f1eros ni con nadie.<\/p>\n<p><strong>\u00bfY tu primer d\u00eda en Goierri Eskola? \u00bfLo recuerdas?<\/strong><\/p>\n<p>S\u00ed. Me equivoqu\u00e9 de clase. Para entonces llevaba dos a\u00f1os en Euskadi. Tras acabar 4\u00ba de ESO vine a Goierri Eskola a hacer el bachillerato cient\u00edfico. Me cost\u00f3 lo m\u00edo. D\u00e1bamos asignaturas que no me gustaban nada como Filosof\u00eda, o Historia, mucha teor\u00eda y toda en euskera.<\/p>\n<p><strong>\u00bfPor qu\u00e9 elegiste bachillerato cient\u00edfico?<\/strong><\/p>\n<p>Porque ten\u00eda claro que quer\u00eda hacer Ingenier\u00eda Mec\u00e1nica.<\/p>\n<p><strong>Pero en lugar de hacer el bachillerato y acceder a la universidad directamente, optaste por un camino un poco m\u00e1s largo\u2026<\/strong><\/p>\n<p>Hice el m\u00f3dulo de mecanizado para evitar hacer la selectividad. De esa forma, puedes acceder a la universidad sin hacer el examen de selectividad. Quise hacerlo as\u00ed porque en la selectividad ten\u00eda ex\u00e1menes en euskera y en castellano.<\/p>\n<p><strong>\u00bfRecomiendas pasar por\u00a0 un ciclo de Formaci\u00f3n Profesional antes de la universidad?<\/strong><\/p>\n<p>Totalmente. A m\u00ed me ha venido muy bien. En la universidad me sirvi\u00f3 todo lo que hab\u00eda aprendido en el m\u00f3dulo. Adem\u00e1s, me convalidaban dos asignaturas por curso. Recomiendo ese camino. Cuando \u00edbamos a hacer las pr\u00e1cticas yo ya conoc\u00eda los tornos, los profesores de taller\u2026 para m\u00ed, es lo ideal. Y tambi\u00e9n me ha valido a la hora de encontrar un trabajo porque seg\u00fan me dijeron, el haber hecho un m\u00f3dulo era un valor a\u00f1adido. Les gust\u00f3 que supiera c\u00f3mo se fabrica una pieza y que no solo tuviera conocimiento sobre el papel. Tengo compa\u00f1eros que han hecho ingenier\u00eda y luego han complementado el grado con el m\u00f3dulo. Para m\u00ed son todo ventajas.<\/p>\n<p><strong>Te ha costado muy poco tiempo entrar en el mercado laboral.<\/strong><\/p>\n<p>S\u00ed. Acab\u00e9 el proyecto de fin de carrera, me fui a Ruman\u00eda de vacaciones y me llamaron de la empresa en la que estoy trabajando. Goierri Eskola junto con Lanbide ayuda a los alumnos a buscar empleo, hay una persona que se encarga de ello. Las empresas ya conocen el perfil de los alumnos que van a salir por la relaci\u00f3n que tiene la escuela con las empresas del entorno. Yo empec\u00e9 a trabajar en octubre. Todo fue muy r\u00e1pido. Llevo trabajando seis meses y me acaban de renovar el contrato para a\u00f1o y medio.<\/p>\n<p><strong>\u00bfQu\u00e9 valoraci\u00f3n haces de tus primeros meses de trabajo en Voith Paper?<\/strong><\/p>\n<p>La experiencia ha sido muy buena. Estoy aprendiendo y viajando. Tenemos tanto proyectos nacionales (Huelva, Navia, Barcelona etc.) como internacionales (Suecia, Finlandia, Pakist\u00e1n etc.). La delegaci\u00f3n de Tolosa se dedica a reparar m\u00e1quinas que fabrican papel. No fabricamos la m\u00e1quina en su integridad. Hacemos reformas y mantenimiento: Nos llama un cliente que tiene una m\u00e1quina de la marca Voith o de cualquier otra porque desea, por ejemplo, implementar sensores y all\u00e1 vamos. Medimos, volvemos a la oficina, dibujamos y realizamos las modificaciones.<\/p>\n<p><strong>\u00bfY lo de tener que viajar, c\u00f3mo lo llevas?<\/strong><\/p>\n<p>Era algo nuevo para m\u00ed. Ten\u00eda curiosidad por saber c\u00f3mo ser\u00eda viajar por trabajo y me he dado cuenta de una cosa. Yo pensaba que me gustaba viajar. Y lo que me gustaba realmente era irme de vacaciones. Los viajes normalmente son de una semana, pero se hacen largos, se trabajan muchas horas cuando se est\u00e1 fuera, llegas y no conoces la ciudad\u2026 tambi\u00e9n es bonito pero no tanto como me esperaba yo.<\/p>\n<p><strong>Voith es una empresa alemana. \u00bfEn qu\u00e9 se diferencia en comparaci\u00f3n con las empresas de aqu\u00ed?<\/strong><\/p>\n<p>Es una empresa familiar alemana. En Tolosa tiene alrededor de 200 trabajadores pero a nivel mundial somos 19.000. Son alemanes. En la forma de organizar el trabajo, en la disciplina y el sistema porque todo lo que hacemos pasa por Alemania. Hasta internet. Google Maps nos ubica en Alemania en lugar de en Tolosa.<\/p>\n<p><strong>En cuanto al trabajo, \u00bfc\u00f3mo te has visto en ese proceso de transici\u00f3n de la universidad a la empresa?<\/strong><\/p>\n<p>El trabajo en s\u00ed no me ha parecido dif\u00edcil. Te forman justo para eso. La carrera es muy dura, pero te preparan para la vida real, para la vida laboral. En MU tienen implantado el PoBL (Project-based Learning) lo que quiere decir que al final de casa semestre ten\u00edamos que presentar un proyecto. Nos planteaban un problema y ten\u00edamos que encontrar la soluci\u00f3n. Trabaj\u00e1bamos en grupos y ten\u00edamos que buscarnos la vida, lo mismo que cuando vas a una empresa. Es con los proyectos con lo que realmente aprendes. Y no adquir\u00edamos solo conocimientos cient\u00edficos, tambi\u00e9n aprend\u00edamos que es el trabajo en equipo. En clase, bien, te aprendes la f\u00f3rmula y sabes c\u00f3mo resolver los problemas pero en un proyecto no tienes una f\u00f3rmula ni tienes la soluci\u00f3n.<\/p>\n<p><strong>\u00bfRecuerdas los proyectos en los que participaste?<\/strong><\/p>\n<p>En el primer semestre del primer a\u00f1o nos dieron una l\u00e1mpara, un flexo con un muelle. Los profesores colocaban un peso en \u00e9l y lo dejaban caer. Los alumnos ten\u00edamos que predecir en que posici\u00f3n iba a parar. En el segundo semestre hicimos la maqueta de un balanc\u00edn para ni\u00f1os para estudiar las vibraciones y en concreto el fen\u00f3meno de resonancia. En segundo, realizamos el estudio de una punzonadora y mejoramos el dise\u00f1o original. En tercero dise\u00f1amos y fabricamos una m\u00e1quina lanzapelotas autom\u00e1tica para el entrenamiento personal de los tenistas. Y en el \u00faltimo a\u00f1o, el proyecto de fin de carrera que es individual y normalmente se hace en una empresa.<\/p>\n<p>Estoy contento con la preparaci\u00f3n y los profesores que tuve.<\/p>\n<p><strong>\u00bfCu\u00e1l fue tu proyecto de fin de carrera?<\/strong><\/p>\n<p>Lo hice en la empresa Laulagun Bearings. Hicimos un banco de ensayos en el departamento de I+D. Quer\u00edan ensayar las bolas de los rodamientos. Fabrican rodamientos para aerogeneradores que son de tres, cuatro o cinco metros y necesitaban ensayar las bolas.<\/p>\n<p><strong>\u00bfQu\u00e9 consejo le dar\u00edas a una persona que le est\u00e1 dando vueltas hacer Ingenier\u00eda Mec\u00e1nica?<\/strong><\/p>\n<p>Que lo tenga claro. El primer a\u00f1o es cuando te das cuenta si de verdad quieres hacer ingenier\u00eda o no, porque hay quien empieza por satisfacer a los padres o por otros motivos. Y si no es lo que realmente quieres hacer, no la puedes acabar. La carrera es dura. No puedes dejarlo todo para el \u00faltimo d\u00eda.<\/p>\n<p><strong>Has estudiado lo que so\u00f1abas y ya est\u00e1s trabajando. A partir de ahora \u00bfqu\u00e9?<\/strong><\/p>\n<p>Hasta aqu\u00ed lo ten\u00eda planeado. Hacer la carrera, encontrar trabajo y a partir de ahora, ir\u00e9 sobre la marcha\u2026[\/vc_column_text][\/vc_column][vc_column width=\u00bb1\/2&#8243;][vc_single_image image=\u00bb9362&#8243; img_size=\u00bb600&#215;400&#8243; alignment=\u00bbcenter\u00bb]<div  class=\"kleo-gap\" style=\"height:200px;line-height:200px;\"><\/div>[vc_single_image image=\u00bb9364&#8243; img_size=\u00bb600&#215;400&#8243; alignment=\u00bbcenter\u00bb]<div  class=\"kleo-gap\" style=\"height:200px;line-height:200px;\"><\/div>[vc_single_image image=\u00bb9363&#8243; img_size=\u00bb600&#215;400&#8243; alignment=\u00bbcenter\u00bb][vc_video link=\u00bbhttps:\/\/www.facebook.com\/goierrieskola\/videos\/1677063858995988\/?t=7&#8243; el_width=\u00bb80&#8243; align=\u00bbcenter\u00bb][\/vc_column][\/vc_row][vc_row][vc_column][\/vc_column][\/vc_row]<\/p>\n","protected":false},"excerpt":{"rendered":"<p>[vc_row][vc_column][vc_custom_heading text=\u00bbBOGDAN CRISTIAN POPA: exalumno de Bachillerato, Formaci\u00f3n Profesional y Grado de ingenier\u00eda\u00bb google_fonts=\u00bbfont_family:Raleway%3A100%2C200%2C300%2Cregular%2C500%2C600%2C700%2C800%2C900|font_style:400%20regular%3A400%3Anormal\u00bb][\/vc_column][\/vc_row][vc_row][vc_column width=\u00bb1\/2&#8243;][vc_column_text]Hay circunstancias que hacen que las cosas sean m\u00e1s dif\u00edciles para unos que para otros. Bogdan dej\u00f3 su pa\u00eds natal, Ruman\u00eda, para venir a Goierri con su familia. Ten\u00eda 15 a\u00f1os. Hablaba rumano e ingl\u00e9s. Ahora domina tambi\u00e9n el euskera y el castellano. Ten\u00eda claro que [&hellip;]<\/p>\n","protected":false},"author":1,"featured_media":9366,"comment_status":"closed","ping_status":"closed","sticky":false,"template":"","format":"standard","meta":{"footnotes":""},"categories":[116],"tags":[],"class_list":["post-9369","post","type-post","status-publish","format-standard","has-post-thumbnail","hentry","category-gure_enbaxadoreak-es"],"yoast_head":"<!-- This site is optimized with the Yoast SEO plugin v27.4 - https:\/\/yoast.com\/product\/yoast-seo-wordpress\/ -->\n<title>GURE ENBAXADOREAK: BOGDAN CRISTIAN POPA - Goierri Eskola<\/title>\n<meta name=\"robots\" content=\"index, follow, max-snippet:-1, max-image-preview:large, max-video-preview:-1\" \/>\n<link rel=\"canonical\" href=\"https:\/\/www.goierrieskola.eus\/es\/gure-enbaxadoreak-bogdan-cristian-popa\/\" \/>\n<meta property=\"og:locale\" content=\"es_ES\" \/>\n<meta property=\"og:type\" content=\"article\" \/>\n<meta property=\"og:title\" content=\"GURE ENBAXADOREAK: BOGDAN CRISTIAN POPA - Goierri Eskola\" \/>\n<meta property=\"og:description\" content=\"[vc_row][vc_column][vc_custom_heading text=\u00bbBOGDAN CRISTIAN POPA: exalumno de Bachillerato, Formaci\u00f3n Profesional y Grado de ingenier\u00eda\u00bb google_fonts=\u00bbfont_family:Raleway%3A100%2C200%2C300%2Cregular%2C500%2C600%2C700%2C800%2C900|font_style:400%20regular%3A400%3Anormal\u00bb][\/vc_column][\/vc_row][vc_row][vc_column width=\u00bb1\/2&#8243;][vc_column_text]Hay circunstancias que hacen que las cosas sean m\u00e1s dif\u00edciles para unos que para otros. Bogdan dej\u00f3 su pa\u00eds natal, Ruman\u00eda, para venir a Goierri con su familia. Ten\u00eda 15 a\u00f1os. Hablaba rumano e ingl\u00e9s. Ahora domina tambi\u00e9n el euskera y el castellano. Ten\u00eda claro que [&hellip;]\" \/>\n<meta property=\"og:url\" content=\"https:\/\/www.goierrieskola.eus\/es\/gure-enbaxadoreak-bogdan-cristian-popa\/\" \/>\n<meta property=\"og:site_name\" content=\"Goierri Eskola\" \/>\n<meta property=\"article:publisher\" content=\"https:\/\/www.facebook.com\/goierrieskola\" \/>\n<meta property=\"article:published_time\" content=\"2018-04-11T08:16:27+00:00\" \/>\n<meta property=\"article:modified_time\" content=\"2018-12-05T16:09:39+00:00\" \/>\n<meta property=\"og:image\" content=\"https:\/\/www.goierrieskola.eus\/wp-content\/uploads\/2018\/04\/IMG_4841-e1523433911285.jpg\" \/>\n\t<meta property=\"og:image:width\" content=\"3769\" \/>\n\t<meta property=\"og:image:height\" content=\"1451\" \/>\n\t<meta property=\"og:image:type\" content=\"image\/jpeg\" \/>\n<meta name=\"author\" content=\"goierrieskolaAdm\" \/>\n<meta name=\"twitter:card\" content=\"summary_large_image\" \/>\n<meta name=\"twitter:creator\" content=\"@Goierrieskola1\" \/>\n<meta name=\"twitter:site\" content=\"@Goierrieskola1\" \/>\n<meta name=\"twitter:label1\" content=\"Escrito por\" \/>\n\t<meta name=\"twitter:data1\" content=\"goierrieskolaAdm\" \/>\n\t<meta name=\"twitter:label2\" content=\"Tiempo de lectura\" \/>\n\t<meta name=\"twitter:data2\" content=\"8 minutos\" \/>\n<script type=\"application\/ld+json\" class=\"yoast-schema-graph\">{\"@context\":\"https:\\\/\\\/schema.org\",\"@graph\":[{\"@type\":\"Article\",\"@id\":\"https:\\\/\\\/www.goierrieskola.eus\\\/es\\\/gure-enbaxadoreak-bogdan-cristian-popa\\\/#article\",\"isPartOf\":{\"@id\":\"https:\\\/\\\/www.goierrieskola.eus\\\/es\\\/gure-enbaxadoreak-bogdan-cristian-popa\\\/\"},\"author\":{\"name\":\"goierrieskolaAdm\",\"@id\":\"https:\\\/\\\/www.goierrieskola.eus\\\/#\\\/schema\\\/person\\\/b255e8eb1ca976b38e1ee0d39a5cef90\"},\"headline\":\"GURE ENBAXADOREAK: BOGDAN CRISTIAN POPA\",\"datePublished\":\"2018-04-11T08:16:27+00:00\",\"dateModified\":\"2018-12-05T16:09:39+00:00\",\"mainEntityOfPage\":{\"@id\":\"https:\\\/\\\/www.goierrieskola.eus\\\/es\\\/gure-enbaxadoreak-bogdan-cristian-popa\\\/\"},\"wordCount\":1588,\"publisher\":{\"@id\":\"https:\\\/\\\/www.goierrieskola.eus\\\/#organization\"},\"image\":{\"@id\":\"https:\\\/\\\/www.goierrieskola.eus\\\/es\\\/gure-enbaxadoreak-bogdan-cristian-popa\\\/#primaryimage\"},\"thumbnailUrl\":\"https:\\\/\\\/www.goierrieskola.eus\\\/wp-content\\\/uploads\\\/2018\\\/04\\\/IMG_4841-e1523433911285.jpg\",\"articleSection\":[\"Gure Enbaxadoreak\"],\"inLanguage\":\"es\"},{\"@type\":\"WebPage\",\"@id\":\"https:\\\/\\\/www.goierrieskola.eus\\\/es\\\/gure-enbaxadoreak-bogdan-cristian-popa\\\/\",\"url\":\"https:\\\/\\\/www.goierrieskola.eus\\\/es\\\/gure-enbaxadoreak-bogdan-cristian-popa\\\/\",\"name\":\"GURE ENBAXADOREAK: BOGDAN CRISTIAN POPA - Goierri Eskola\",\"isPartOf\":{\"@id\":\"https:\\\/\\\/www.goierrieskola.eus\\\/#website\"},\"primaryImageOfPage\":{\"@id\":\"https:\\\/\\\/www.goierrieskola.eus\\\/es\\\/gure-enbaxadoreak-bogdan-cristian-popa\\\/#primaryimage\"},\"image\":{\"@id\":\"https:\\\/\\\/www.goierrieskola.eus\\\/es\\\/gure-enbaxadoreak-bogdan-cristian-popa\\\/#primaryimage\"},\"thumbnailUrl\":\"https:\\\/\\\/www.goierrieskola.eus\\\/wp-content\\\/uploads\\\/2018\\\/04\\\/IMG_4841-e1523433911285.jpg\",\"datePublished\":\"2018-04-11T08:16:27+00:00\",\"dateModified\":\"2018-12-05T16:09:39+00:00\",\"breadcrumb\":{\"@id\":\"https:\\\/\\\/www.goierrieskola.eus\\\/es\\\/gure-enbaxadoreak-bogdan-cristian-popa\\\/#breadcrumb\"},\"inLanguage\":\"es\",\"potentialAction\":[{\"@type\":\"ReadAction\",\"target\":[\"https:\\\/\\\/www.goierrieskola.eus\\\/es\\\/gure-enbaxadoreak-bogdan-cristian-popa\\\/\"]}]},{\"@type\":\"ImageObject\",\"inLanguage\":\"es\",\"@id\":\"https:\\\/\\\/www.goierrieskola.eus\\\/es\\\/gure-enbaxadoreak-bogdan-cristian-popa\\\/#primaryimage\",\"url\":\"https:\\\/\\\/www.goierrieskola.eus\\\/wp-content\\\/uploads\\\/2018\\\/04\\\/IMG_4841-e1523433911285.jpg\",\"contentUrl\":\"https:\\\/\\\/www.goierrieskola.eus\\\/wp-content\\\/uploads\\\/2018\\\/04\\\/IMG_4841-e1523433911285.jpg\",\"width\":3769,\"height\":1451},{\"@type\":\"BreadcrumbList\",\"@id\":\"https:\\\/\\\/www.goierrieskola.eus\\\/es\\\/gure-enbaxadoreak-bogdan-cristian-popa\\\/#breadcrumb\",\"itemListElement\":[{\"@type\":\"ListItem\",\"position\":1,\"name\":\"Portada\",\"item\":\"https:\\\/\\\/www.goierrieskola.eus\\\/es\\\/\"},{\"@type\":\"ListItem\",\"position\":2,\"name\":\"GURE ENBAXADOREAK: BOGDAN CRISTIAN POPA\"}]},{\"@type\":\"WebSite\",\"@id\":\"https:\\\/\\\/www.goierrieskola.eus\\\/#website\",\"url\":\"https:\\\/\\\/www.goierrieskola.eus\\\/\",\"name\":\"Goierri Eskola\",\"description\":\"La Web de tu Escuela\",\"publisher\":{\"@id\":\"https:\\\/\\\/www.goierrieskola.eus\\\/#organization\"},\"potentialAction\":[{\"@type\":\"SearchAction\",\"target\":{\"@type\":\"EntryPoint\",\"urlTemplate\":\"https:\\\/\\\/www.goierrieskola.eus\\\/?s={search_term_string}\"},\"query-input\":{\"@type\":\"PropertyValueSpecification\",\"valueRequired\":true,\"valueName\":\"search_term_string\"}}],\"inLanguage\":\"es\"},{\"@type\":\"Organization\",\"@id\":\"https:\\\/\\\/www.goierrieskola.eus\\\/#organization\",\"name\":\"Goierri Eskola\",\"url\":\"https:\\\/\\\/www.goierrieskola.eus\\\/\",\"logo\":{\"@type\":\"ImageObject\",\"inLanguage\":\"es\",\"@id\":\"https:\\\/\\\/www.goierrieskola.eus\\\/#\\\/schema\\\/logo\\\/image\\\/\",\"url\":\"https:\\\/\\\/www.goierrieskola.eus\\\/wp-content\\\/uploads\\\/2014\\\/11\\\/Logo_color.jpg\",\"contentUrl\":\"https:\\\/\\\/www.goierrieskola.eus\\\/wp-content\\\/uploads\\\/2014\\\/11\\\/Logo_color.jpg\",\"width\":227,\"height\":88,\"caption\":\"Goierri Eskola\"},\"image\":{\"@id\":\"https:\\\/\\\/www.goierrieskola.eus\\\/#\\\/schema\\\/logo\\\/image\\\/\"},\"sameAs\":[\"https:\\\/\\\/www.facebook.com\\\/goierrieskola\",\"https:\\\/\\\/x.com\\\/Goierrieskola1\"]},{\"@type\":\"Person\",\"@id\":\"https:\\\/\\\/www.goierrieskola.eus\\\/#\\\/schema\\\/person\\\/b255e8eb1ca976b38e1ee0d39a5cef90\",\"name\":\"goierrieskolaAdm\",\"image\":{\"@type\":\"ImageObject\",\"inLanguage\":\"es\",\"@id\":\"https:\\\/\\\/secure.gravatar.com\\\/avatar\\\/e9fdf651f3112063fea88c97f94fa8ada68ce1854abd481c230f2310134a029e?s=96&d=mm&r=g\",\"url\":\"https:\\\/\\\/secure.gravatar.com\\\/avatar\\\/e9fdf651f3112063fea88c97f94fa8ada68ce1854abd481c230f2310134a029e?s=96&d=mm&r=g\",\"contentUrl\":\"https:\\\/\\\/secure.gravatar.com\\\/avatar\\\/e9fdf651f3112063fea88c97f94fa8ada68ce1854abd481c230f2310134a029e?s=96&d=mm&r=g\",\"caption\":\"goierrieskolaAdm\"},\"url\":\"https:\\\/\\\/www.goierrieskola.eus\\\/es\\\/author\\\/goierrieskolaadm\\\/\"}]}<\/script>\n<!-- \/ Yoast SEO plugin. -->","yoast_head_json":{"title":"GURE ENBAXADOREAK: BOGDAN CRISTIAN POPA - Goierri Eskola","robots":{"index":"index","follow":"follow","max-snippet":"max-snippet:-1","max-image-preview":"max-image-preview:large","max-video-preview":"max-video-preview:-1"},"canonical":"https:\/\/www.goierrieskola.eus\/es\/gure-enbaxadoreak-bogdan-cristian-popa\/","og_locale":"es_ES","og_type":"article","og_title":"GURE ENBAXADOREAK: BOGDAN CRISTIAN POPA - Goierri Eskola","og_description":"[vc_row][vc_column][vc_custom_heading text=\u00bbBOGDAN CRISTIAN POPA: exalumno de Bachillerato, Formaci\u00f3n Profesional y Grado de ingenier\u00eda\u00bb google_fonts=\u00bbfont_family:Raleway%3A100%2C200%2C300%2Cregular%2C500%2C600%2C700%2C800%2C900|font_style:400%20regular%3A400%3Anormal\u00bb][\/vc_column][\/vc_row][vc_row][vc_column width=\u00bb1\/2&#8243;][vc_column_text]Hay circunstancias que hacen que las cosas sean m\u00e1s dif\u00edciles para unos que para otros. Bogdan dej\u00f3 su pa\u00eds natal, Ruman\u00eda, para venir a Goierri con su familia. Ten\u00eda 15 a\u00f1os. Hablaba rumano e ingl\u00e9s. Ahora domina tambi\u00e9n el euskera y el castellano. Ten\u00eda claro que [&hellip;]","og_url":"https:\/\/www.goierrieskola.eus\/es\/gure-enbaxadoreak-bogdan-cristian-popa\/","og_site_name":"Goierri Eskola","article_publisher":"https:\/\/www.facebook.com\/goierrieskola","article_published_time":"2018-04-11T08:16:27+00:00","article_modified_time":"2018-12-05T16:09:39+00:00","og_image":[{"width":3769,"height":1451,"url":"https:\/\/www.goierrieskola.eus\/wp-content\/uploads\/2018\/04\/IMG_4841-e1523433911285.jpg","type":"image\/jpeg"}],"author":"goierrieskolaAdm","twitter_card":"summary_large_image","twitter_creator":"@Goierrieskola1","twitter_site":"@Goierrieskola1","twitter_misc":{"Escrito por":"goierrieskolaAdm","Tiempo de lectura":"8 minutos"},"schema":{"@context":"https:\/\/schema.org","@graph":[{"@type":"Article","@id":"https:\/\/www.goierrieskola.eus\/es\/gure-enbaxadoreak-bogdan-cristian-popa\/#article","isPartOf":{"@id":"https:\/\/www.goierrieskola.eus\/es\/gure-enbaxadoreak-bogdan-cristian-popa\/"},"author":{"name":"goierrieskolaAdm","@id":"https:\/\/www.goierrieskola.eus\/#\/schema\/person\/b255e8eb1ca976b38e1ee0d39a5cef90"},"headline":"GURE ENBAXADOREAK: BOGDAN CRISTIAN POPA","datePublished":"2018-04-11T08:16:27+00:00","dateModified":"2018-12-05T16:09:39+00:00","mainEntityOfPage":{"@id":"https:\/\/www.goierrieskola.eus\/es\/gure-enbaxadoreak-bogdan-cristian-popa\/"},"wordCount":1588,"publisher":{"@id":"https:\/\/www.goierrieskola.eus\/#organization"},"image":{"@id":"https:\/\/www.goierrieskola.eus\/es\/gure-enbaxadoreak-bogdan-cristian-popa\/#primaryimage"},"thumbnailUrl":"https:\/\/www.goierrieskola.eus\/wp-content\/uploads\/2018\/04\/IMG_4841-e1523433911285.jpg","articleSection":["Gure Enbaxadoreak"],"inLanguage":"es"},{"@type":"WebPage","@id":"https:\/\/www.goierrieskola.eus\/es\/gure-enbaxadoreak-bogdan-cristian-popa\/","url":"https:\/\/www.goierrieskola.eus\/es\/gure-enbaxadoreak-bogdan-cristian-popa\/","name":"GURE ENBAXADOREAK: BOGDAN CRISTIAN POPA - Goierri Eskola","isPartOf":{"@id":"https:\/\/www.goierrieskola.eus\/#website"},"primaryImageOfPage":{"@id":"https:\/\/www.goierrieskola.eus\/es\/gure-enbaxadoreak-bogdan-cristian-popa\/#primaryimage"},"image":{"@id":"https:\/\/www.goierrieskola.eus\/es\/gure-enbaxadoreak-bogdan-cristian-popa\/#primaryimage"},"thumbnailUrl":"https:\/\/www.goierrieskola.eus\/wp-content\/uploads\/2018\/04\/IMG_4841-e1523433911285.jpg","datePublished":"2018-04-11T08:16:27+00:00","dateModified":"2018-12-05T16:09:39+00:00","breadcrumb":{"@id":"https:\/\/www.goierrieskola.eus\/es\/gure-enbaxadoreak-bogdan-cristian-popa\/#breadcrumb"},"inLanguage":"es","potentialAction":[{"@type":"ReadAction","target":["https:\/\/www.goierrieskola.eus\/es\/gure-enbaxadoreak-bogdan-cristian-popa\/"]}]},{"@type":"ImageObject","inLanguage":"es","@id":"https:\/\/www.goierrieskola.eus\/es\/gure-enbaxadoreak-bogdan-cristian-popa\/#primaryimage","url":"https:\/\/www.goierrieskola.eus\/wp-content\/uploads\/2018\/04\/IMG_4841-e1523433911285.jpg","contentUrl":"https:\/\/www.goierrieskola.eus\/wp-content\/uploads\/2018\/04\/IMG_4841-e1523433911285.jpg","width":3769,"height":1451},{"@type":"BreadcrumbList","@id":"https:\/\/www.goierrieskola.eus\/es\/gure-enbaxadoreak-bogdan-cristian-popa\/#breadcrumb","itemListElement":[{"@type":"ListItem","position":1,"name":"Portada","item":"https:\/\/www.goierrieskola.eus\/es\/"},{"@type":"ListItem","position":2,"name":"GURE ENBAXADOREAK: BOGDAN CRISTIAN POPA"}]},{"@type":"WebSite","@id":"https:\/\/www.goierrieskola.eus\/#website","url":"https:\/\/www.goierrieskola.eus\/","name":"Goierri Eskola","description":"La Web de tu Escuela","publisher":{"@id":"https:\/\/www.goierrieskola.eus\/#organization"},"potentialAction":[{"@type":"SearchAction","target":{"@type":"EntryPoint","urlTemplate":"https:\/\/www.goierrieskola.eus\/?s={search_term_string}"},"query-input":{"@type":"PropertyValueSpecification","valueRequired":true,"valueName":"search_term_string"}}],"inLanguage":"es"},{"@type":"Organization","@id":"https:\/\/www.goierrieskola.eus\/#organization","name":"Goierri Eskola","url":"https:\/\/www.goierrieskola.eus\/","logo":{"@type":"ImageObject","inLanguage":"es","@id":"https:\/\/www.goierrieskola.eus\/#\/schema\/logo\/image\/","url":"https:\/\/www.goierrieskola.eus\/wp-content\/uploads\/2014\/11\/Logo_color.jpg","contentUrl":"https:\/\/www.goierrieskola.eus\/wp-content\/uploads\/2014\/11\/Logo_color.jpg","width":227,"height":88,"caption":"Goierri Eskola"},"image":{"@id":"https:\/\/www.goierrieskola.eus\/#\/schema\/logo\/image\/"},"sameAs":["https:\/\/www.facebook.com\/goierrieskola","https:\/\/x.com\/Goierrieskola1"]},{"@type":"Person","@id":"https:\/\/www.goierrieskola.eus\/#\/schema\/person\/b255e8eb1ca976b38e1ee0d39a5cef90","name":"goierrieskolaAdm","image":{"@type":"ImageObject","inLanguage":"es","@id":"https:\/\/secure.gravatar.com\/avatar\/e9fdf651f3112063fea88c97f94fa8ada68ce1854abd481c230f2310134a029e?s=96&d=mm&r=g","url":"https:\/\/secure.gravatar.com\/avatar\/e9fdf651f3112063fea88c97f94fa8ada68ce1854abd481c230f2310134a029e?s=96&d=mm&r=g","contentUrl":"https:\/\/secure.gravatar.com\/avatar\/e9fdf651f3112063fea88c97f94fa8ada68ce1854abd481c230f2310134a029e?s=96&d=mm&r=g","caption":"goierrieskolaAdm"},"url":"https:\/\/www.goierrieskola.eus\/es\/author\/goierrieskolaadm\/"}]}},"_links":{"self":[{"href":"https:\/\/www.goierrieskola.eus\/es\/wp-json\/wp\/v2\/posts\/9369","targetHints":{"allow":["GET"]}}],"collection":[{"href":"https:\/\/www.goierrieskola.eus\/es\/wp-json\/wp\/v2\/posts"}],"about":[{"href":"https:\/\/www.goierrieskola.eus\/es\/wp-json\/wp\/v2\/types\/post"}],"author":[{"embeddable":true,"href":"https:\/\/www.goierrieskola.eus\/es\/wp-json\/wp\/v2\/users\/1"}],"replies":[{"embeddable":true,"href":"https:\/\/www.goierrieskola.eus\/es\/wp-json\/wp\/v2\/comments?post=9369"}],"version-history":[{"count":4,"href":"https:\/\/www.goierrieskola.eus\/es\/wp-json\/wp\/v2\/posts\/9369\/revisions"}],"predecessor-version":[{"id":9798,"href":"https:\/\/www.goierrieskola.eus\/es\/wp-json\/wp\/v2\/posts\/9369\/revisions\/9798"}],"wp:featuredmedia":[{"embeddable":true,"href":"https:\/\/www.goierrieskola.eus\/es\/wp-json\/wp\/v2\/media\/9366"}],"wp:attachment":[{"href":"https:\/\/www.goierrieskola.eus\/es\/wp-json\/wp\/v2\/media?parent=9369"}],"wp:term":[{"taxonomy":"category","embeddable":true,"href":"https:\/\/www.goierrieskola.eus\/es\/wp-json\/wp\/v2\/categories?post=9369"},{"taxonomy":"post_tag","embeddable":true,"href":"https:\/\/www.goierrieskola.eus\/es\/wp-json\/wp\/v2\/tags?post=9369"}],"curies":[{"name":"wp","href":"https:\/\/api.w.org\/{rel}","templated":true}]}}