{"id":9657,"date":"2018-10-09T14:05:07","date_gmt":"2018-10-09T14:05:07","guid":{"rendered":"http:\/\/www.goierrieskola.eus\/?p=9657"},"modified":"2018-12-05T15:53:26","modified_gmt":"2018-12-05T15:53:26","slug":"gure-enbaxadoreak-jon-elustondo","status":"publish","type":"post","link":"https:\/\/www.goierrieskola.eus\/es\/gure-enbaxadoreak-jon-elustondo\/","title":{"rendered":"GURE ENBAXADOREAK: JON ELUSTONDO"},"content":{"rendered":"<p>[vc_row][vc_column][vc_custom_heading text=\u00bbJON ELUSTONDO: exalumno de formaci\u00f3n profesional\u00bb google_fonts=\u00bbfont_family:Raleway%3A100%2C200%2C300%2Cregular%2C500%2C600%2C700%2C800%2C900|font_style:400%20regular%3A400%3Anormal\u00bb][\/vc_column][\/vc_row][vc_row][vc_column width=\u00bb1\/2&#8243;]<div  class=\"kleo-gap\" style=\"height:40px;line-height:40px;\"><\/div>[vc_column_text]<em>El berrobiarra Jon Elustondo tiene 24 a\u00f1os . Recal\u00f3\u00a0 en Goierri Eskola tras hacer el bachillerato en el Instituto Orixe de Tolosa. Opt\u00f3 por cursar\u00a0 Dise\u00f1o en Fabricaci\u00f3n Mec\u00e1nica. Goierri Eskola le dio la oportunidad de realizar pr\u00e1cticas en Irizar donde contin\u00faa trabajando cuatro a\u00f1os despu\u00e9s.<\/em>[\/vc_column_text][vc_column_text]<\/p>\n<blockquote>\n<h2><strong>\u201cAl d\u00eda siguiente de acabar las pr\u00e1cticas me preguntaron si quer\u00eda continuar\u201d<\/strong><\/h2>\n<\/blockquote>\n<p><strong>\u00a0<\/strong><\/p>\n<p><strong>Llevas m\u00e1s de cuatro a\u00f1os en Irizar. \u00bfTe acuerdas de c\u00f3mo fue la entrada?<\/strong><\/p>\n<p>Claro. Entre en Irizar de la mano de Goierri Eskola para hacer las pr\u00e1cticas. Ah\u00ed comenc\u00e9 mi andadura. Al d\u00eda siguiente de acabar las pr\u00e1cticas me preguntaron si quer\u00eda continuar y desde entonces ah\u00ed estoy, en el departamento de ingenier\u00eda.<\/p>\n<p><strong>\u00bfY c\u00faal ha sido tu trayectoria como alumno?<\/strong><\/p>\n<p>Fui a la escuela San Andr\u00e9s de Berrobi hasta 6\u00ba. Continu\u00e9 en Orixe de Tolosa donde hice la ESO y el bachiller y cuando tuve que decidir d\u00f3nde realizar un ciclo de grado superior, vi que ten\u00eda varias opciones y decid\u00ed venir a Goierri Eskola.<\/p>\n<p><strong>\u00bfPor qu\u00e9?<\/strong><\/p>\n<p>Pod\u00eda haber hecho el mismo ciclo en otros sitios pero Goierri Eskola tiene un nombre y tiene en su entorno una potente red de empresas industriales que no hay en otros sitios. Aqu\u00ed est\u00e1n Irizar, CAF, Ampo\u2026 Pens\u00e9 que era la mejor opci\u00f3n. Es importante la relaci\u00f3n escuela-empresa.<\/p>\n<p>Berrobi es un municipio de 600 habitantes y todos nos conocemos. En los casos en los que los padres me han pedido consejo, mi recomendaci\u00f3n siempre ha sido Goierri Eskola.<\/p>\n<p><strong>En tu caso, los orientadores apostaban por ingenier\u00eda pero lo ten\u00edas claro\u2026 <\/strong><\/p>\n<p>As\u00ed es, pero yo no me lanc\u00e9 a hacer ingenier\u00eda. Como a m\u00ed me ha ido tan bien, animo a todos a que opten por la Formaci\u00f3n Profesional. Tengo un hermano ingeniero y despu\u00e9s de verle, s\u00e9 que no hubiera aguantado tantas horas de estudio. Me gusta el deporte y antes de estar hincando codos tanto tiempo, me hubiera largado antes al monte o al front\u00f3n.<\/p>\n<p><strong>\u00bfGoierri Eskola ha cumplido con tus expectativas?<\/strong><\/p>\n<p>Yo estuve muy a gusto. Tiene fama de exigente, pero a m\u00ed no me result\u00f3 tan duro. Los profesores son muy cercanos y creo que el alumnado sale muy bien preparado. Pondr\u00e9 un ejemplo: En Goierri Eskola utiliz\u00e1bamos un programa que en Irizar iban a implantar entonces. Los trabajadores no conoc\u00edan su funcionamiento mientras que nosotros sab\u00edamos utilizar el programa y no solo eso, ten\u00edamos ya una base. En aquel comienzo \u00e9ramos de los \u00fanicos que conoc\u00edan el programa.<\/p>\n<p><strong>En cualquier caso, hoy en d\u00eda la clave est\u00e1 en la formaci\u00f3n continua.<\/strong><\/p>\n<p>Claro. A nivel tecnol\u00f3gico estamos siempre buscando nuevas soluciones y los programas cambian continuamente. Hay que adaptarse seg\u00fan necesidades.<\/p>\n<p><strong>\u00bfC\u00f3mo viviste el salto al mundo laboral?<\/strong><\/p>\n<p>Bien. No me considero una persona parada y como t\u00e9cnico en Dise\u00f1o en Fabricaci\u00f3n Mec\u00e1nica pod\u00eda estar ocho horas delante del ordenador. Sin embargo, estoy en una oficina de l\u00ednea y si surge un problema en mi zona me avisan a m\u00ed. Me muevo mucho y es lo que me gusta.<\/p>\n<p><strong>De modo que est\u00e1s satisfecho en Irizar\u2026<\/strong><\/p>\n<p>S\u00ed. El a\u00f1o pasado me hicieron socio en la cooperativa y no puedo quejarme. Entrar en una empresa as\u00ed, sin perder un d\u00eda, es como para estar contento.<\/p>\n<p><strong>\u00bfCu\u00e1ntos autobuses se fabrican en Irizar al d\u00eda?<\/strong><\/p>\n<p>Ahora mismo seis. Cuando comenc\u00e9 se hac\u00edan cuatro y hab\u00eda picos en los que lleg\u00e1bamos a siete. Estamos haciendo trabajo de carrocer\u00eda en cuatro y montamos en su integridad otros dos, es decir, tambi\u00e9n nos encargamos del motor. Son autobuses 100% nuestros.<\/p>\n<p>El reto es posicionarnos mejor en Europa. Hemos empezado tambi\u00e9n a vender en EEUU. Tenemos plantas en Marruecos, Mexico y Brasil y un servicio postventa en toda Europa.<\/p>\n<p><strong>Irizar ha sido galardonado con el prestigioso Coach of the Year 2018. \u00bfQu\u00e9 supone un reconocimiento as\u00ed?<\/strong><\/p>\n<p>Es el premio m\u00e1s prestigioso que se otorga a nivel europeo. La entrega de premios tuvo lugar en octubre en la ciudad belga de Kortrijk y tuve la suerte de estar all\u00e1. Se nota el efecto.<\/p>\n<p><strong>\u00bfTe toca viajar?<\/strong><\/p>\n<p>No, soy bastante casero. No me importa salir para un par de d\u00edas pero para dos o tres meses como lo hacen algunos\u2026<\/p>\n<p><strong>\u00bfCada cu\u00e1nto tiempo lanza Irizar un nuevo modelo de autob\u00fas?<\/strong><\/p>\n<p>Desde que entr\u00e9 yo, una vez. Tenemos el modelo urbano, el que es 100% el\u00e9ctrico, el interurbano i3, el interurbano i4, el i6 para desplazamientos m\u00e1s largos, el i6s que es el hermano \u00abmoderno\u00bb de este \u00faltimo \u00a0y el i8 que es el tope de gama. Este \u00faltimo es todo un lujo, suelen comprar los equipos de f\u00fatbol, equipos ciclistas&#8230; En Irizar personalizamos mucho los autobuses. Hay casas que te ofrecen lo que tienen y punto. Nosotros damos al cliente lo que pide.<\/p>\n<p><strong>\u00bfY piden excentricidades?<\/strong><\/p>\n<p>Dicen que para una gira de Madonna a un autob\u00fas se le instal\u00f3 una cama. Los que compran los equipos de f\u00fatbol suelen ser curiosos. Los de los ciclistas tambi\u00e9n. Suelen estar equipados con unas 10 butacas, cocina, ducha, una gran mesa para las reuniones, un sof\u00e1\u2026<\/p>\n<p>Me ha tocado ver los de la Real Sociedad, Real Madric, Athletic, Osasuna, Liverpool, Eibar, Sevilla, Betis\u2026 Tambi\u00e9n me han tocado un par de autobuses para equipos ciclistas Ag2r, CCC&#8230; Hicimos los de Movistar y Caja Rural. Estos autobuses te hacen una especial ilusi\u00f3n.[\/vc_column_text][\/vc_column][vc_column width=\u00bb1\/2&#8243;][vc_single_image image=\u00bb9652&#8243; img_size=\u00bb600&#215;400&#8243; alignment=\u00bbcenter\u00bb]<div  class=\"kleo-gap\" style=\"height:150px;line-height:150px;\"><\/div>[vc_single_image image=\u00bb9650&#8243; img_size=\u00bb600&#215;400&#8243; alignment=\u00bbcenter\u00bb]<div  class=\"kleo-gap\" style=\"height:150px;line-height:150px;\"><\/div>[vc_video link=\u00bbhttps:\/\/www.facebook.com\/goierrieskola\/videos\/2094802897283651\/\u00bb el_width=\u00bb80&#8243; align=\u00bbcenter\u00bb][\/vc_column][\/vc_row][vc_row][vc_column][\/vc_column][\/vc_row]<\/p>\n","protected":false},"excerpt":{"rendered":"<p>[vc_row][vc_column][vc_custom_heading text=\u00bbJON ELUSTONDO: exalumno de formaci\u00f3n profesional\u00bb google_fonts=\u00bbfont_family:Raleway%3A100%2C200%2C300%2Cregular%2C500%2C600%2C700%2C800%2C900|font_style:400%20regular%3A400%3Anormal\u00bb][\/vc_column][\/vc_row][vc_row][vc_column width=\u00bb1\/2&#8243;][vc_column_text]El berrobiarra Jon Elustondo tiene 24 a\u00f1os . Recal\u00f3\u00a0 en Goierri Eskola tras hacer el bachillerato en el Instituto Orixe de Tolosa. Opt\u00f3 por cursar\u00a0 Dise\u00f1o en Fabricaci\u00f3n Mec\u00e1nica. Goierri Eskola le dio la oportunidad de realizar pr\u00e1cticas en Irizar donde contin\u00faa trabajando cuatro a\u00f1os despu\u00e9s.[\/vc_column_text][vc_column_text] \u201cAl d\u00eda siguiente de acabar las [&hellip;]<\/p>\n","protected":false},"author":1,"featured_media":9655,"comment_status":"closed","ping_status":"closed","sticky":false,"template":"","format":"standard","meta":{"footnotes":""},"categories":[116],"tags":[],"class_list":["post-9657","post","type-post","status-publish","format-standard","has-post-thumbnail","hentry","category-gure_enbaxadoreak-es"],"yoast_head":"<!-- This site is optimized with the Yoast SEO plugin v27.4 - https:\/\/yoast.com\/product\/yoast-seo-wordpress\/ -->\n<title>GURE ENBAXADOREAK: JON ELUSTONDO - Goierri Eskola<\/title>\n<meta name=\"robots\" content=\"index, follow, max-snippet:-1, max-image-preview:large, max-video-preview:-1\" \/>\n<link rel=\"canonical\" href=\"https:\/\/www.goierrieskola.eus\/es\/gure-enbaxadoreak-jon-elustondo\/\" \/>\n<meta property=\"og:locale\" content=\"es_ES\" \/>\n<meta property=\"og:type\" content=\"article\" \/>\n<meta property=\"og:title\" content=\"GURE ENBAXADOREAK: JON ELUSTONDO - Goierri Eskola\" \/>\n<meta property=\"og:description\" content=\"[vc_row][vc_column][vc_custom_heading text=\u00bbJON ELUSTONDO: exalumno de formaci\u00f3n profesional\u00bb google_fonts=\u00bbfont_family:Raleway%3A100%2C200%2C300%2Cregular%2C500%2C600%2C700%2C800%2C900|font_style:400%20regular%3A400%3Anormal\u00bb][\/vc_column][\/vc_row][vc_row][vc_column width=\u00bb1\/2&#8243;][vc_column_text]El berrobiarra Jon Elustondo tiene 24 a\u00f1os . Recal\u00f3\u00a0 en Goierri Eskola tras hacer el bachillerato en el Instituto Orixe de Tolosa. Opt\u00f3 por cursar\u00a0 Dise\u00f1o en Fabricaci\u00f3n Mec\u00e1nica. Goierri Eskola le dio la oportunidad de realizar pr\u00e1cticas en Irizar donde contin\u00faa trabajando cuatro a\u00f1os despu\u00e9s.[\/vc_column_text][vc_column_text] \u201cAl d\u00eda siguiente de acabar las [&hellip;]\" \/>\n<meta property=\"og:url\" content=\"https:\/\/www.goierrieskola.eus\/es\/gure-enbaxadoreak-jon-elustondo\/\" \/>\n<meta property=\"og:site_name\" content=\"Goierri Eskola\" \/>\n<meta property=\"article:publisher\" content=\"https:\/\/www.facebook.com\/goierrieskola\" \/>\n<meta property=\"article:published_time\" content=\"2018-10-09T14:05:07+00:00\" \/>\n<meta property=\"article:modified_time\" content=\"2018-12-05T15:53:26+00:00\" \/>\n<meta property=\"og:image\" content=\"https:\/\/www.goierrieskola.eus\/wp-content\/uploads\/2018\/10\/img-slider.jpg\" \/>\n\t<meta property=\"og:image:width\" content=\"4032\" \/>\n\t<meta property=\"og:image:height\" content=\"1554\" \/>\n\t<meta property=\"og:image:type\" content=\"image\/jpeg\" \/>\n<meta name=\"author\" content=\"goierrieskolaAdm\" \/>\n<meta name=\"twitter:card\" content=\"summary_large_image\" \/>\n<meta name=\"twitter:creator\" content=\"@Goierrieskola1\" \/>\n<meta name=\"twitter:site\" content=\"@Goierrieskola1\" \/>\n<meta name=\"twitter:label1\" content=\"Escrito por\" \/>\n\t<meta name=\"twitter:data1\" content=\"goierrieskolaAdm\" \/>\n\t<meta name=\"twitter:label2\" content=\"Tiempo de lectura\" \/>\n\t<meta name=\"twitter:data2\" content=\"5 minutos\" \/>\n<script type=\"application\/ld+json\" class=\"yoast-schema-graph\">{\"@context\":\"https:\\\/\\\/schema.org\",\"@graph\":[{\"@type\":\"Article\",\"@id\":\"https:\\\/\\\/www.goierrieskola.eus\\\/es\\\/gure-enbaxadoreak-jon-elustondo\\\/#article\",\"isPartOf\":{\"@id\":\"https:\\\/\\\/www.goierrieskola.eus\\\/es\\\/gure-enbaxadoreak-jon-elustondo\\\/\"},\"author\":{\"name\":\"goierrieskolaAdm\",\"@id\":\"https:\\\/\\\/www.goierrieskola.eus\\\/#\\\/schema\\\/person\\\/b255e8eb1ca976b38e1ee0d39a5cef90\"},\"headline\":\"GURE ENBAXADOREAK: JON ELUSTONDO\",\"datePublished\":\"2018-10-09T14:05:07+00:00\",\"dateModified\":\"2018-12-05T15:53:26+00:00\",\"mainEntityOfPage\":{\"@id\":\"https:\\\/\\\/www.goierrieskola.eus\\\/es\\\/gure-enbaxadoreak-jon-elustondo\\\/\"},\"wordCount\":1064,\"publisher\":{\"@id\":\"https:\\\/\\\/www.goierrieskola.eus\\\/#organization\"},\"image\":{\"@id\":\"https:\\\/\\\/www.goierrieskola.eus\\\/es\\\/gure-enbaxadoreak-jon-elustondo\\\/#primaryimage\"},\"thumbnailUrl\":\"https:\\\/\\\/www.goierrieskola.eus\\\/wp-content\\\/uploads\\\/2018\\\/10\\\/img-slider.jpg\",\"articleSection\":[\"Gure Enbaxadoreak\"],\"inLanguage\":\"es\"},{\"@type\":\"WebPage\",\"@id\":\"https:\\\/\\\/www.goierrieskola.eus\\\/es\\\/gure-enbaxadoreak-jon-elustondo\\\/\",\"url\":\"https:\\\/\\\/www.goierrieskola.eus\\\/es\\\/gure-enbaxadoreak-jon-elustondo\\\/\",\"name\":\"GURE ENBAXADOREAK: JON ELUSTONDO - Goierri Eskola\",\"isPartOf\":{\"@id\":\"https:\\\/\\\/www.goierrieskola.eus\\\/#website\"},\"primaryImageOfPage\":{\"@id\":\"https:\\\/\\\/www.goierrieskola.eus\\\/es\\\/gure-enbaxadoreak-jon-elustondo\\\/#primaryimage\"},\"image\":{\"@id\":\"https:\\\/\\\/www.goierrieskola.eus\\\/es\\\/gure-enbaxadoreak-jon-elustondo\\\/#primaryimage\"},\"thumbnailUrl\":\"https:\\\/\\\/www.goierrieskola.eus\\\/wp-content\\\/uploads\\\/2018\\\/10\\\/img-slider.jpg\",\"datePublished\":\"2018-10-09T14:05:07+00:00\",\"dateModified\":\"2018-12-05T15:53:26+00:00\",\"breadcrumb\":{\"@id\":\"https:\\\/\\\/www.goierrieskola.eus\\\/es\\\/gure-enbaxadoreak-jon-elustondo\\\/#breadcrumb\"},\"inLanguage\":\"es\",\"potentialAction\":[{\"@type\":\"ReadAction\",\"target\":[\"https:\\\/\\\/www.goierrieskola.eus\\\/es\\\/gure-enbaxadoreak-jon-elustondo\\\/\"]}]},{\"@type\":\"ImageObject\",\"inLanguage\":\"es\",\"@id\":\"https:\\\/\\\/www.goierrieskola.eus\\\/es\\\/gure-enbaxadoreak-jon-elustondo\\\/#primaryimage\",\"url\":\"https:\\\/\\\/www.goierrieskola.eus\\\/wp-content\\\/uploads\\\/2018\\\/10\\\/img-slider.jpg\",\"contentUrl\":\"https:\\\/\\\/www.goierrieskola.eus\\\/wp-content\\\/uploads\\\/2018\\\/10\\\/img-slider.jpg\",\"width\":4032,\"height\":1554},{\"@type\":\"BreadcrumbList\",\"@id\":\"https:\\\/\\\/www.goierrieskola.eus\\\/es\\\/gure-enbaxadoreak-jon-elustondo\\\/#breadcrumb\",\"itemListElement\":[{\"@type\":\"ListItem\",\"position\":1,\"name\":\"Portada\",\"item\":\"https:\\\/\\\/www.goierrieskola.eus\\\/es\\\/\"},{\"@type\":\"ListItem\",\"position\":2,\"name\":\"GURE ENBAXADOREAK: JON ELUSTONDO\"}]},{\"@type\":\"WebSite\",\"@id\":\"https:\\\/\\\/www.goierrieskola.eus\\\/#website\",\"url\":\"https:\\\/\\\/www.goierrieskola.eus\\\/\",\"name\":\"Goierri Eskola\",\"description\":\"La Web de tu Escuela\",\"publisher\":{\"@id\":\"https:\\\/\\\/www.goierrieskola.eus\\\/#organization\"},\"potentialAction\":[{\"@type\":\"SearchAction\",\"target\":{\"@type\":\"EntryPoint\",\"urlTemplate\":\"https:\\\/\\\/www.goierrieskola.eus\\\/?s={search_term_string}\"},\"query-input\":{\"@type\":\"PropertyValueSpecification\",\"valueRequired\":true,\"valueName\":\"search_term_string\"}}],\"inLanguage\":\"es\"},{\"@type\":\"Organization\",\"@id\":\"https:\\\/\\\/www.goierrieskola.eus\\\/#organization\",\"name\":\"Goierri Eskola\",\"url\":\"https:\\\/\\\/www.goierrieskola.eus\\\/\",\"logo\":{\"@type\":\"ImageObject\",\"inLanguage\":\"es\",\"@id\":\"https:\\\/\\\/www.goierrieskola.eus\\\/#\\\/schema\\\/logo\\\/image\\\/\",\"url\":\"https:\\\/\\\/www.goierrieskola.eus\\\/wp-content\\\/uploads\\\/2014\\\/11\\\/Logo_color.jpg\",\"contentUrl\":\"https:\\\/\\\/www.goierrieskola.eus\\\/wp-content\\\/uploads\\\/2014\\\/11\\\/Logo_color.jpg\",\"width\":227,\"height\":88,\"caption\":\"Goierri Eskola\"},\"image\":{\"@id\":\"https:\\\/\\\/www.goierrieskola.eus\\\/#\\\/schema\\\/logo\\\/image\\\/\"},\"sameAs\":[\"https:\\\/\\\/www.facebook.com\\\/goierrieskola\",\"https:\\\/\\\/x.com\\\/Goierrieskola1\"]},{\"@type\":\"Person\",\"@id\":\"https:\\\/\\\/www.goierrieskola.eus\\\/#\\\/schema\\\/person\\\/b255e8eb1ca976b38e1ee0d39a5cef90\",\"name\":\"goierrieskolaAdm\",\"image\":{\"@type\":\"ImageObject\",\"inLanguage\":\"es\",\"@id\":\"https:\\\/\\\/secure.gravatar.com\\\/avatar\\\/e9fdf651f3112063fea88c97f94fa8ada68ce1854abd481c230f2310134a029e?s=96&d=mm&r=g\",\"url\":\"https:\\\/\\\/secure.gravatar.com\\\/avatar\\\/e9fdf651f3112063fea88c97f94fa8ada68ce1854abd481c230f2310134a029e?s=96&d=mm&r=g\",\"contentUrl\":\"https:\\\/\\\/secure.gravatar.com\\\/avatar\\\/e9fdf651f3112063fea88c97f94fa8ada68ce1854abd481c230f2310134a029e?s=96&d=mm&r=g\",\"caption\":\"goierrieskolaAdm\"},\"url\":\"https:\\\/\\\/www.goierrieskola.eus\\\/es\\\/author\\\/goierrieskolaadm\\\/\"}]}<\/script>\n<!-- \/ Yoast SEO plugin. -->","yoast_head_json":{"title":"GURE ENBAXADOREAK: JON ELUSTONDO - Goierri Eskola","robots":{"index":"index","follow":"follow","max-snippet":"max-snippet:-1","max-image-preview":"max-image-preview:large","max-video-preview":"max-video-preview:-1"},"canonical":"https:\/\/www.goierrieskola.eus\/es\/gure-enbaxadoreak-jon-elustondo\/","og_locale":"es_ES","og_type":"article","og_title":"GURE ENBAXADOREAK: JON ELUSTONDO - Goierri Eskola","og_description":"[vc_row][vc_column][vc_custom_heading text=\u00bbJON ELUSTONDO: exalumno de formaci\u00f3n profesional\u00bb google_fonts=\u00bbfont_family:Raleway%3A100%2C200%2C300%2Cregular%2C500%2C600%2C700%2C800%2C900|font_style:400%20regular%3A400%3Anormal\u00bb][\/vc_column][\/vc_row][vc_row][vc_column width=\u00bb1\/2&#8243;][vc_column_text]El berrobiarra Jon Elustondo tiene 24 a\u00f1os . Recal\u00f3\u00a0 en Goierri Eskola tras hacer el bachillerato en el Instituto Orixe de Tolosa. Opt\u00f3 por cursar\u00a0 Dise\u00f1o en Fabricaci\u00f3n Mec\u00e1nica. Goierri Eskola le dio la oportunidad de realizar pr\u00e1cticas en Irizar donde contin\u00faa trabajando cuatro a\u00f1os despu\u00e9s.[\/vc_column_text][vc_column_text] \u201cAl d\u00eda siguiente de acabar las [&hellip;]","og_url":"https:\/\/www.goierrieskola.eus\/es\/gure-enbaxadoreak-jon-elustondo\/","og_site_name":"Goierri Eskola","article_publisher":"https:\/\/www.facebook.com\/goierrieskola","article_published_time":"2018-10-09T14:05:07+00:00","article_modified_time":"2018-12-05T15:53:26+00:00","og_image":[{"width":4032,"height":1554,"url":"https:\/\/www.goierrieskola.eus\/wp-content\/uploads\/2018\/10\/img-slider.jpg","type":"image\/jpeg"}],"author":"goierrieskolaAdm","twitter_card":"summary_large_image","twitter_creator":"@Goierrieskola1","twitter_site":"@Goierrieskola1","twitter_misc":{"Escrito por":"goierrieskolaAdm","Tiempo de lectura":"5 minutos"},"schema":{"@context":"https:\/\/schema.org","@graph":[{"@type":"Article","@id":"https:\/\/www.goierrieskola.eus\/es\/gure-enbaxadoreak-jon-elustondo\/#article","isPartOf":{"@id":"https:\/\/www.goierrieskola.eus\/es\/gure-enbaxadoreak-jon-elustondo\/"},"author":{"name":"goierrieskolaAdm","@id":"https:\/\/www.goierrieskola.eus\/#\/schema\/person\/b255e8eb1ca976b38e1ee0d39a5cef90"},"headline":"GURE ENBAXADOREAK: JON ELUSTONDO","datePublished":"2018-10-09T14:05:07+00:00","dateModified":"2018-12-05T15:53:26+00:00","mainEntityOfPage":{"@id":"https:\/\/www.goierrieskola.eus\/es\/gure-enbaxadoreak-jon-elustondo\/"},"wordCount":1064,"publisher":{"@id":"https:\/\/www.goierrieskola.eus\/#organization"},"image":{"@id":"https:\/\/www.goierrieskola.eus\/es\/gure-enbaxadoreak-jon-elustondo\/#primaryimage"},"thumbnailUrl":"https:\/\/www.goierrieskola.eus\/wp-content\/uploads\/2018\/10\/img-slider.jpg","articleSection":["Gure Enbaxadoreak"],"inLanguage":"es"},{"@type":"WebPage","@id":"https:\/\/www.goierrieskola.eus\/es\/gure-enbaxadoreak-jon-elustondo\/","url":"https:\/\/www.goierrieskola.eus\/es\/gure-enbaxadoreak-jon-elustondo\/","name":"GURE ENBAXADOREAK: JON ELUSTONDO - Goierri Eskola","isPartOf":{"@id":"https:\/\/www.goierrieskola.eus\/#website"},"primaryImageOfPage":{"@id":"https:\/\/www.goierrieskola.eus\/es\/gure-enbaxadoreak-jon-elustondo\/#primaryimage"},"image":{"@id":"https:\/\/www.goierrieskola.eus\/es\/gure-enbaxadoreak-jon-elustondo\/#primaryimage"},"thumbnailUrl":"https:\/\/www.goierrieskola.eus\/wp-content\/uploads\/2018\/10\/img-slider.jpg","datePublished":"2018-10-09T14:05:07+00:00","dateModified":"2018-12-05T15:53:26+00:00","breadcrumb":{"@id":"https:\/\/www.goierrieskola.eus\/es\/gure-enbaxadoreak-jon-elustondo\/#breadcrumb"},"inLanguage":"es","potentialAction":[{"@type":"ReadAction","target":["https:\/\/www.goierrieskola.eus\/es\/gure-enbaxadoreak-jon-elustondo\/"]}]},{"@type":"ImageObject","inLanguage":"es","@id":"https:\/\/www.goierrieskola.eus\/es\/gure-enbaxadoreak-jon-elustondo\/#primaryimage","url":"https:\/\/www.goierrieskola.eus\/wp-content\/uploads\/2018\/10\/img-slider.jpg","contentUrl":"https:\/\/www.goierrieskola.eus\/wp-content\/uploads\/2018\/10\/img-slider.jpg","width":4032,"height":1554},{"@type":"BreadcrumbList","@id":"https:\/\/www.goierrieskola.eus\/es\/gure-enbaxadoreak-jon-elustondo\/#breadcrumb","itemListElement":[{"@type":"ListItem","position":1,"name":"Portada","item":"https:\/\/www.goierrieskola.eus\/es\/"},{"@type":"ListItem","position":2,"name":"GURE ENBAXADOREAK: JON ELUSTONDO"}]},{"@type":"WebSite","@id":"https:\/\/www.goierrieskola.eus\/#website","url":"https:\/\/www.goierrieskola.eus\/","name":"Goierri Eskola","description":"La Web de tu Escuela","publisher":{"@id":"https:\/\/www.goierrieskola.eus\/#organization"},"potentialAction":[{"@type":"SearchAction","target":{"@type":"EntryPoint","urlTemplate":"https:\/\/www.goierrieskola.eus\/?s={search_term_string}"},"query-input":{"@type":"PropertyValueSpecification","valueRequired":true,"valueName":"search_term_string"}}],"inLanguage":"es"},{"@type":"Organization","@id":"https:\/\/www.goierrieskola.eus\/#organization","name":"Goierri Eskola","url":"https:\/\/www.goierrieskola.eus\/","logo":{"@type":"ImageObject","inLanguage":"es","@id":"https:\/\/www.goierrieskola.eus\/#\/schema\/logo\/image\/","url":"https:\/\/www.goierrieskola.eus\/wp-content\/uploads\/2014\/11\/Logo_color.jpg","contentUrl":"https:\/\/www.goierrieskola.eus\/wp-content\/uploads\/2014\/11\/Logo_color.jpg","width":227,"height":88,"caption":"Goierri Eskola"},"image":{"@id":"https:\/\/www.goierrieskola.eus\/#\/schema\/logo\/image\/"},"sameAs":["https:\/\/www.facebook.com\/goierrieskola","https:\/\/x.com\/Goierrieskola1"]},{"@type":"Person","@id":"https:\/\/www.goierrieskola.eus\/#\/schema\/person\/b255e8eb1ca976b38e1ee0d39a5cef90","name":"goierrieskolaAdm","image":{"@type":"ImageObject","inLanguage":"es","@id":"https:\/\/secure.gravatar.com\/avatar\/e9fdf651f3112063fea88c97f94fa8ada68ce1854abd481c230f2310134a029e?s=96&d=mm&r=g","url":"https:\/\/secure.gravatar.com\/avatar\/e9fdf651f3112063fea88c97f94fa8ada68ce1854abd481c230f2310134a029e?s=96&d=mm&r=g","contentUrl":"https:\/\/secure.gravatar.com\/avatar\/e9fdf651f3112063fea88c97f94fa8ada68ce1854abd481c230f2310134a029e?s=96&d=mm&r=g","caption":"goierrieskolaAdm"},"url":"https:\/\/www.goierrieskola.eus\/es\/author\/goierrieskolaadm\/"}]}},"_links":{"self":[{"href":"https:\/\/www.goierrieskola.eus\/es\/wp-json\/wp\/v2\/posts\/9657","targetHints":{"allow":["GET"]}}],"collection":[{"href":"https:\/\/www.goierrieskola.eus\/es\/wp-json\/wp\/v2\/posts"}],"about":[{"href":"https:\/\/www.goierrieskola.eus\/es\/wp-json\/wp\/v2\/types\/post"}],"author":[{"embeddable":true,"href":"https:\/\/www.goierrieskola.eus\/es\/wp-json\/wp\/v2\/users\/1"}],"replies":[{"embeddable":true,"href":"https:\/\/www.goierrieskola.eus\/es\/wp-json\/wp\/v2\/comments?post=9657"}],"version-history":[{"count":6,"href":"https:\/\/www.goierrieskola.eus\/es\/wp-json\/wp\/v2\/posts\/9657\/revisions"}],"predecessor-version":[{"id":9793,"href":"https:\/\/www.goierrieskola.eus\/es\/wp-json\/wp\/v2\/posts\/9657\/revisions\/9793"}],"wp:featuredmedia":[{"embeddable":true,"href":"https:\/\/www.goierrieskola.eus\/es\/wp-json\/wp\/v2\/media\/9655"}],"wp:attachment":[{"href":"https:\/\/www.goierrieskola.eus\/es\/wp-json\/wp\/v2\/media?parent=9657"}],"wp:term":[{"taxonomy":"category","embeddable":true,"href":"https:\/\/www.goierrieskola.eus\/es\/wp-json\/wp\/v2\/categories?post=9657"},{"taxonomy":"post_tag","embeddable":true,"href":"https:\/\/www.goierrieskola.eus\/es\/wp-json\/wp\/v2\/tags?post=9657"}],"curies":[{"name":"wp","href":"https:\/\/api.w.org\/{rel}","templated":true}]}}