{"id":9750,"date":"2019-09-24T08:41:52","date_gmt":"2019-09-24T08:41:52","guid":{"rendered":"http:\/\/www.goierrieskola.eus\/?p=9750"},"modified":"2019-11-28T16:15:21","modified_gmt":"2019-11-28T16:15:21","slug":"curso-para-desempleados-as-diseno-de-caldereria-y-estructuras-metalicas","status":"publish","type":"post","link":"https:\/\/www.goierrieskola.eus\/es\/curso-para-desempleados-as-diseno-de-caldereria-y-estructuras-metalicas\/","title":{"rendered":"Curso para desempleados\/as: DISE\u00d1O DE CALDERER\u00cdA Y ESTRUCTURAS MET\u00c1LICAS"},"content":{"rendered":"<p>[vc_row][vc_column][vc_custom_heading text=\u00bbCurso para desempleados\/as: DISE\u00d1O DE CALDERER\u00cdA Y ESTRUCTURAS MET\u00c1LICAS<br \/>\nCertificado de Profesionalidad de Nivel 3&#8243; font_container=\u00bbtag:h2|text_align:center\u00bb google_fonts=\u00bbfont_family:Raleway%3A100%2C200%2C300%2Cregular%2C500%2C600%2C700%2C800%2C900|font_style:400%20regular%3A400%3Anormal\u00bb][\/vc_column][\/vc_row][vc_row][vc_column width=\u00bb1\/2&#8243;][vc_row_inner][vc_column_inner][vc_column_text]<\/p>\n<div class=\"kleo_text_column wpb_content_element \">\n<div class=\"wpb_wrapper\">\n<p><strong>COMPETENCIA GENERAL:<\/strong><\/p>\n<p>Dise\u00f1ar y elaborar la documentaci\u00f3n t\u00e9cnica de productos de calderer\u00eda y estructuras met\u00e1licas, partiendo de anteproyectos e instrucciones de ingenier\u00eda b\u00e1sica, cumpliendo la normativa requerida, con criterios de calidad, seguridad y respeto al medio ambiente.<\/p>\n<p><strong>OCUPACIONES O PUESTOS DE TRABAJO RELACIONADOS:<\/strong><\/p>\n<ul>\n<li style=\"text-align: left;\">Delineante proyectista de calderer\u00eda y estructuras met\u00e1licas<\/li>\n<li style=\"text-align: left;\">T\u00e9cnico en CAD de calderer\u00eda y estructuras met\u00e1licas<\/li>\n<li style=\"text-align: left;\">Dise\u00f1ador t\u00e9cnico de calderer\u00eda y estructuras met\u00e1licas<\/li>\n<li style=\"text-align: left;\">Delineante proyectista<\/li>\n<li style=\"text-align: left;\">Dise\u00f1adores T\u00e9cnicos industriales<\/li>\n<li style=\"text-align: left;\">T\u00e9cnicos en calderer\u00eda<\/li>\n<\/ul>\n<p><strong>ENTORNO PROFESIONAL:<\/strong><\/p>\n<p>Este profesional ejerce su actividad en el \u00e1rea espec\u00edfica de dise\u00f1o industrial aplicado al desarrollo t\u00e9cnico de los proyectos de calderer\u00eda y estructuras met\u00e1licas. Trabaja de forma aut\u00f3noma en empresas de tama\u00f1o peque\u00f1o y en proyectos simples; en empresas de tama\u00f1o mediano o grande, depende de niveles superiores y desarrolla su actividad a partir de anteproyectos y especificaciones t\u00e9cnicas.<\/p>\n<p><strong>DIRIGIDO A:<\/strong><\/p>\n<p>Desempleados\/as con una formaci\u00f3n de bachiller o equivalente para cursar un certificado de profesionalidad de Nivel III.<\/p>\n<p><strong>LUGAR, CALENDARIO Y FINANCIACI\u00d3N:<\/strong><\/p>\n<ul>\n<li style=\"text-align: left;\">Lugar de impartici\u00f3n: Goierri Eskola<\/li>\n<li style=\"text-align: left;\">Curso financiado por: Lanbide<\/li>\n<li style=\"text-align: left;\">Duraci\u00f3n: Formaci\u00f3n (620 horas) + Pr\u00e1cticas (hasta 200 horas)<\/li>\n<li style=\"text-align: left;\">Fecha inicio: 09\/12\/2019 (13:30 Presentaci\u00f3n)<\/li>\n<li style=\"text-align: left;\">Fecha fin (la formaci\u00f3n): 10\/06\/2020<\/li>\n<li style=\"text-align: left;\">Pr\u00e1cticas en empresa: 6-7 semanas a partir del 15\/06\/2020<\/li>\n<li style=\"text-align: left;\">Horario: de lunes a viernes de 13:30 a 19:30<\/li>\n<\/ul>\n<p>Aviso: el curso de impartir\u00e1 en castellano<\/p>\n<p><strong>CRITERIOS DE ACCESO Y CONDICIONES:<\/strong><\/p>\n<p>Se realizar\u00e1 un proceso de selecci\u00f3n entre quienes cumplan los requisitos.\u00a0 Se dar\u00e1 prioridad a los\/las que cumplan alguno de los siguientes<strong>:<\/strong><\/p>\n<ul>\n<li style=\"text-align: left;\">Tener superado un ciclo formativo de grado superior o estudios t\u00e9cnicos superiores relacionados con las familias profesionales de:\n<ul>\n<li style=\"text-align: left;\">Fabricaci\u00f3n Mec\u00e1nica<\/li>\n<li style=\"text-align: left;\">Electricidad-Electr\u00f3nica<\/li>\n<li style=\"text-align: left;\">Instalaci\u00f3n y mantenimiento<\/li>\n<\/ul>\n<\/li>\n<li style=\"text-align: left;\">Estudios de ingenier\u00eda<\/li>\n<li style=\"text-align: left;\">Experiencia profesional en el sector industrial superior a 12 meses<\/li>\n<\/ul>\n<p><strong>PARA M\u00c1S INFORMACI\u00d3N E INSCRIPCIONES:<\/strong><\/p>\n<p>Goierri Eskola Tel: 943 880 062<\/p>\n<p>Preguntar por:<\/p>\n<ul>\n<li style=\"text-align: left;\">Amaia Ajuria:\u00a0<strong>aajuria@goierrieskola.eus<\/strong><\/li>\n<li style=\"text-align: left;\">Nerea de la Cruz: <strong>ndelacruz@goierrieskola.eus<\/strong><\/li>\n<\/ul>\n<\/div>\n<\/div>\n<p>[\/vc_column_text][vc_btn title=\u00bbDescargar ficha\u00bb style=\u00bbclassic\u00bb color=\u00bbprimary\u00bb align=\u00bbcenter\u00bb link=\u00bburl:https%3A%2F%2Fdrive.google.com%2Fopen%3Fid%3D10iL6kzFLSpRNUr5ECu1sb5WJyWejmwi2||target:%20_blank|\u00bb][vc_gmaps link=\u00bb#E-8_JTNDaWZyYW1lJTIwc3JjJTNEJTIyaHR0cHMlM0ElMkYlMkZ3d3cuZ29vZ2xlLmNvbSUyRm1hcHMlMkZlbWJlZCUzRnBiJTNEJTIxMW0xOCUyMTFtMTIlMjExbTMlMjExZDI5MTUuNjg1MzIxNzUwODM5JTIxMmQtMi4xODU0NDE5ODQ1MjE3ODYlMjEzZDQzLjA0ODA1MTk3OTE0NjY5JTIxMm0zJTIxMWYwJTIxMmYwJTIxM2YwJTIxM20yJTIxMWkxMDI0JTIxMmk3NjglMjE0ZjEzLjElMjEzbTMlMjExbTIlMjExczB4ZDUwMzY1ODI3MTZkNzRkJTI1M0EweGZmYjczMWRjYTlkMWE2YmQlMjEyc0dvaWVycmklMkJFc2tvbGElMjE1ZTAlMjEzbTIlMjExc2VzJTIxMnNlcyUyMTR2MTQ1NzA3ODk2MjAxNCUyMiUyMHdpZHRoJTNEJTIyNjAwJTIyJTIwaGVpZ2h0JTNEJTIyNDUwJTIyJTIwZnJhbWVib3JkZXIlM0QlMjIwJTIyJTIwc3R5bGUlM0QlMjJib3JkZXIlM0EwJTIyJTIwYWxsb3dmdWxsc2NyZWVuJTNFJTNDJTJGaWZyYW1lJTNF\u00bb][\/vc_column_inner][\/vc_row_inner][\/vc_column][vc_column width=\u00bb1\/2&#8243;][vc_row_inner][vc_column_inner][vc_single_image image=\u00bb8252&#8243; img_size=\u00bb600&#215;200&#8243; style=\u00bbvc_box_rounded\u00bb][vc_column_text]<strong>PROGRAMACI\u00d3N DEL CURSO:<\/strong><\/p>\n<p><strong>CERTIFICADO DE PROFESIONALIDAD &#8211; Nivel 3<br \/>\n<\/strong><\/p>\n<p><strong>Dise\u00f1o de calderer\u00eda y estructuras met\u00e1licas <a href=\"http:\/\/apps.lanbide.euskadi.net\/apps\/CE_DETALLE_CERTIFICADO?LG=C&amp;ML=FORMEN21&amp;MS=Feaba&amp;IDCE=FMEC0208&amp;SVSG=N&amp;IDUS=&amp;ORGN=LG%3DE|ML%3DFORMEN21|MS%3DFeab|IDFA%3DFME|IDAR%3DFMEC\" target=\"_blank\" rel=\"noopener\"><b>FMEC0208<\/b><\/a><br \/>\n<\/strong><\/p>\n<p><strong>620 horas<\/strong><\/p>\n<ol>\n<li style=\"text-align: left;\">MF1145_3: Dise\u00f1o de productos de calderer\u00eda (140 horas)<\/li>\n<li style=\"text-align: left;\">MF1146_3: Dise\u00f1o de productos de estructuras met\u00e1licas (140 horas)<\/li>\n<li style=\"text-align: left;\">MF1147_3: C\u00e1lculos de calderer\u00eda y construcciones met\u00e1licas (170 horas)<\/li>\n<li style=\"text-align: left;\">MF1148_3: Documentaci\u00f3n t\u00e9cnica para productos de construcciones met\u00e1licas (170 horas)<\/li>\n<\/ol>\n<p><strong>Pr\u00e1cticas en empresa: hasta 200 horas<br \/>\n<\/strong>[\/vc_column_text][vc_single_image image=\u00bb8244&#8243; img_size=\u00bb600&#215;200&#8243; style=\u00bbvc_box_rounded\u00bb][vc_single_image image=\u00bb6372&#8243; img_size=\u00bb600&#215;200&#8243; style=\u00bbvc_box_rounded\u00bb][vc_single_image image=\u00bb9375&#8243; img_size=\u00bbmedium\u00bb alignment=\u00bbcenter\u00bb style=\u00bbvc_box_rounded\u00bb][vc_single_image image=\u00bb9376&#8243; img_size=\u00bbmedium\u00bb alignment=\u00bbcenter\u00bb style=\u00bbvc_box_rounded\u00bb][vc_single_image image=\u00bb9374&#8243; img_size=\u00bbmedium\u00bb alignment=\u00bbcenter\u00bb style=\u00bbvc_box_rounded\u00bb][\/vc_column_inner][\/vc_row_inner][\/vc_column][\/vc_row]<\/p>\n","protected":false},"excerpt":{"rendered":"<p>[vc_row][vc_column][vc_custom_heading text=\u00bbCurso para desempleados\/as: DISE\u00d1O DE CALDERER\u00cdA Y ESTRUCTURAS MET\u00c1LICAS Certificado de Profesionalidad de Nivel 3&#8243; font_container=\u00bbtag:h2|text_align:center\u00bb google_fonts=\u00bbfont_family:Raleway%3A100%2C200%2C300%2Cregular%2C500%2C600%2C700%2C800%2C900|font_style:400%20regular%3A400%3Anormal\u00bb][\/vc_column][\/vc_row][vc_row][vc_column width=\u00bb1\/2&#8243;][vc_row_inner][vc_column_inner][vc_column_text] COMPETENCIA GENERAL: Dise\u00f1ar y elaborar la documentaci\u00f3n t\u00e9cnica de productos de calderer\u00eda y estructuras met\u00e1licas, partiendo de anteproyectos e instrucciones de ingenier\u00eda b\u00e1sica, cumpliendo la normativa requerida, con criterios de calidad, seguridad y respeto al medio ambiente. OCUPACIONES O PUESTOS DE [&hellip;]<\/p>\n","protected":false},"author":1,"featured_media":8151,"comment_status":"closed","ping_status":"closed","sticky":false,"template":"","format":"standard","meta":{"footnotes":""},"categories":[111],"tags":[],"class_list":["post-9750","post","type-post","status-publish","format-standard","has-post-thumbnail","hentry","category-ikastaroak-es"],"yoast_head":"<!-- This site is optimized with the Yoast SEO plugin v27.4 - https:\/\/yoast.com\/product\/yoast-seo-wordpress\/ -->\n<title>Curso para desempleados\/as: DISE\u00d1O DE CALDERER\u00cdA Y ESTRUCTURAS MET\u00c1LICAS - Goierri Eskola<\/title>\n<meta name=\"robots\" content=\"index, follow, max-snippet:-1, max-image-preview:large, max-video-preview:-1\" \/>\n<link rel=\"canonical\" href=\"https:\/\/www.goierrieskola.eus\/es\/curso-para-desempleados-as-diseno-de-caldereria-y-estructuras-metalicas\/\" \/>\n<meta property=\"og:locale\" content=\"es_ES\" \/>\n<meta property=\"og:type\" content=\"article\" \/>\n<meta property=\"og:title\" content=\"Curso para desempleados\/as: DISE\u00d1O DE CALDERER\u00cdA Y ESTRUCTURAS MET\u00c1LICAS - Goierri Eskola\" \/>\n<meta property=\"og:description\" content=\"[vc_row][vc_column][vc_custom_heading text=\u00bbCurso para desempleados\/as: DISE\u00d1O DE CALDERER\u00cdA Y ESTRUCTURAS MET\u00c1LICAS Certificado de Profesionalidad de Nivel 3&#8243; font_container=\u00bbtag:h2|text_align:center\u00bb google_fonts=\u00bbfont_family:Raleway%3A100%2C200%2C300%2Cregular%2C500%2C600%2C700%2C800%2C900|font_style:400%20regular%3A400%3Anormal\u00bb][\/vc_column][\/vc_row][vc_row][vc_column width=\u00bb1\/2&#8243;][vc_row_inner][vc_column_inner][vc_column_text] COMPETENCIA GENERAL: Dise\u00f1ar y elaborar la documentaci\u00f3n t\u00e9cnica de productos de calderer\u00eda y estructuras met\u00e1licas, partiendo de anteproyectos e instrucciones de ingenier\u00eda b\u00e1sica, cumpliendo la normativa requerida, con criterios de calidad, seguridad y respeto al medio ambiente. OCUPACIONES O PUESTOS DE [&hellip;]\" \/>\n<meta property=\"og:url\" content=\"https:\/\/www.goierrieskola.eus\/es\/curso-para-desempleados-as-diseno-de-caldereria-y-estructuras-metalicas\/\" \/>\n<meta property=\"og:site_name\" content=\"Goierri Eskola\" \/>\n<meta property=\"article:publisher\" content=\"https:\/\/www.facebook.com\/goierrieskola\" \/>\n<meta property=\"article:published_time\" content=\"2019-09-24T08:41:52+00:00\" \/>\n<meta property=\"article:modified_time\" content=\"2019-11-28T16:15:21+00:00\" \/>\n<meta property=\"og:image\" content=\"https:\/\/www.goierrieskola.eus\/wp-content\/uploads\/2015\/01\/Eraikuntza_metalikoak.jpg\" \/>\n\t<meta property=\"og:image:width\" content=\"1387\" \/>\n\t<meta property=\"og:image:height\" content=\"493\" \/>\n\t<meta property=\"og:image:type\" content=\"image\/jpeg\" \/>\n<meta name=\"author\" content=\"goierrieskolaAdm\" \/>\n<meta name=\"twitter:card\" content=\"summary_large_image\" \/>\n<meta name=\"twitter:creator\" content=\"@Goierrieskola1\" \/>\n<meta name=\"twitter:site\" content=\"@Goierrieskola1\" \/>\n<meta name=\"twitter:label1\" content=\"Escrito por\" \/>\n\t<meta name=\"twitter:data1\" content=\"goierrieskolaAdm\" \/>\n\t<meta name=\"twitter:label2\" content=\"Tiempo de lectura\" \/>\n\t<meta name=\"twitter:data2\" content=\"3 minutos\" \/>\n<script type=\"application\/ld+json\" class=\"yoast-schema-graph\">{\"@context\":\"https:\\\/\\\/schema.org\",\"@graph\":[{\"@type\":\"Article\",\"@id\":\"https:\\\/\\\/www.goierrieskola.eus\\\/es\\\/curso-para-desempleados-as-diseno-de-caldereria-y-estructuras-metalicas\\\/#article\",\"isPartOf\":{\"@id\":\"https:\\\/\\\/www.goierrieskola.eus\\\/es\\\/curso-para-desempleados-as-diseno-de-caldereria-y-estructuras-metalicas\\\/\"},\"author\":{\"name\":\"goierrieskolaAdm\",\"@id\":\"https:\\\/\\\/www.goierrieskola.eus\\\/#\\\/schema\\\/person\\\/b255e8eb1ca976b38e1ee0d39a5cef90\"},\"headline\":\"Curso para desempleados\\\/as: DISE\u00d1O DE CALDERER\u00cdA Y ESTRUCTURAS MET\u00c1LICAS\",\"datePublished\":\"2019-09-24T08:41:52+00:00\",\"dateModified\":\"2019-11-28T16:15:21+00:00\",\"mainEntityOfPage\":{\"@id\":\"https:\\\/\\\/www.goierrieskola.eus\\\/es\\\/curso-para-desempleados-as-diseno-de-caldereria-y-estructuras-metalicas\\\/\"},\"wordCount\":684,\"publisher\":{\"@id\":\"https:\\\/\\\/www.goierrieskola.eus\\\/#organization\"},\"image\":{\"@id\":\"https:\\\/\\\/www.goierrieskola.eus\\\/es\\\/curso-para-desempleados-as-diseno-de-caldereria-y-estructuras-metalicas\\\/#primaryimage\"},\"thumbnailUrl\":\"https:\\\/\\\/www.goierrieskola.eus\\\/wp-content\\\/uploads\\\/2015\\\/01\\\/Eraikuntza_metalikoak-e1713274834515.jpg\",\"articleSection\":[\"Ikastaroak\"],\"inLanguage\":\"es\"},{\"@type\":\"WebPage\",\"@id\":\"https:\\\/\\\/www.goierrieskola.eus\\\/es\\\/curso-para-desempleados-as-diseno-de-caldereria-y-estructuras-metalicas\\\/\",\"url\":\"https:\\\/\\\/www.goierrieskola.eus\\\/es\\\/curso-para-desempleados-as-diseno-de-caldereria-y-estructuras-metalicas\\\/\",\"name\":\"Curso para desempleados\\\/as: DISE\u00d1O DE CALDERER\u00cdA Y ESTRUCTURAS MET\u00c1LICAS - Goierri Eskola\",\"isPartOf\":{\"@id\":\"https:\\\/\\\/www.goierrieskola.eus\\\/#website\"},\"primaryImageOfPage\":{\"@id\":\"https:\\\/\\\/www.goierrieskola.eus\\\/es\\\/curso-para-desempleados-as-diseno-de-caldereria-y-estructuras-metalicas\\\/#primaryimage\"},\"image\":{\"@id\":\"https:\\\/\\\/www.goierrieskola.eus\\\/es\\\/curso-para-desempleados-as-diseno-de-caldereria-y-estructuras-metalicas\\\/#primaryimage\"},\"thumbnailUrl\":\"https:\\\/\\\/www.goierrieskola.eus\\\/wp-content\\\/uploads\\\/2015\\\/01\\\/Eraikuntza_metalikoak-e1713274834515.jpg\",\"datePublished\":\"2019-09-24T08:41:52+00:00\",\"dateModified\":\"2019-11-28T16:15:21+00:00\",\"breadcrumb\":{\"@id\":\"https:\\\/\\\/www.goierrieskola.eus\\\/es\\\/curso-para-desempleados-as-diseno-de-caldereria-y-estructuras-metalicas\\\/#breadcrumb\"},\"inLanguage\":\"es\",\"potentialAction\":[{\"@type\":\"ReadAction\",\"target\":[\"https:\\\/\\\/www.goierrieskola.eus\\\/es\\\/curso-para-desempleados-as-diseno-de-caldereria-y-estructuras-metalicas\\\/\"]}]},{\"@type\":\"ImageObject\",\"inLanguage\":\"es\",\"@id\":\"https:\\\/\\\/www.goierrieskola.eus\\\/es\\\/curso-para-desempleados-as-diseno-de-caldereria-y-estructuras-metalicas\\\/#primaryimage\",\"url\":\"https:\\\/\\\/www.goierrieskola.eus\\\/wp-content\\\/uploads\\\/2015\\\/01\\\/Eraikuntza_metalikoak-e1713274834515.jpg\",\"contentUrl\":\"https:\\\/\\\/www.goierrieskola.eus\\\/wp-content\\\/uploads\\\/2015\\\/01\\\/Eraikuntza_metalikoak-e1713274834515.jpg\",\"width\":1037,\"height\":379},{\"@type\":\"BreadcrumbList\",\"@id\":\"https:\\\/\\\/www.goierrieskola.eus\\\/es\\\/curso-para-desempleados-as-diseno-de-caldereria-y-estructuras-metalicas\\\/#breadcrumb\",\"itemListElement\":[{\"@type\":\"ListItem\",\"position\":1,\"name\":\"Portada\",\"item\":\"https:\\\/\\\/www.goierrieskola.eus\\\/es\\\/\"},{\"@type\":\"ListItem\",\"position\":2,\"name\":\"Curso para desempleados\\\/as: DISE\u00d1O DE CALDERER\u00cdA Y ESTRUCTURAS MET\u00c1LICAS\"}]},{\"@type\":\"WebSite\",\"@id\":\"https:\\\/\\\/www.goierrieskola.eus\\\/#website\",\"url\":\"https:\\\/\\\/www.goierrieskola.eus\\\/\",\"name\":\"Goierri Eskola\",\"description\":\"La Web de tu Escuela\",\"publisher\":{\"@id\":\"https:\\\/\\\/www.goierrieskola.eus\\\/#organization\"},\"potentialAction\":[{\"@type\":\"SearchAction\",\"target\":{\"@type\":\"EntryPoint\",\"urlTemplate\":\"https:\\\/\\\/www.goierrieskola.eus\\\/?s={search_term_string}\"},\"query-input\":{\"@type\":\"PropertyValueSpecification\",\"valueRequired\":true,\"valueName\":\"search_term_string\"}}],\"inLanguage\":\"es\"},{\"@type\":\"Organization\",\"@id\":\"https:\\\/\\\/www.goierrieskola.eus\\\/#organization\",\"name\":\"Goierri Eskola\",\"url\":\"https:\\\/\\\/www.goierrieskola.eus\\\/\",\"logo\":{\"@type\":\"ImageObject\",\"inLanguage\":\"es\",\"@id\":\"https:\\\/\\\/www.goierrieskola.eus\\\/#\\\/schema\\\/logo\\\/image\\\/\",\"url\":\"https:\\\/\\\/www.goierrieskola.eus\\\/wp-content\\\/uploads\\\/2014\\\/11\\\/Logo_color.jpg\",\"contentUrl\":\"https:\\\/\\\/www.goierrieskola.eus\\\/wp-content\\\/uploads\\\/2014\\\/11\\\/Logo_color.jpg\",\"width\":227,\"height\":88,\"caption\":\"Goierri Eskola\"},\"image\":{\"@id\":\"https:\\\/\\\/www.goierrieskola.eus\\\/#\\\/schema\\\/logo\\\/image\\\/\"},\"sameAs\":[\"https:\\\/\\\/www.facebook.com\\\/goierrieskola\",\"https:\\\/\\\/x.com\\\/Goierrieskola1\"]},{\"@type\":\"Person\",\"@id\":\"https:\\\/\\\/www.goierrieskola.eus\\\/#\\\/schema\\\/person\\\/b255e8eb1ca976b38e1ee0d39a5cef90\",\"name\":\"goierrieskolaAdm\",\"image\":{\"@type\":\"ImageObject\",\"inLanguage\":\"es\",\"@id\":\"https:\\\/\\\/secure.gravatar.com\\\/avatar\\\/e9fdf651f3112063fea88c97f94fa8ada68ce1854abd481c230f2310134a029e?s=96&d=mm&r=g\",\"url\":\"https:\\\/\\\/secure.gravatar.com\\\/avatar\\\/e9fdf651f3112063fea88c97f94fa8ada68ce1854abd481c230f2310134a029e?s=96&d=mm&r=g\",\"contentUrl\":\"https:\\\/\\\/secure.gravatar.com\\\/avatar\\\/e9fdf651f3112063fea88c97f94fa8ada68ce1854abd481c230f2310134a029e?s=96&d=mm&r=g\",\"caption\":\"goierrieskolaAdm\"},\"url\":\"https:\\\/\\\/www.goierrieskola.eus\\\/es\\\/author\\\/goierrieskolaadm\\\/\"}]}<\/script>\n<!-- \/ Yoast SEO plugin. -->","yoast_head_json":{"title":"Curso para desempleados\/as: DISE\u00d1O DE CALDERER\u00cdA Y ESTRUCTURAS MET\u00c1LICAS - Goierri Eskola","robots":{"index":"index","follow":"follow","max-snippet":"max-snippet:-1","max-image-preview":"max-image-preview:large","max-video-preview":"max-video-preview:-1"},"canonical":"https:\/\/www.goierrieskola.eus\/es\/curso-para-desempleados-as-diseno-de-caldereria-y-estructuras-metalicas\/","og_locale":"es_ES","og_type":"article","og_title":"Curso para desempleados\/as: DISE\u00d1O DE CALDERER\u00cdA Y ESTRUCTURAS MET\u00c1LICAS - Goierri Eskola","og_description":"[vc_row][vc_column][vc_custom_heading text=\u00bbCurso para desempleados\/as: DISE\u00d1O DE CALDERER\u00cdA Y ESTRUCTURAS MET\u00c1LICAS Certificado de Profesionalidad de Nivel 3&#8243; font_container=\u00bbtag:h2|text_align:center\u00bb google_fonts=\u00bbfont_family:Raleway%3A100%2C200%2C300%2Cregular%2C500%2C600%2C700%2C800%2C900|font_style:400%20regular%3A400%3Anormal\u00bb][\/vc_column][\/vc_row][vc_row][vc_column width=\u00bb1\/2&#8243;][vc_row_inner][vc_column_inner][vc_column_text] COMPETENCIA GENERAL: Dise\u00f1ar y elaborar la documentaci\u00f3n t\u00e9cnica de productos de calderer\u00eda y estructuras met\u00e1licas, partiendo de anteproyectos e instrucciones de ingenier\u00eda b\u00e1sica, cumpliendo la normativa requerida, con criterios de calidad, seguridad y respeto al medio ambiente. OCUPACIONES O PUESTOS DE [&hellip;]","og_url":"https:\/\/www.goierrieskola.eus\/es\/curso-para-desempleados-as-diseno-de-caldereria-y-estructuras-metalicas\/","og_site_name":"Goierri Eskola","article_publisher":"https:\/\/www.facebook.com\/goierrieskola","article_published_time":"2019-09-24T08:41:52+00:00","article_modified_time":"2019-11-28T16:15:21+00:00","og_image":[{"width":1387,"height":493,"url":"https:\/\/www.goierrieskola.eus\/wp-content\/uploads\/2015\/01\/Eraikuntza_metalikoak.jpg","type":"image\/jpeg"}],"author":"goierrieskolaAdm","twitter_card":"summary_large_image","twitter_creator":"@Goierrieskola1","twitter_site":"@Goierrieskola1","twitter_misc":{"Escrito por":"goierrieskolaAdm","Tiempo de lectura":"3 minutos"},"schema":{"@context":"https:\/\/schema.org","@graph":[{"@type":"Article","@id":"https:\/\/www.goierrieskola.eus\/es\/curso-para-desempleados-as-diseno-de-caldereria-y-estructuras-metalicas\/#article","isPartOf":{"@id":"https:\/\/www.goierrieskola.eus\/es\/curso-para-desempleados-as-diseno-de-caldereria-y-estructuras-metalicas\/"},"author":{"name":"goierrieskolaAdm","@id":"https:\/\/www.goierrieskola.eus\/#\/schema\/person\/b255e8eb1ca976b38e1ee0d39a5cef90"},"headline":"Curso para desempleados\/as: DISE\u00d1O DE CALDERER\u00cdA Y ESTRUCTURAS MET\u00c1LICAS","datePublished":"2019-09-24T08:41:52+00:00","dateModified":"2019-11-28T16:15:21+00:00","mainEntityOfPage":{"@id":"https:\/\/www.goierrieskola.eus\/es\/curso-para-desempleados-as-diseno-de-caldereria-y-estructuras-metalicas\/"},"wordCount":684,"publisher":{"@id":"https:\/\/www.goierrieskola.eus\/#organization"},"image":{"@id":"https:\/\/www.goierrieskola.eus\/es\/curso-para-desempleados-as-diseno-de-caldereria-y-estructuras-metalicas\/#primaryimage"},"thumbnailUrl":"https:\/\/www.goierrieskola.eus\/wp-content\/uploads\/2015\/01\/Eraikuntza_metalikoak-e1713274834515.jpg","articleSection":["Ikastaroak"],"inLanguage":"es"},{"@type":"WebPage","@id":"https:\/\/www.goierrieskola.eus\/es\/curso-para-desempleados-as-diseno-de-caldereria-y-estructuras-metalicas\/","url":"https:\/\/www.goierrieskola.eus\/es\/curso-para-desempleados-as-diseno-de-caldereria-y-estructuras-metalicas\/","name":"Curso para desempleados\/as: DISE\u00d1O DE CALDERER\u00cdA Y ESTRUCTURAS MET\u00c1LICAS - Goierri Eskola","isPartOf":{"@id":"https:\/\/www.goierrieskola.eus\/#website"},"primaryImageOfPage":{"@id":"https:\/\/www.goierrieskola.eus\/es\/curso-para-desempleados-as-diseno-de-caldereria-y-estructuras-metalicas\/#primaryimage"},"image":{"@id":"https:\/\/www.goierrieskola.eus\/es\/curso-para-desempleados-as-diseno-de-caldereria-y-estructuras-metalicas\/#primaryimage"},"thumbnailUrl":"https:\/\/www.goierrieskola.eus\/wp-content\/uploads\/2015\/01\/Eraikuntza_metalikoak-e1713274834515.jpg","datePublished":"2019-09-24T08:41:52+00:00","dateModified":"2019-11-28T16:15:21+00:00","breadcrumb":{"@id":"https:\/\/www.goierrieskola.eus\/es\/curso-para-desempleados-as-diseno-de-caldereria-y-estructuras-metalicas\/#breadcrumb"},"inLanguage":"es","potentialAction":[{"@type":"ReadAction","target":["https:\/\/www.goierrieskola.eus\/es\/curso-para-desempleados-as-diseno-de-caldereria-y-estructuras-metalicas\/"]}]},{"@type":"ImageObject","inLanguage":"es","@id":"https:\/\/www.goierrieskola.eus\/es\/curso-para-desempleados-as-diseno-de-caldereria-y-estructuras-metalicas\/#primaryimage","url":"https:\/\/www.goierrieskola.eus\/wp-content\/uploads\/2015\/01\/Eraikuntza_metalikoak-e1713274834515.jpg","contentUrl":"https:\/\/www.goierrieskola.eus\/wp-content\/uploads\/2015\/01\/Eraikuntza_metalikoak-e1713274834515.jpg","width":1037,"height":379},{"@type":"BreadcrumbList","@id":"https:\/\/www.goierrieskola.eus\/es\/curso-para-desempleados-as-diseno-de-caldereria-y-estructuras-metalicas\/#breadcrumb","itemListElement":[{"@type":"ListItem","position":1,"name":"Portada","item":"https:\/\/www.goierrieskola.eus\/es\/"},{"@type":"ListItem","position":2,"name":"Curso para desempleados\/as: DISE\u00d1O DE CALDERER\u00cdA Y ESTRUCTURAS MET\u00c1LICAS"}]},{"@type":"WebSite","@id":"https:\/\/www.goierrieskola.eus\/#website","url":"https:\/\/www.goierrieskola.eus\/","name":"Goierri Eskola","description":"La Web de tu Escuela","publisher":{"@id":"https:\/\/www.goierrieskola.eus\/#organization"},"potentialAction":[{"@type":"SearchAction","target":{"@type":"EntryPoint","urlTemplate":"https:\/\/www.goierrieskola.eus\/?s={search_term_string}"},"query-input":{"@type":"PropertyValueSpecification","valueRequired":true,"valueName":"search_term_string"}}],"inLanguage":"es"},{"@type":"Organization","@id":"https:\/\/www.goierrieskola.eus\/#organization","name":"Goierri Eskola","url":"https:\/\/www.goierrieskola.eus\/","logo":{"@type":"ImageObject","inLanguage":"es","@id":"https:\/\/www.goierrieskola.eus\/#\/schema\/logo\/image\/","url":"https:\/\/www.goierrieskola.eus\/wp-content\/uploads\/2014\/11\/Logo_color.jpg","contentUrl":"https:\/\/www.goierrieskola.eus\/wp-content\/uploads\/2014\/11\/Logo_color.jpg","width":227,"height":88,"caption":"Goierri Eskola"},"image":{"@id":"https:\/\/www.goierrieskola.eus\/#\/schema\/logo\/image\/"},"sameAs":["https:\/\/www.facebook.com\/goierrieskola","https:\/\/x.com\/Goierrieskola1"]},{"@type":"Person","@id":"https:\/\/www.goierrieskola.eus\/#\/schema\/person\/b255e8eb1ca976b38e1ee0d39a5cef90","name":"goierrieskolaAdm","image":{"@type":"ImageObject","inLanguage":"es","@id":"https:\/\/secure.gravatar.com\/avatar\/e9fdf651f3112063fea88c97f94fa8ada68ce1854abd481c230f2310134a029e?s=96&d=mm&r=g","url":"https:\/\/secure.gravatar.com\/avatar\/e9fdf651f3112063fea88c97f94fa8ada68ce1854abd481c230f2310134a029e?s=96&d=mm&r=g","contentUrl":"https:\/\/secure.gravatar.com\/avatar\/e9fdf651f3112063fea88c97f94fa8ada68ce1854abd481c230f2310134a029e?s=96&d=mm&r=g","caption":"goierrieskolaAdm"},"url":"https:\/\/www.goierrieskola.eus\/es\/author\/goierrieskolaadm\/"}]}},"_links":{"self":[{"href":"https:\/\/www.goierrieskola.eus\/es\/wp-json\/wp\/v2\/posts\/9750","targetHints":{"allow":["GET"]}}],"collection":[{"href":"https:\/\/www.goierrieskola.eus\/es\/wp-json\/wp\/v2\/posts"}],"about":[{"href":"https:\/\/www.goierrieskola.eus\/es\/wp-json\/wp\/v2\/types\/post"}],"author":[{"embeddable":true,"href":"https:\/\/www.goierrieskola.eus\/es\/wp-json\/wp\/v2\/users\/1"}],"replies":[{"embeddable":true,"href":"https:\/\/www.goierrieskola.eus\/es\/wp-json\/wp\/v2\/comments?post=9750"}],"version-history":[{"count":18,"href":"https:\/\/www.goierrieskola.eus\/es\/wp-json\/wp\/v2\/posts\/9750\/revisions"}],"predecessor-version":[{"id":10468,"href":"https:\/\/www.goierrieskola.eus\/es\/wp-json\/wp\/v2\/posts\/9750\/revisions\/10468"}],"wp:featuredmedia":[{"embeddable":true,"href":"https:\/\/www.goierrieskola.eus\/es\/wp-json\/wp\/v2\/media\/8151"}],"wp:attachment":[{"href":"https:\/\/www.goierrieskola.eus\/es\/wp-json\/wp\/v2\/media?parent=9750"}],"wp:term":[{"taxonomy":"category","embeddable":true,"href":"https:\/\/www.goierrieskola.eus\/es\/wp-json\/wp\/v2\/categories?post=9750"},{"taxonomy":"post_tag","embeddable":true,"href":"https:\/\/www.goierrieskola.eus\/es\/wp-json\/wp\/v2\/tags?post=9750"}],"curies":[{"name":"wp","href":"https:\/\/api.w.org\/{rel}","templated":true}]}}