{"id":9852,"date":"2019-01-17T10:15:42","date_gmt":"2019-01-17T10:15:42","guid":{"rendered":"http:\/\/www.goierrieskola.eus\/?p=9852"},"modified":"2019-01-17T14:59:16","modified_gmt":"2019-01-17T14:59:16","slug":"gure-enbaxadoreak-raquel-de-oliveira","status":"publish","type":"post","link":"https:\/\/www.goierrieskola.eus\/es\/gure-enbaxadoreak-raquel-de-oliveira\/","title":{"rendered":"GURE ENBAXADOREAK: RAQUEL DE OLIVEIRA"},"content":{"rendered":"<p>[vc_row][vc_column][vc_custom_heading text=\u00bbRAQUEL DE OLIVEIRA: Exalumna de Formaci\u00f3n Profesional\u00bb google_fonts=\u00bbfont_family:Raleway%3A100%2C200%2C300%2Cregular%2C500%2C600%2C700%2C800%2C900&#8243;][\/vc_column][\/vc_row][vc_row][vc_column width=\u00bb1\/2&#8243;]<div  class=\"kleo-gap\" style=\"height:40px;line-height:40px;\"><\/div>[vc_column_text]<em>Raquel de Oliveira, ordiziarra, mueve\u00a0 ficha r\u00e1pido si algo no le gusta o ve que tiene que cambiar. No para hasta encontrar aquello que busca. Antes y ahora. Se aburr\u00eda en clase. Abandon\u00f3 los estudios de secundaria y se matricul\u00f3 en Goierri Eskola para obtener el t\u00edtulo b\u00e1sico en Cocina y Restauraci\u00f3n. Encontr\u00f3 su sitio y sigui\u00f3 con un ciclo de grado medio, el de\u00a0 atenci\u00f3n a personas en situaci\u00f3n de dependencia. En la actualidad \u00a0trabaja en la residencia para personas mayores de Segura. Contin\u00faa aprendiendo. <\/em>[\/vc_column_text][vc_column_text]<\/p>\n<blockquote>\n<h2><strong>\u201cSin un t\u00edtulo, no vas a ninguna parte\u201d<\/strong><\/h2>\n<\/blockquote>\n<p><strong>\u00bfQu\u00e9 haces ahora mismo?<\/strong><\/p>\n<p>Estoy realizando un ciclo de grado superior en Hernani, el de Animaci\u00f3n Sociocultural. Y a la vez, trabajo en la residencia de Segura como auxiliar. Estoy contenta.<\/p>\n<p><strong>Pero tu experiencia con la Formaci\u00f3n Profesional no es nueva. \u00bfC\u00f3mo llegaste a Goierri Eskola?<\/strong><\/p>\n<p>Tras pasar mi infancia en el colegio Urdaneta de Ordizia, pas\u00e9 al instituto, pero en 3\u00ba de ESO decid\u00ed abandonarlo y vine a Goierri Eskola a estudiar cocina. As\u00ed obtuve el titulo de secundaria.<\/p>\n<p><strong>\u00bfQu\u00e9 ocurri\u00f3 para que dejaras el instituto?<\/strong><\/p>\n<p>Era vaga. No era otra cosa. Me aburr\u00eda en clase y no me gustaba estudiar. Soy muy activa y como me hartaba, no obedec\u00eda a los profesores. En el instituto Oianguren me hablaron de la posibilidad de hacer cocina en Goierri Eskola y me anim\u00e9. Conoc\u00eda la escuela pero no su oferta.<\/p>\n<p><strong>\u00bfTe cost\u00f3 mucho tomar la decisi\u00f3n?<\/strong><\/p>\n<p>No. Ten\u00eda 16 a\u00f1os y ya hab\u00eda repetido un curso. No me ve\u00eda centrada. He sido una mala estudiante.<\/p>\n<p><strong>No encontrabas tu sitio en el instituto. \u00bfY en Goierri Eskola, s\u00ed?<\/strong><\/p>\n<p>Pues s\u00ed. Es verdad que todas las asignaturas no eran iguales. Me gustaban las matem\u00e1ticas y el ingl\u00e9s. Pero cuando comenc\u00e9 a hacer el ciclo de cocina me sent\u00ed mucho mejor. Form\u00e1bamos un grupo peque\u00f1o y surgi\u00f3 entre nosotros un clima de confianza que me gustaba. La materia de cada asignatura tampoco\u00a0 era para tanto. Yo no sab\u00eda ni fre\u00edr\u00a0 un huevo y me sirvi\u00f3 para aprender algo nuevo. Fue un inicio, una base.<\/p>\n<p><strong>\u00bfTe has arrepentido de dejar el instituto?<\/strong><\/p>\n<p>No. Estaba en una burbuja, totalmente bloqueada. Cuando llegu\u00e9 a Goierri Eskola pens\u00e9 que ya era hora de hacer las cosas de otra manera. Los profesores estaban muy encima y nos motivaban un mont\u00f3n. Los mejores profesores de mi vida los he tenido en Goierri Eskola. Tengo muy buenos recuerdos.<\/p>\n<p><strong>Tras finalizar el ciclo de cocina, continuaste con otro ciclo, esta <\/strong><strong>vez de Grado Medio\u2026<\/strong><\/p>\n<p>La profesora Idoia Otaegi me coment\u00f3 que iban a poner en marcha el ciclo de atenci\u00f3n a personas dependientes. Me gusta la gente y m\u00e1s trabajar con y para la gente. As\u00ed que pens\u00e9 que era una buena idea. Al principio me asust\u00e9, pero con la ayuda de Idoia segu\u00ed adelante y acabe satisfecha. Y me fui a Lisboa a hacer pr\u00e1cticas.<\/p>\n<p><strong>\u00bfC\u00f3mo te surgi\u00f3 esa oportunidad?<\/strong><\/p>\n<p>Mis padres son portugueses y tengo all\u00ed a mi abuela. Entend\u00eda el portugu\u00e9s pero no era capaz de hablarlo. Consult\u00e9 en la escuela si pod\u00eda ir a Lisboa\u00a0 a trav\u00e9s del programa Erasmus y la respuesta fue afirmativa. Estuve tres meses trabajando en una residencia y la verdad es que fue una experiencia muy enriquecedora. Me fui con una amiga de Zaldibia con la que compart\u00eda piso. Anteriormente siempre hab\u00eda ido de vacaciones y el hecho de vivir una temporada\u00a0 trabajando me dio otra perspectiva.<\/p>\n<p><strong>Y la abuela feliz\u2026<\/strong><\/p>\n<p>Mucho. La visitaba todas las semanas.<\/p>\n<p><strong>Y de vuelta, \u00bfqu\u00e9 te deparaba el mercad o laboral?<\/strong><\/p>\n<p>Comenc\u00e9 un ciclo de grado superior. Integraci\u00f3n Social. Pero no me gust\u00f3 y lo dej\u00e9 al cabo de dos meses. Estuve trabajando en supermercados y cafeter\u00edas hasta que me llamaron de la Residencia San Juan de Segura. Idoia Otaegi me hab\u00eda comentado que necesitaban a gente y que enviara el curriculum. Me insert\u00e9 en abril del a\u00f1o pasado y all\u00ed sigo. Estoy contenta. Soy la m\u00e1s joven de la casa y en cierto sentido, aire fresco para los residentes.<\/p>\n<p>Tambi\u00e9n me siento un poco cansada ahora mismo porque a las ma\u00f1anas voy a clase y a las tardes al trabajo. Es, adem\u00e1s, un trabajo muy f\u00edsico.<\/p>\n<p><strong>F\u00edsico y mental \u00bfno crees?<\/strong><\/p>\n<p>Tambi\u00e9n. Pero me dan mucho los aiton-amonas. Muchas veces llego a casa y pienso: \u201cQue me ha pedido un beso antes de acostarse\u2026\u201d. No pides un beso a cualquiera. Es bonito intentar hacerles un poco m\u00e1s felices en la \u00faltima etapa de sus vidas.<\/p>\n<p>Siempre he querido estudiar educaci\u00f3n infantil y ahora que lo pienso, creo que me resultar\u00eda demasiado duro trabajar con ni\u00f1as o ni\u00f1os que tuvieran problemas. Con las personas mayores comprendes m\u00e1s f\u00e1cilmente que es el ciclo de vida que les toca vivir con todo lo que ello conlleva.<\/p>\n<p><strong>Intentar hacer su d\u00eda a d\u00eda m\u00e1s alegre es tambi\u00e9n una cuesti\u00f3n de valores.<\/strong><\/p>\n<p>Realmente lo que hace falta es paciencia. Y energ\u00eda.<\/p>\n<p><strong>\u00bfD\u00f3nde te ves en un futuro?<\/strong><\/p>\n<p>A ver lo que surge. Dentro de la animaci\u00f3n sociocultural me gusta mucho el teatro por ejemplo.<\/p>\n<p><strong>Se dice que hoy en d\u00eda no se puede dejar de aprender y de renovarse, algo que t\u00fa lo llevas haciendo desde siempre. <\/strong><\/p>\n<p>Lo intento. A veces me siento un poco perdida pero pienso:\u00a0 vamos avanzando. Quiero hacer un mont\u00f3n de cosas. Siempre intento sentirme c\u00f3moda con\u00a0 lo que estoy haciendo. Y si no, busco un cambio.<\/p>\n<p><strong>Tienes una personalidad \u00a0muy activa.<\/strong><\/p>\n<p>Me viene de mi madre. Siempre nos ha inculcado la idea de lo importante que es aprender y ser capaces de arregl\u00e1rnoslas por nuestra cuenta sin estar pidiendo nada a nadie. Somos seis hermanos y todos somos\u00a0 trabajadores. Hemos tenido una gran suerte por todo lo que nos han ense\u00f1ado en casa.<\/p>\n<p><strong>\u00bfQu\u00e9 le dir\u00edas a quien se pueda sentir en ESO como te sent\u00edas t\u00fa?<\/strong><\/p>\n<p>Que estudie. Que sin formaci\u00f3n, no puede\u00a0 ir a ninguna parte. Adem\u00e1s, el hacer un ciclo de Formaci\u00f3n Profesional\u00a0 te abre las puertas al mercado laboral. Es lo que veo a mi alrededor. Yo y todos mis hermanos hemos optado por la Formaci\u00f3n Profesional y todos estamos trabajando. Dos de mis hermanos tambi\u00e9n han estudiado cocina en Goierri Eskola. Estuve trabajando en la cafeter\u00eda de la escuela.[\/vc_column_text][\/vc_column][vc_column width=\u00bb1\/2&#8243;][vc_single_image image=\u00bb9847&#8243; img_size=\u00bb600&#215;200&#8243; alignment=\u00bbcenter\u00bb]<div  class=\"kleo-gap\" style=\"height:150px;line-height:150px;\"><\/div>[vc_single_image image=\u00bb9846&#8243; img_size=\u00bb600&#215;200&#8243; alignment=\u00bbcenter\u00bb][vc_video link=\u00bbhttps:\/\/www.facebook.com\/goierrieskola\/videos\/355974095237993\/\u00bb align=\u00bbcenter\u00bb][\/vc_column][\/vc_row][vc_row][vc_column][\/vc_column][\/vc_row]<\/p>\n","protected":false},"excerpt":{"rendered":"<p>[vc_row][vc_column][vc_custom_heading text=\u00bbRAQUEL DE OLIVEIRA: Exalumna de Formaci\u00f3n Profesional\u00bb google_fonts=\u00bbfont_family:Raleway%3A100%2C200%2C300%2Cregular%2C500%2C600%2C700%2C800%2C900&#8243;][\/vc_column][\/vc_row][vc_row][vc_column width=\u00bb1\/2&#8243;][vc_column_text]Raquel de Oliveira, ordiziarra, mueve\u00a0 ficha r\u00e1pido si algo no le gusta o ve que tiene que cambiar. No para hasta encontrar aquello que busca. Antes y ahora. Se aburr\u00eda en clase. Abandon\u00f3 los estudios de secundaria y se matricul\u00f3 en Goierri Eskola para obtener el t\u00edtulo b\u00e1sico en Cocina y [&hellip;]<\/p>\n","protected":false},"author":1,"featured_media":9844,"comment_status":"closed","ping_status":"closed","sticky":false,"template":"","format":"standard","meta":{"footnotes":""},"categories":[116],"tags":[],"class_list":["post-9852","post","type-post","status-publish","format-standard","has-post-thumbnail","hentry","category-gure_enbaxadoreak-es"],"yoast_head":"<!-- This site is optimized with the Yoast SEO plugin v27.4 - https:\/\/yoast.com\/product\/yoast-seo-wordpress\/ -->\n<title>GURE ENBAXADOREAK: RAQUEL DE OLIVEIRA - Goierri Eskola<\/title>\n<meta name=\"robots\" content=\"index, follow, max-snippet:-1, max-image-preview:large, max-video-preview:-1\" \/>\n<link rel=\"canonical\" href=\"https:\/\/www.goierrieskola.eus\/es\/gure-enbaxadoreak-raquel-de-oliveira\/\" \/>\n<meta property=\"og:locale\" content=\"es_ES\" \/>\n<meta property=\"og:type\" content=\"article\" \/>\n<meta property=\"og:title\" content=\"GURE ENBAXADOREAK: RAQUEL DE OLIVEIRA - Goierri Eskola\" \/>\n<meta property=\"og:description\" content=\"[vc_row][vc_column][vc_custom_heading text=\u00bbRAQUEL DE OLIVEIRA: Exalumna de Formaci\u00f3n Profesional\u00bb google_fonts=\u00bbfont_family:Raleway%3A100%2C200%2C300%2Cregular%2C500%2C600%2C700%2C800%2C900&#8243;][\/vc_column][\/vc_row][vc_row][vc_column width=\u00bb1\/2&#8243;][vc_column_text]Raquel de Oliveira, ordiziarra, mueve\u00a0 ficha r\u00e1pido si algo no le gusta o ve que tiene que cambiar. No para hasta encontrar aquello que busca. Antes y ahora. Se aburr\u00eda en clase. Abandon\u00f3 los estudios de secundaria y se matricul\u00f3 en Goierri Eskola para obtener el t\u00edtulo b\u00e1sico en Cocina y [&hellip;]\" \/>\n<meta property=\"og:url\" content=\"https:\/\/www.goierrieskola.eus\/es\/gure-enbaxadoreak-raquel-de-oliveira\/\" \/>\n<meta property=\"og:site_name\" content=\"Goierri Eskola\" \/>\n<meta property=\"article:publisher\" content=\"https:\/\/www.facebook.com\/goierrieskola\" \/>\n<meta property=\"article:published_time\" content=\"2019-01-17T10:15:42+00:00\" \/>\n<meta property=\"article:modified_time\" content=\"2019-01-17T14:59:16+00:00\" \/>\n<meta property=\"og:image\" content=\"https:\/\/www.goierrieskola.eus\/wp-content\/uploads\/2019\/01\/IMG_4136-slide-1024x364.jpg\" \/>\n\t<meta property=\"og:image:width\" content=\"1024\" \/>\n\t<meta property=\"og:image:height\" content=\"364\" \/>\n\t<meta property=\"og:image:type\" content=\"image\/jpeg\" \/>\n<meta name=\"author\" content=\"goierrieskolaAdm\" \/>\n<meta name=\"twitter:card\" content=\"summary_large_image\" \/>\n<meta name=\"twitter:creator\" content=\"@Goierrieskola1\" \/>\n<meta name=\"twitter:site\" content=\"@Goierrieskola1\" \/>\n<meta name=\"twitter:label1\" content=\"Escrito por\" \/>\n\t<meta name=\"twitter:data1\" content=\"goierrieskolaAdm\" \/>\n\t<meta name=\"twitter:label2\" content=\"Tiempo de lectura\" \/>\n\t<meta name=\"twitter:data2\" content=\"6 minutos\" \/>\n<script type=\"application\/ld+json\" class=\"yoast-schema-graph\">{\"@context\":\"https:\\\/\\\/schema.org\",\"@graph\":[{\"@type\":\"Article\",\"@id\":\"https:\\\/\\\/www.goierrieskola.eus\\\/es\\\/gure-enbaxadoreak-raquel-de-oliveira\\\/#article\",\"isPartOf\":{\"@id\":\"https:\\\/\\\/www.goierrieskola.eus\\\/es\\\/gure-enbaxadoreak-raquel-de-oliveira\\\/\"},\"author\":{\"name\":\"goierrieskolaAdm\",\"@id\":\"https:\\\/\\\/www.goierrieskola.eus\\\/#\\\/schema\\\/person\\\/b255e8eb1ca976b38e1ee0d39a5cef90\"},\"headline\":\"GURE ENBAXADOREAK: RAQUEL DE OLIVEIRA\",\"datePublished\":\"2019-01-17T10:15:42+00:00\",\"dateModified\":\"2019-01-17T14:59:16+00:00\",\"mainEntityOfPage\":{\"@id\":\"https:\\\/\\\/www.goierrieskola.eus\\\/es\\\/gure-enbaxadoreak-raquel-de-oliveira\\\/\"},\"wordCount\":1216,\"publisher\":{\"@id\":\"https:\\\/\\\/www.goierrieskola.eus\\\/#organization\"},\"image\":{\"@id\":\"https:\\\/\\\/www.goierrieskola.eus\\\/es\\\/gure-enbaxadoreak-raquel-de-oliveira\\\/#primaryimage\"},\"thumbnailUrl\":\"https:\\\/\\\/www.goierrieskola.eus\\\/wp-content\\\/uploads\\\/2019\\\/01\\\/IMG_4136-slide.jpg\",\"articleSection\":[\"Gure Enbaxadoreak\"],\"inLanguage\":\"es\"},{\"@type\":\"WebPage\",\"@id\":\"https:\\\/\\\/www.goierrieskola.eus\\\/es\\\/gure-enbaxadoreak-raquel-de-oliveira\\\/\",\"url\":\"https:\\\/\\\/www.goierrieskola.eus\\\/es\\\/gure-enbaxadoreak-raquel-de-oliveira\\\/\",\"name\":\"GURE ENBAXADOREAK: RAQUEL DE OLIVEIRA - Goierri Eskola\",\"isPartOf\":{\"@id\":\"https:\\\/\\\/www.goierrieskola.eus\\\/#website\"},\"primaryImageOfPage\":{\"@id\":\"https:\\\/\\\/www.goierrieskola.eus\\\/es\\\/gure-enbaxadoreak-raquel-de-oliveira\\\/#primaryimage\"},\"image\":{\"@id\":\"https:\\\/\\\/www.goierrieskola.eus\\\/es\\\/gure-enbaxadoreak-raquel-de-oliveira\\\/#primaryimage\"},\"thumbnailUrl\":\"https:\\\/\\\/www.goierrieskola.eus\\\/wp-content\\\/uploads\\\/2019\\\/01\\\/IMG_4136-slide.jpg\",\"datePublished\":\"2019-01-17T10:15:42+00:00\",\"dateModified\":\"2019-01-17T14:59:16+00:00\",\"breadcrumb\":{\"@id\":\"https:\\\/\\\/www.goierrieskola.eus\\\/es\\\/gure-enbaxadoreak-raquel-de-oliveira\\\/#breadcrumb\"},\"inLanguage\":\"es\",\"potentialAction\":[{\"@type\":\"ReadAction\",\"target\":[\"https:\\\/\\\/www.goierrieskola.eus\\\/es\\\/gure-enbaxadoreak-raquel-de-oliveira\\\/\"]}]},{\"@type\":\"ImageObject\",\"inLanguage\":\"es\",\"@id\":\"https:\\\/\\\/www.goierrieskola.eus\\\/es\\\/gure-enbaxadoreak-raquel-de-oliveira\\\/#primaryimage\",\"url\":\"https:\\\/\\\/www.goierrieskola.eus\\\/wp-content\\\/uploads\\\/2019\\\/01\\\/IMG_4136-slide.jpg\",\"contentUrl\":\"https:\\\/\\\/www.goierrieskola.eus\\\/wp-content\\\/uploads\\\/2019\\\/01\\\/IMG_4136-slide.jpg\",\"width\":3978,\"height\":1414},{\"@type\":\"BreadcrumbList\",\"@id\":\"https:\\\/\\\/www.goierrieskola.eus\\\/es\\\/gure-enbaxadoreak-raquel-de-oliveira\\\/#breadcrumb\",\"itemListElement\":[{\"@type\":\"ListItem\",\"position\":1,\"name\":\"Portada\",\"item\":\"https:\\\/\\\/www.goierrieskola.eus\\\/es\\\/\"},{\"@type\":\"ListItem\",\"position\":2,\"name\":\"GURE ENBAXADOREAK: RAQUEL DE OLIVEIRA\"}]},{\"@type\":\"WebSite\",\"@id\":\"https:\\\/\\\/www.goierrieskola.eus\\\/#website\",\"url\":\"https:\\\/\\\/www.goierrieskola.eus\\\/\",\"name\":\"Goierri Eskola\",\"description\":\"La Web de tu Escuela\",\"publisher\":{\"@id\":\"https:\\\/\\\/www.goierrieskola.eus\\\/#organization\"},\"potentialAction\":[{\"@type\":\"SearchAction\",\"target\":{\"@type\":\"EntryPoint\",\"urlTemplate\":\"https:\\\/\\\/www.goierrieskola.eus\\\/?s={search_term_string}\"},\"query-input\":{\"@type\":\"PropertyValueSpecification\",\"valueRequired\":true,\"valueName\":\"search_term_string\"}}],\"inLanguage\":\"es\"},{\"@type\":\"Organization\",\"@id\":\"https:\\\/\\\/www.goierrieskola.eus\\\/#organization\",\"name\":\"Goierri Eskola\",\"url\":\"https:\\\/\\\/www.goierrieskola.eus\\\/\",\"logo\":{\"@type\":\"ImageObject\",\"inLanguage\":\"es\",\"@id\":\"https:\\\/\\\/www.goierrieskola.eus\\\/#\\\/schema\\\/logo\\\/image\\\/\",\"url\":\"https:\\\/\\\/www.goierrieskola.eus\\\/wp-content\\\/uploads\\\/2014\\\/11\\\/Logo_color.jpg\",\"contentUrl\":\"https:\\\/\\\/www.goierrieskola.eus\\\/wp-content\\\/uploads\\\/2014\\\/11\\\/Logo_color.jpg\",\"width\":227,\"height\":88,\"caption\":\"Goierri Eskola\"},\"image\":{\"@id\":\"https:\\\/\\\/www.goierrieskola.eus\\\/#\\\/schema\\\/logo\\\/image\\\/\"},\"sameAs\":[\"https:\\\/\\\/www.facebook.com\\\/goierrieskola\",\"https:\\\/\\\/x.com\\\/Goierrieskola1\"]},{\"@type\":\"Person\",\"@id\":\"https:\\\/\\\/www.goierrieskola.eus\\\/#\\\/schema\\\/person\\\/b255e8eb1ca976b38e1ee0d39a5cef90\",\"name\":\"goierrieskolaAdm\",\"image\":{\"@type\":\"ImageObject\",\"inLanguage\":\"es\",\"@id\":\"https:\\\/\\\/secure.gravatar.com\\\/avatar\\\/e9fdf651f3112063fea88c97f94fa8ada68ce1854abd481c230f2310134a029e?s=96&d=mm&r=g\",\"url\":\"https:\\\/\\\/secure.gravatar.com\\\/avatar\\\/e9fdf651f3112063fea88c97f94fa8ada68ce1854abd481c230f2310134a029e?s=96&d=mm&r=g\",\"contentUrl\":\"https:\\\/\\\/secure.gravatar.com\\\/avatar\\\/e9fdf651f3112063fea88c97f94fa8ada68ce1854abd481c230f2310134a029e?s=96&d=mm&r=g\",\"caption\":\"goierrieskolaAdm\"},\"url\":\"https:\\\/\\\/www.goierrieskola.eus\\\/es\\\/author\\\/goierrieskolaadm\\\/\"}]}<\/script>\n<!-- \/ Yoast SEO plugin. -->","yoast_head_json":{"title":"GURE ENBAXADOREAK: RAQUEL DE OLIVEIRA - Goierri Eskola","robots":{"index":"index","follow":"follow","max-snippet":"max-snippet:-1","max-image-preview":"max-image-preview:large","max-video-preview":"max-video-preview:-1"},"canonical":"https:\/\/www.goierrieskola.eus\/es\/gure-enbaxadoreak-raquel-de-oliveira\/","og_locale":"es_ES","og_type":"article","og_title":"GURE ENBAXADOREAK: RAQUEL DE OLIVEIRA - Goierri Eskola","og_description":"[vc_row][vc_column][vc_custom_heading text=\u00bbRAQUEL DE OLIVEIRA: Exalumna de Formaci\u00f3n Profesional\u00bb google_fonts=\u00bbfont_family:Raleway%3A100%2C200%2C300%2Cregular%2C500%2C600%2C700%2C800%2C900&#8243;][\/vc_column][\/vc_row][vc_row][vc_column width=\u00bb1\/2&#8243;][vc_column_text]Raquel de Oliveira, ordiziarra, mueve\u00a0 ficha r\u00e1pido si algo no le gusta o ve que tiene que cambiar. No para hasta encontrar aquello que busca. Antes y ahora. Se aburr\u00eda en clase. Abandon\u00f3 los estudios de secundaria y se matricul\u00f3 en Goierri Eskola para obtener el t\u00edtulo b\u00e1sico en Cocina y [&hellip;]","og_url":"https:\/\/www.goierrieskola.eus\/es\/gure-enbaxadoreak-raquel-de-oliveira\/","og_site_name":"Goierri Eskola","article_publisher":"https:\/\/www.facebook.com\/goierrieskola","article_published_time":"2019-01-17T10:15:42+00:00","article_modified_time":"2019-01-17T14:59:16+00:00","og_image":[{"width":1024,"height":364,"url":"https:\/\/www.goierrieskola.eus\/wp-content\/uploads\/2019\/01\/IMG_4136-slide-1024x364.jpg","type":"image\/jpeg"}],"author":"goierrieskolaAdm","twitter_card":"summary_large_image","twitter_creator":"@Goierrieskola1","twitter_site":"@Goierrieskola1","twitter_misc":{"Escrito por":"goierrieskolaAdm","Tiempo de lectura":"6 minutos"},"schema":{"@context":"https:\/\/schema.org","@graph":[{"@type":"Article","@id":"https:\/\/www.goierrieskola.eus\/es\/gure-enbaxadoreak-raquel-de-oliveira\/#article","isPartOf":{"@id":"https:\/\/www.goierrieskola.eus\/es\/gure-enbaxadoreak-raquel-de-oliveira\/"},"author":{"name":"goierrieskolaAdm","@id":"https:\/\/www.goierrieskola.eus\/#\/schema\/person\/b255e8eb1ca976b38e1ee0d39a5cef90"},"headline":"GURE ENBAXADOREAK: RAQUEL DE OLIVEIRA","datePublished":"2019-01-17T10:15:42+00:00","dateModified":"2019-01-17T14:59:16+00:00","mainEntityOfPage":{"@id":"https:\/\/www.goierrieskola.eus\/es\/gure-enbaxadoreak-raquel-de-oliveira\/"},"wordCount":1216,"publisher":{"@id":"https:\/\/www.goierrieskola.eus\/#organization"},"image":{"@id":"https:\/\/www.goierrieskola.eus\/es\/gure-enbaxadoreak-raquel-de-oliveira\/#primaryimage"},"thumbnailUrl":"https:\/\/www.goierrieskola.eus\/wp-content\/uploads\/2019\/01\/IMG_4136-slide.jpg","articleSection":["Gure Enbaxadoreak"],"inLanguage":"es"},{"@type":"WebPage","@id":"https:\/\/www.goierrieskola.eus\/es\/gure-enbaxadoreak-raquel-de-oliveira\/","url":"https:\/\/www.goierrieskola.eus\/es\/gure-enbaxadoreak-raquel-de-oliveira\/","name":"GURE ENBAXADOREAK: RAQUEL DE OLIVEIRA - Goierri Eskola","isPartOf":{"@id":"https:\/\/www.goierrieskola.eus\/#website"},"primaryImageOfPage":{"@id":"https:\/\/www.goierrieskola.eus\/es\/gure-enbaxadoreak-raquel-de-oliveira\/#primaryimage"},"image":{"@id":"https:\/\/www.goierrieskola.eus\/es\/gure-enbaxadoreak-raquel-de-oliveira\/#primaryimage"},"thumbnailUrl":"https:\/\/www.goierrieskola.eus\/wp-content\/uploads\/2019\/01\/IMG_4136-slide.jpg","datePublished":"2019-01-17T10:15:42+00:00","dateModified":"2019-01-17T14:59:16+00:00","breadcrumb":{"@id":"https:\/\/www.goierrieskola.eus\/es\/gure-enbaxadoreak-raquel-de-oliveira\/#breadcrumb"},"inLanguage":"es","potentialAction":[{"@type":"ReadAction","target":["https:\/\/www.goierrieskola.eus\/es\/gure-enbaxadoreak-raquel-de-oliveira\/"]}]},{"@type":"ImageObject","inLanguage":"es","@id":"https:\/\/www.goierrieskola.eus\/es\/gure-enbaxadoreak-raquel-de-oliveira\/#primaryimage","url":"https:\/\/www.goierrieskola.eus\/wp-content\/uploads\/2019\/01\/IMG_4136-slide.jpg","contentUrl":"https:\/\/www.goierrieskola.eus\/wp-content\/uploads\/2019\/01\/IMG_4136-slide.jpg","width":3978,"height":1414},{"@type":"BreadcrumbList","@id":"https:\/\/www.goierrieskola.eus\/es\/gure-enbaxadoreak-raquel-de-oliveira\/#breadcrumb","itemListElement":[{"@type":"ListItem","position":1,"name":"Portada","item":"https:\/\/www.goierrieskola.eus\/es\/"},{"@type":"ListItem","position":2,"name":"GURE ENBAXADOREAK: RAQUEL DE OLIVEIRA"}]},{"@type":"WebSite","@id":"https:\/\/www.goierrieskola.eus\/#website","url":"https:\/\/www.goierrieskola.eus\/","name":"Goierri Eskola","description":"La Web de tu Escuela","publisher":{"@id":"https:\/\/www.goierrieskola.eus\/#organization"},"potentialAction":[{"@type":"SearchAction","target":{"@type":"EntryPoint","urlTemplate":"https:\/\/www.goierrieskola.eus\/?s={search_term_string}"},"query-input":{"@type":"PropertyValueSpecification","valueRequired":true,"valueName":"search_term_string"}}],"inLanguage":"es"},{"@type":"Organization","@id":"https:\/\/www.goierrieskola.eus\/#organization","name":"Goierri Eskola","url":"https:\/\/www.goierrieskola.eus\/","logo":{"@type":"ImageObject","inLanguage":"es","@id":"https:\/\/www.goierrieskola.eus\/#\/schema\/logo\/image\/","url":"https:\/\/www.goierrieskola.eus\/wp-content\/uploads\/2014\/11\/Logo_color.jpg","contentUrl":"https:\/\/www.goierrieskola.eus\/wp-content\/uploads\/2014\/11\/Logo_color.jpg","width":227,"height":88,"caption":"Goierri Eskola"},"image":{"@id":"https:\/\/www.goierrieskola.eus\/#\/schema\/logo\/image\/"},"sameAs":["https:\/\/www.facebook.com\/goierrieskola","https:\/\/x.com\/Goierrieskola1"]},{"@type":"Person","@id":"https:\/\/www.goierrieskola.eus\/#\/schema\/person\/b255e8eb1ca976b38e1ee0d39a5cef90","name":"goierrieskolaAdm","image":{"@type":"ImageObject","inLanguage":"es","@id":"https:\/\/secure.gravatar.com\/avatar\/e9fdf651f3112063fea88c97f94fa8ada68ce1854abd481c230f2310134a029e?s=96&d=mm&r=g","url":"https:\/\/secure.gravatar.com\/avatar\/e9fdf651f3112063fea88c97f94fa8ada68ce1854abd481c230f2310134a029e?s=96&d=mm&r=g","contentUrl":"https:\/\/secure.gravatar.com\/avatar\/e9fdf651f3112063fea88c97f94fa8ada68ce1854abd481c230f2310134a029e?s=96&d=mm&r=g","caption":"goierrieskolaAdm"},"url":"https:\/\/www.goierrieskola.eus\/es\/author\/goierrieskolaadm\/"}]}},"_links":{"self":[{"href":"https:\/\/www.goierrieskola.eus\/es\/wp-json\/wp\/v2\/posts\/9852","targetHints":{"allow":["GET"]}}],"collection":[{"href":"https:\/\/www.goierrieskola.eus\/es\/wp-json\/wp\/v2\/posts"}],"about":[{"href":"https:\/\/www.goierrieskola.eus\/es\/wp-json\/wp\/v2\/types\/post"}],"author":[{"embeddable":true,"href":"https:\/\/www.goierrieskola.eus\/es\/wp-json\/wp\/v2\/users\/1"}],"replies":[{"embeddable":true,"href":"https:\/\/www.goierrieskola.eus\/es\/wp-json\/wp\/v2\/comments?post=9852"}],"version-history":[{"count":3,"href":"https:\/\/www.goierrieskola.eus\/es\/wp-json\/wp\/v2\/posts\/9852\/revisions"}],"predecessor-version":[{"id":9859,"href":"https:\/\/www.goierrieskola.eus\/es\/wp-json\/wp\/v2\/posts\/9852\/revisions\/9859"}],"wp:featuredmedia":[{"embeddable":true,"href":"https:\/\/www.goierrieskola.eus\/es\/wp-json\/wp\/v2\/media\/9844"}],"wp:attachment":[{"href":"https:\/\/www.goierrieskola.eus\/es\/wp-json\/wp\/v2\/media?parent=9852"}],"wp:term":[{"taxonomy":"category","embeddable":true,"href":"https:\/\/www.goierrieskola.eus\/es\/wp-json\/wp\/v2\/categories?post=9852"},{"taxonomy":"post_tag","embeddable":true,"href":"https:\/\/www.goierrieskola.eus\/es\/wp-json\/wp\/v2\/tags?post=9852"}],"curies":[{"name":"wp","href":"https:\/\/api.w.org\/{rel}","templated":true}]}}